{"id":57338,"date":"2021-09-27T17:24:48","date_gmt":"2021-09-27T20:24:48","guid":{"rendered":"https:\/\/www.procon.go.gov.br\/?p=57338"},"modified":"2021-09-27T17:24:48","modified_gmt":"2021-09-27T20:24:48","slug":"escola-estadual-de-defesa-do-consumidor-realiza-1a-palestra-virtual-sobre-superendividamento","status":"publish","type":"post","link":"https:\/\/goias.gov.br\/procon\/escola-estadual-de-defesa-do-consumidor-realiza-1a-palestra-virtual-sobre-superendividamento\/","title":{"rendered":"Escola Estadual de Defesa do Consumidor realiza 1\u00aa palestra virtual sobre Superendividamento"},"content":{"rendered":"<p><em>Unidade foi reestruturada para oferecer cursos e palestras em modelo h\u00edbrido e alcan\u00e7ar maior n\u00famero de consumidores durante a pandemia<\/em><\/p>\n<p><strong>Goi\u00e2nia, 27 de setembro de 2021<\/strong> &#8211; A Escola Estadual de Defesa do Consumidor (EEDC) realiza nesta segunda-feira (27\/9) uma palestra on-line sobre o tema Superendividamento. Os convidados palestrantes s\u00e3o o conselheiro titular do Conselho Federal Gestor do Fundo de \u00a0Direitos Difusos do Minist\u00e9rio da Justi\u00e7a, Vitor Hugo do Amaral Ferreira, e pelo PHD em Direito do Consumidor pela Universidade Federal do Rio Grande do Sul (UFRGS), Di\u00f3genes Faria de Carvalho.<\/p>\n<p>A palestra ser\u00e1 mediada pelo superintendente do \u00f3rg\u00e3o Alex Augusto Vaz.<\/p>\n<p>A iniciativa, voltada para os representantes dos Procons Municipais e servidores estaduais , al\u00e9m dos consumidores e fornecedores em geral, teve o intuito de explicar mais sobre os ditames presentes na Lei n\u00b0 14.181\/21. &#8221; O Procon Goi\u00e1s pretende, atrav\u00e9s da retomada da EEDC, preparar os servidores dos \u00f3rg\u00e3os de defesa do consumidor para a realiza\u00e7\u00e3o de um atendimento eficaz, \u00e1gil e cort\u00eas. Para tal \u00e9 importante que eles tenham contanto com os principais especialistas na \u00e1rea do direito consemerista. \u00c9 exatamente isso que o evento de hoje se prop\u00f5e a realizar&#8221;, afirma Alex Augusto Vaz.<\/p>\n<p><strong>Reestrutura\u00e7\u00e3o<\/strong><\/p>\n<p>A EEDC ficou por um per\u00edodo com as atividades suspensas em raz\u00e3o da pandemia de Covid-19. Reestruturada por meio de uma portaria expedida no \u00faltimo dia 8 de setembro pela Secretaria de Seguran\u00e7a P\u00fablica, a unidade oferecer\u00e1 cursos de capacita\u00e7\u00e3o para servidores e fornecedores e cursos b\u00e1sicos sobre direito do consumidor e educa\u00e7\u00e3o financeira para toda a comunidade.<\/p>\n<p>O sistema de ensino ser\u00e1 h\u00edbrido, ou seja, contar\u00e1 com aulas on-line e presenciais que respeitar\u00e3o o distanciamento e todas as medidas recomendadas pela Organiza\u00e7\u00e3o Mundial da Sa\u00fade (OMS).<\/p>\n","protected":false},"excerpt":{"rendered":"<p>Unidade foi reestruturada para oferecer cursos e palestras em modelo h\u00edbrido e alcan\u00e7ar maior n\u00famero de consumidores durante a pandemia Goi\u00e2nia, 27 de setembro de 2021 &#8211; A Escola Estadual de Defesa do Consumidor (EEDC) realiza nesta segunda-feira (27\/9) uma palestra on-line sobre o tema Superendividamento. Os convidados palestrantes s\u00e3o o conselheiro titular do Conselho [&hellip;]<\/p>\n","protected":false},"author":34,"featured_media":57339,"comment_status":"closed","ping_status":"closed","sticky":false,"template":"","format":"standard","meta":{"footnotes":""},"categories":[7526],"tags":[],"class_list":["post-57338","post","type-post","status-publish","format-standard","has-post-thumbnail","hentry","category-noticias-procon"],"rttpg_featured_image_url":{"full":["https:\/\/goias.gov.br\/procon\/wp-content\/uploads\/sites\/19\/2021\/09\/WhatsApp-Image-2021-09-27-at-16.43.00.jpeg",820,820,false],"landscape":["https:\/\/goias.gov.br\/procon\/wp-content\/uploads\/sites\/19\/2021\/09\/WhatsApp-Image-2021-09-27-at-16.43.00.jpeg",820,820,false],"portraits":["https:\/\/goias.gov.br\/procon\/wp-content\/uploads\/sites\/19\/2021\/09\/WhatsApp-Image-2021-09-27-at-16.43.00.jpeg",820,820,false],"thumbnail":["https:\/\/goias.gov.br\/procon\/wp-content\/uploads\/sites\/19\/2021\/09\/WhatsApp-Image-2021-09-27-at-16.43.00-140x120.jpeg",140,120,true],"medium":["https:\/\/goias.gov.br\/procon\/wp-content\/uploads\/sites\/19\/2021\/09\/WhatsApp-Image-2021-09-27-at-16.43.00-200x200.jpeg",200,200,true],"large":["https:\/\/goias.gov.br\/procon\/wp-content\/uploads\/sites\/19\/2021\/09\/WhatsApp-Image-2021-09-27-at-16.43.00-350x350.jpeg",350,350,true],"1536x1536":["https:\/\/goias.gov.br\/procon\/wp-content\/uploads\/sites\/19\/2021\/09\/WhatsApp-Image-2021-09-27-at-16.43.00.jpeg",820,820,false],"2048x2048":["https:\/\/goias.gov.br\/procon\/wp-content\/uploads\/sites\/19\/2021\/09\/WhatsApp-Image-2021-09-27-at-16.43.00.jpeg",820,820,false]},"rttpg_author":{"display_name":"celsoassis","author_link":"https:\/\/goias.gov.br\/procon\/author\/celsoassis\/"},"rttpg_comment":0,"rttpg_category":"<a href=\"https:\/\/goias.gov.br\/procon\/categoria\/noticias-procon\/\" rel=\"category tag\">Not\u00edcias Procon Goi\u00e1s<\/a>","rttpg_excerpt":"Unidade foi reestruturada para oferecer cursos e palestras em modelo h\u00edbrido e alcan\u00e7ar maior n\u00famero de consumidores durante a pandemia Goi\u00e2nia, 27 de setembro de 2021 &#8211; A Escola Estadual de Defesa do Consumidor (EEDC) realiza nesta segunda-feira (27\/9) uma palestra on-line sobre o tema Superendividamento. Os convidados palestrantes s\u00e3o o conselheiro titular do Conselho&hellip;","_links":{"self":[{"href":"https:\/\/goias.gov.br\/procon\/wp-json\/wp\/v2\/posts\/57338","targetHints":{"allow":["GET"]}}],"collection":[{"href":"https:\/\/goias.gov.br\/procon\/wp-json\/wp\/v2\/posts"}],"about":[{"href":"https:\/\/goias.gov.br\/procon\/wp-json\/wp\/v2\/types\/post"}],"author":[{"embeddable":true,"href":"https:\/\/goias.gov.br\/procon\/wp-json\/wp\/v2\/users\/34"}],"replies":[{"embeddable":true,"href":"https:\/\/goias.gov.br\/procon\/wp-json\/wp\/v2\/comments?post=57338"}],"version-history":[{"count":0,"href":"https:\/\/goias.gov.br\/procon\/wp-json\/wp\/v2\/posts\/57338\/revisions"}],"wp:featuredmedia":[{"embeddable":true,"href":"https:\/\/goias.gov.br\/procon\/wp-json\/wp\/v2\/media\/57339"}],"wp:attachment":[{"href":"https:\/\/goias.gov.br\/procon\/wp-json\/wp\/v2\/media?parent=57338"}],"wp:term":[{"taxonomy":"category","embeddable":true,"href":"https:\/\/goias.gov.br\/procon\/wp-json\/wp\/v2\/categories?post=57338"},{"taxonomy":"post_tag","embeddable":true,"href":"https:\/\/goias.gov.br\/procon\/wp-json\/wp\/v2\/tags?post=57338"}],"curies":[{"name":"wp","href":"https:\/\/api.w.org\/{rel}","templated":true}]}}