
{"id":49437,"date":"2020-05-11T17:18:10","date_gmt":"2020-05-11T20:18:10","guid":{"rendered":"https:\/\/www.procon.go.gov.br\/?p=49437"},"modified":"2020-05-12T09:34:58","modified_gmt":"2020-05-12T12:34:58","slug":"procon-goias-e-decon-doam-5-quilometros-de-elastico-a-dgap-para-confeccao-de-mascaras-contra-o-coronavirus","status":"publish","type":"post","link":"https:\/\/goias.gov.br\/procon\/procon-goias-e-decon-doam-5-quilometros-de-elastico-a-dgap-para-confeccao-de-mascaras-contra-o-coronavirus\/","title":{"rendered":"Procon Goi\u00e1s e Decon doam 5 quil\u00f4metros de el\u00e1stico \u00e0 DGAP para confec\u00e7\u00e3o de m\u00e1scaras contra o coronav\u00edrus"},"content":{"rendered":"<p><strong><img fetchpriority=\"high\" decoding=\"async\" class=\"alignleft size-large wp-image-49432\" src=\"\/procon\/wp-content\/uploads\/sites\/19\/2020\/05\/WhatsApp-Image-2020-05-11-at-16.54.33-400x350.jpeg\" alt=\"\" width=\"400\" height=\"350\" srcset=\"https:\/\/goias.gov.br\/procon\/wp-content\/uploads\/sites\/19\/2020\/05\/WhatsApp-Image-2020-05-11-at-16.54.33-400x350.jpeg 400w, https:\/\/goias.gov.br\/procon\/wp-content\/uploads\/sites\/19\/2020\/05\/WhatsApp-Image-2020-05-11-at-16.54.33-220x192.jpeg 220w, https:\/\/goias.gov.br\/procon\/wp-content\/uploads\/sites\/19\/2020\/05\/WhatsApp-Image-2020-05-11-at-16.54.33-768x672.jpeg 768w, https:\/\/goias.gov.br\/procon\/wp-content\/uploads\/sites\/19\/2020\/05\/WhatsApp-Image-2020-05-11-at-16.54.33.jpeg 807w\" sizes=\"(max-width: 400px) 100vw, 400px\" \/>Goi\u00e2nia, 11 de maio de 2020<\/strong> &#8211; O Procon Goi\u00e1s e a Delegacia do Consumidor (Decon) realizaram, na manh\u00e3 desta segunda-feira, (11\/5), na sala do Delegado-Geral da Pol\u00edcia Civil (sede da Secretaria de Seguran\u00e7a P\u00fablica), a entrega de mais de 5 quil\u00f4metros de el\u00e1sticos \u00e0 Diretoria-Geral de Administra\u00e7\u00e3o Penitenci\u00e1ria (DGAP).<\/p>\n<p>As apreens\u00f5es foram feitas durante opera\u00e7\u00e3o conjunta realizada a partir da segunda quinzena de abril quando, por meio de decreto, passou a ser obrigat\u00f3rio o uso de m\u00e1scaras em local p\u00fablico.<\/p>\n<p>Den\u00fancias nos \u00f3rg\u00e3os de prote\u00e7\u00e3o ao consumidor apontaram para o poss\u00edvel aumento desse item utilizado na confec\u00e7\u00e3o das m\u00e1scaras.<\/p>\n<p>O material ser\u00e1 utilizado para confec\u00e7\u00e3o de m\u00e1scaras de prote\u00e7\u00e3o realizada por detentos do complexo prisional de Aparecida de Goi\u00e2nia. A destina\u00e7\u00e3o foi feita por medida judicial, ap\u00f3s apresenta\u00e7\u00e3o do material apreendido ao Poder Judici\u00e1rio para a determina\u00e7\u00e3o da sua destina\u00e7\u00e3o final.<\/p>\n<p>A fiscaliza\u00e7\u00e3o realizada em lojas de aviamento em Campinas e no centro de Goi\u00e2nia constatou que el\u00e1sticos eram vendidos sem as devidas especifica\u00e7\u00f5es como proced\u00eancia, valor ou, em alguns casos, de forma adulterada, como el\u00e1sticos sendo vendidos cortados ao meio.<\/p>\n<p>De acordo com o gerente de Fiscaliza\u00e7\u00e3o do Procon Goi\u00e1s, Antonisio Teixeira, ocorreu em fun\u00e7\u00e3o da falta de informa\u00e7\u00f5es e caracter\u00edsticas como o comprimento, por exemplo, al\u00e9m da adultera\u00e7\u00e3o. \u201cComo n\u00e3o tinha pre\u00e7o, origem, n\u00e3o tinha absolutamente nada, o produto foi apreendido de acordo com o Artigo 31 do C\u00f3digo de Defesa do Consumidor\u201d, explica.<\/p>\n<p><strong>Parceria<\/strong><br \/>\nPara o delegado titular da Delegacia Estadual de Repress\u00e3o a Crimes contra o Consumidor (Decon), Gylson Mariano, a <img decoding=\"async\" class=\"alignright wp-image-49433\" src=\"\/procon\/wp-content\/uploads\/sites\/19\/2020\/05\/elasticos2-450x338.jpeg\" alt=\"\" width=\"401\" height=\"301\" srcset=\"https:\/\/goias.gov.br\/procon\/wp-content\/uploads\/sites\/19\/2020\/05\/elasticos2-450x338.jpeg 450w, https:\/\/goias.gov.br\/procon\/wp-content\/uploads\/sites\/19\/2020\/05\/elasticos2-220x165.jpeg 220w, https:\/\/goias.gov.br\/procon\/wp-content\/uploads\/sites\/19\/2020\/05\/elasticos2-768x576.jpeg 768w, https:\/\/goias.gov.br\/procon\/wp-content\/uploads\/sites\/19\/2020\/05\/elasticos2-400x300.jpeg 400w, https:\/\/goias.gov.br\/procon\/wp-content\/uploads\/sites\/19\/2020\/05\/elasticos2.jpeg 820w\" sizes=\"(max-width: 401px) 100vw, 401px\" \/>parceria com o Procon Goi\u00e1s tem sido fundamental. \u201cQuando os \u00f3rg\u00e3os de defesa do consumidor somam os seus esfor\u00e7os no trabalho, a gente consegue obter um resultado melhor. E muitas condutas que prejudicam o consumidor, al\u00e9m de configurarem uma infra\u00e7\u00e3o administrativa, podem tamb\u00e9m configurar crime. Ent\u00e3o, essa atua\u00e7\u00e3o nossa em conjunto, ajuda muito um dando apoio \u00a0ao outro, para que a gente possa atuar da maneira mais abrangente poss\u00edvel na prote\u00e7\u00e3o do consumidor\u201d, afirma.<\/p>\n<p><strong>M\u00e1scaras ser\u00e3o doadas a servidores da sa\u00fade e seguran\u00e7a p\u00fablica do Estado de Goi\u00e1s<\/strong><\/p>\n<p>O diretor-geral de Administra\u00e7\u00e3o Penitenci\u00e1ria, coronel Agnaldo Augusto da Cruz, disse que o material ser\u00e1 utilizado na confec\u00e7\u00e3o de m\u00e1scaras por detentos do Complexo Prisional de Aparecida de Goi\u00e2nia para posterior doa\u00e7\u00e3o aos profissionais de sa\u00fade e servidores da seguran\u00e7a p\u00fablica do Estado de Goi\u00e1s, que integram a linha de frente do combate contra o coronav\u00edrus.<\/p>\n<p>\u201cEsse material ser\u00e1 utilizado na produ\u00e7\u00e3o de m\u00e1scaras de prote\u00e7\u00e3o individual e essas m\u00e1scaras, depois de confeccionadas, ser\u00e3o distribu\u00eddas para os \u00f3rg\u00e3os de seguran\u00e7a e para os setores de sa\u00fade do estado. Todas ser\u00e3o distribu\u00eddas gratuitamente\u201d, diz.<\/p>\n<div id='gallery-1' class='gallery galleryid-49437 gallery-columns-3 gallery-size-thumbnail'><figure class='gallery-item'>\n\t\t\t<div class='gallery-icon portrait'>\n\t\t\t\t<a href='https:\/\/goias.gov.br\/procon\/whatsapp-image-2020-04-22-at-14-34-47\/'><img decoding=\"async\" width=\"140\" height=\"120\" src=\"https:\/\/goias.gov.br\/procon\/wp-content\/uploads\/sites\/19\/2020\/05\/WhatsApp-Image-2020-04-22-at-14.34.47-140x120.jpeg\" class=\"attachment-thumbnail size-thumbnail\" alt=\"\" srcset=\"https:\/\/goias.gov.br\/procon\/wp-content\/uploads\/sites\/19\/2020\/05\/WhatsApp-Image-2020-04-22-at-14.34.47-140x120.jpeg 140w, https:\/\/goias.gov.br\/procon\/wp-content\/uploads\/sites\/19\/2020\/05\/WhatsApp-Image-2020-04-22-at-14.34.47-255x220.jpeg 255w\" sizes=\"(max-width: 140px) 100vw, 140px\" \/><\/a>\n\t\t\t<\/div><\/figure><figure class='gallery-item'>\n\t\t\t<div class='gallery-icon landscape'>\n\t\t\t\t<a href='https:\/\/goias.gov.br\/procon\/elasticos2\/'><img loading=\"lazy\" decoding=\"async\" width=\"140\" height=\"120\" src=\"https:\/\/goias.gov.br\/procon\/wp-content\/uploads\/sites\/19\/2020\/05\/elasticos2-140x120.jpeg\" class=\"attachment-thumbnail size-thumbnail\" alt=\"\" srcset=\"https:\/\/goias.gov.br\/procon\/wp-content\/uploads\/sites\/19\/2020\/05\/elasticos2-140x120.jpeg 140w, https:\/\/goias.gov.br\/procon\/wp-content\/uploads\/sites\/19\/2020\/05\/elasticos2-255x220.jpeg 255w\" sizes=\"(max-width: 140px) 100vw, 140px\" \/><\/a>\n\t\t\t<\/div><\/figure><figure class='gallery-item'>\n\t\t\t<div class='gallery-icon landscape'>\n\t\t\t\t<a href='https:\/\/goias.gov.br\/procon\/whatsapp-image-2020-05-11-at-16-54-33\/'><img loading=\"lazy\" decoding=\"async\" width=\"140\" height=\"120\" src=\"https:\/\/goias.gov.br\/procon\/wp-content\/uploads\/sites\/19\/2020\/05\/WhatsApp-Image-2020-05-11-at-16.54.33-140x120.jpeg\" class=\"attachment-thumbnail size-thumbnail\" alt=\"\" srcset=\"https:\/\/goias.gov.br\/procon\/wp-content\/uploads\/sites\/19\/2020\/05\/WhatsApp-Image-2020-05-11-at-16.54.33-140x120.jpeg 140w, https:\/\/goias.gov.br\/procon\/wp-content\/uploads\/sites\/19\/2020\/05\/WhatsApp-Image-2020-05-11-at-16.54.33-255x220.jpeg 255w\" sizes=\"(max-width: 140px) 100vw, 140px\" \/><\/a>\n\t\t\t<\/div><\/figure>\n\t\t<\/div>\n\n","protected":false},"excerpt":{"rendered":"<p>Goi\u00e2nia, 11 de maio de 2020 &#8211; O Procon Goi\u00e1s e a Delegacia do Consumidor (Decon) realizaram, na manh\u00e3 desta segunda-feira, (11\/5), na sala do Delegado-Geral da Pol\u00edcia Civil (sede da Secretaria de Seguran\u00e7a P\u00fablica), a entrega de mais de 5 quil\u00f4metros de el\u00e1sticos \u00e0 Diretoria-Geral de Administra\u00e7\u00e3o Penitenci\u00e1ria (DGAP). As apreens\u00f5es foram feitas durante [&hellip;]<\/p>\n","protected":false},"author":34,"featured_media":49436,"comment_status":"closed","ping_status":"closed","sticky":false,"template":"","format":"standard","meta":{"footnotes":""},"categories":[7526],"tags":[],"class_list":["post-49437","post","type-post","status-publish","format-standard","has-post-thumbnail","hentry","category-noticias-procon"],"rttpg_featured_image_url":{"full":["https:\/\/goias.gov.br\/procon\/wp-content\/uploads\/sites\/19\/2020\/05\/WhatsApp-Image-2020-04-22-at-14.34.47.jpeg",615,820,false],"landscape":["https:\/\/goias.gov.br\/procon\/wp-content\/uploads\/sites\/19\/2020\/05\/WhatsApp-Image-2020-04-22-at-14.34.47.jpeg",615,820,false],"portraits":["https:\/\/goias.gov.br\/procon\/wp-content\/uploads\/sites\/19\/2020\/05\/WhatsApp-Image-2020-04-22-at-14.34.47.jpeg",615,820,false],"thumbnail":["https:\/\/goias.gov.br\/procon\/wp-content\/uploads\/sites\/19\/2020\/05\/WhatsApp-Image-2020-04-22-at-14.34.47-140x120.jpeg",140,120,true],"medium":["https:\/\/goias.gov.br\/procon\/wp-content\/uploads\/sites\/19\/2020\/05\/WhatsApp-Image-2020-04-22-at-14.34.47-150x200.jpeg",150,200,true],"large":["https:\/\/goias.gov.br\/procon\/wp-content\/uploads\/sites\/19\/2020\/05\/WhatsApp-Image-2020-04-22-at-14.34.47-263x350.jpeg",263,350,true],"1536x1536":["https:\/\/goias.gov.br\/procon\/wp-content\/uploads\/sites\/19\/2020\/05\/WhatsApp-Image-2020-04-22-at-14.34.47.jpeg",615,820,false],"2048x2048":["https:\/\/goias.gov.br\/procon\/wp-content\/uploads\/sites\/19\/2020\/05\/WhatsApp-Image-2020-04-22-at-14.34.47.jpeg",615,820,false]},"rttpg_author":{"display_name":"celsoassis","author_link":"https:\/\/goias.gov.br\/procon\/author\/celsoassis\/"},"rttpg_comment":0,"rttpg_category":"<a href=\"https:\/\/goias.gov.br\/procon\/categoria\/noticias-procon\/\" rel=\"category tag\">Not\u00edcias Procon Goi\u00e1s<\/a>","rttpg_excerpt":"Goi\u00e2nia, 11 de maio de 2020 &#8211; O Procon Goi\u00e1s e a Delegacia do Consumidor (Decon) realizaram, na manh\u00e3 desta segunda-feira, (11\/5), na sala do Delegado-Geral da Pol\u00edcia Civil (sede da Secretaria de Seguran\u00e7a P\u00fablica), a entrega de mais de 5 quil\u00f4metros de el\u00e1sticos \u00e0 Diretoria-Geral de Administra\u00e7\u00e3o Penitenci\u00e1ria (DGAP). As apreens\u00f5es foram feitas durante&hellip;","_links":{"self":[{"href":"https:\/\/goias.gov.br\/procon\/wp-json\/wp\/v2\/posts\/49437","targetHints":{"allow":["GET"]}}],"collection":[{"href":"https:\/\/goias.gov.br\/procon\/wp-json\/wp\/v2\/posts"}],"about":[{"href":"https:\/\/goias.gov.br\/procon\/wp-json\/wp\/v2\/types\/post"}],"author":[{"embeddable":true,"href":"https:\/\/goias.gov.br\/procon\/wp-json\/wp\/v2\/users\/34"}],"replies":[{"embeddable":true,"href":"https:\/\/goias.gov.br\/procon\/wp-json\/wp\/v2\/comments?post=49437"}],"version-history":[{"count":0,"href":"https:\/\/goias.gov.br\/procon\/wp-json\/wp\/v2\/posts\/49437\/revisions"}],"wp:featuredmedia":[{"embeddable":true,"href":"https:\/\/goias.gov.br\/procon\/wp-json\/wp\/v2\/media\/49436"}],"wp:attachment":[{"href":"https:\/\/goias.gov.br\/procon\/wp-json\/wp\/v2\/media?parent=49437"}],"wp:term":[{"taxonomy":"category","embeddable":true,"href":"https:\/\/goias.gov.br\/procon\/wp-json\/wp\/v2\/categories?post=49437"},{"taxonomy":"post_tag","embeddable":true,"href":"https:\/\/goias.gov.br\/procon\/wp-json\/wp\/v2\/tags?post=49437"}],"curies":[{"name":"wp","href":"https:\/\/api.w.org\/{rel}","templated":true}]}}