
{"id":49208,"date":"2020-04-29T10:07:04","date_gmt":"2020-04-29T13:07:04","guid":{"rendered":"https:\/\/www.procon.go.gov.br\/?p=49208"},"modified":"2020-04-29T10:07:04","modified_gmt":"2020-04-29T13:07:04","slug":"portaria-005-2020-ssp","status":"publish","type":"post","link":"https:\/\/goias.gov.br\/procon\/portaria-005-2020-ssp\/","title":{"rendered":"Portaria 005\/2020 &#8211; SSP"},"content":{"rendered":"<p>Acesse aqui a <a href=\"\/procon\/wp-content\/uploads\/sites\/19\/2020\/04\/SEI_GOVERNADORIA-000012753050-Portaria-005-prazo-de-processos.pdf\">Portaria 005\/2020 &#8211; SSP<\/a>, que prorroga a suspens\u00e3o dos prazos nos processos administrativos no \u00e2mbito da Superintend\u00eancia de Prote\u00e7\u00e3o aos Direitos do Consumidor, com vistas \u00e0 preven\u00e7\u00e3o ao cont\u00e1gio pela COVID-19.<\/p>\n<p>&nbsp;<\/p>\n","protected":false},"excerpt":{"rendered":"<p>Acesse aqui a Portaria 005\/2020 &#8211; SSP, que prorroga a suspens\u00e3o dos prazos nos processos administrativos no \u00e2mbito da Superintend\u00eancia de Prote\u00e7\u00e3o aos Direitos do Consumidor, com vistas \u00e0 preven\u00e7\u00e3o ao cont\u00e1gio pela COVID-19. &nbsp;<\/p>\n","protected":false},"author":34,"featured_media":0,"comment_status":"closed","ping_status":"closed","sticky":false,"template":"","format":"standard","meta":{"footnotes":""},"categories":[17],"tags":[],"class_list":["post-49208","post","type-post","status-publish","format-standard","hentry","category-legislacao"],"rttpg_featured_image_url":null,"rttpg_author":{"display_name":"celsoassis","author_link":"https:\/\/goias.gov.br\/procon\/author\/celsoassis\/"},"rttpg_comment":0,"rttpg_category":"<a href=\"https:\/\/goias.gov.br\/procon\/categoria\/legislacao\/\" rel=\"category tag\">Legisla\u00e7\u00e3o<\/a>","rttpg_excerpt":"Acesse aqui a Portaria 005\/2020 &#8211; SSP, que prorroga a suspens\u00e3o dos prazos nos processos administrativos no \u00e2mbito da Superintend\u00eancia de Prote\u00e7\u00e3o aos Direitos do Consumidor, com vistas \u00e0 preven\u00e7\u00e3o ao cont\u00e1gio pela COVID-19. &nbsp;","_links":{"self":[{"href":"https:\/\/goias.gov.br\/procon\/wp-json\/wp\/v2\/posts\/49208","targetHints":{"allow":["GET"]}}],"collection":[{"href":"https:\/\/goias.gov.br\/procon\/wp-json\/wp\/v2\/posts"}],"about":[{"href":"https:\/\/goias.gov.br\/procon\/wp-json\/wp\/v2\/types\/post"}],"author":[{"embeddable":true,"href":"https:\/\/goias.gov.br\/procon\/wp-json\/wp\/v2\/users\/34"}],"replies":[{"embeddable":true,"href":"https:\/\/goias.gov.br\/procon\/wp-json\/wp\/v2\/comments?post=49208"}],"version-history":[{"count":0,"href":"https:\/\/goias.gov.br\/procon\/wp-json\/wp\/v2\/posts\/49208\/revisions"}],"wp:attachment":[{"href":"https:\/\/goias.gov.br\/procon\/wp-json\/wp\/v2\/media?parent=49208"}],"wp:term":[{"taxonomy":"category","embeddable":true,"href":"https:\/\/goias.gov.br\/procon\/wp-json\/wp\/v2\/categories?post=49208"},{"taxonomy":"post_tag","embeddable":true,"href":"https:\/\/goias.gov.br\/procon\/wp-json\/wp\/v2\/tags?post=49208"}],"curies":[{"name":"wp","href":"https:\/\/api.w.org\/{rel}","templated":true}]}}