
{"id":49022,"date":"2020-04-02T16:50:16","date_gmt":"2020-04-02T19:50:16","guid":{"rendered":"https:\/\/www.procon.go.gov.br\/?p=49022"},"modified":"2021-07-07T08:34:24","modified_gmt":"2021-07-07T11:34:24","slug":"contrato-no-050-2011-locacao-do-imovel","status":"publish","type":"post","link":"https:\/\/goias.gov.br\/procon\/contrato-no-050-2011-locacao-do-imovel\/","title":{"rendered":"Contrato n\u00ba 050\/2011 &#8211; Loca\u00e7\u00e3o do Im\u00f3vel"},"content":{"rendered":"<table border=\"0\" width=\"100%\" cellspacing=\"1\" cellpadding=\"1\">\n<tbody>\n<tr>\n<td>\n<p class=\"Tabela_Texto_Alinhado_Esquerda\" style=\"text-align: left;\"><strong>PROCESSO ADM N\u00ba:<\/strong><\/p>\n<\/td>\n<td>\n<p class=\"Tabela_Texto_Alinhado_Esquerda\">201100016000871<\/p>\n<\/td>\n<\/tr>\n<tr>\n<td>\n<p class=\"Tabela_Texto_Alinhado_Esquerda\" style=\"text-align: left;\"><strong>CONTRATO N\u00ba:<\/strong><\/p>\n<\/td>\n<td>\n<p class=\"Tabela_Texto_Alinhado_Esquerda\">050\/2011<\/p>\n<\/td>\n<\/tr>\n<tr>\n<td>\n<p class=\"Tabela_Texto_Alinhado_Esquerda\" style=\"text-align: left;\"><strong>LOCAT\u00c1RIO:<\/strong><\/p>\n<\/td>\n<td>\n<p class=\"Tabela_Texto_Alinhado_Esquerda\">ESTADO DE GOI\u00c1S, por meio da Secretaria de Estado da Seguran\u00e7a P\u00fablica &#8211; SSP GO.<\/p>\n<\/td>\n<\/tr>\n<tr>\n<td>\n<p class=\"Tabela_Texto_Alinhado_Esquerda\" style=\"text-align: left;\"><strong>LOCADOR:<\/strong><\/p>\n<\/td>\n<td>\n<p class=\"Tabela_Texto_Alinhado_Esquerda\">IRON GUILHERMINO DA COSTA<\/p>\n<\/td>\n<\/tr>\n<tr>\n<td>\n<p class=\"Tabela_Texto_Alinhado_Esquerda\" style=\"text-align: left;\"><strong>ENDERE\u00c7O\/DESCRI\u00c7\u00c3O DO IM\u00d3VEL\/FINALIDADE:<\/strong><\/p>\n<\/td>\n<td>\n<p class=\"Tabela_Texto_Alinhado_Esquerda\">O Edif\u00edcio Torres, localizado na Rua 08, n\u00ba 242, Qd. 05, Lt. 36, Setor Central, no munic\u00edpio de Goi\u00e2nia &#8211; GO, possui \u00e1rea total constru\u00edda de 1.854,08 m\u00b2 segmentada em sete pavimentos e atualmente abriga toda a estrutura administrativa e de atendimento ao consumidor do PROCON Goi\u00e1s, servindo-lhe, portanto, de sede.<\/p>\n<\/td>\n<\/tr>\n<tr>\n<td>\n<p class=\"Tabela_Texto_Alinhado_Esquerda\" style=\"text-align: left;\"><strong>VALOR DO ALUGUEL\/PRAZO DE LOCA\u00c7\u00c3O:<\/strong><\/p>\n<\/td>\n<td>VALOR DO ALUGUEL\/PRAZO DE LOCA\u00c7\u00c3O: O valor mensal da loca\u00e7\u00e3o \u00e9 de R$ 36.800,00 (trinta e seis mil e oitocentos reais), nos termos do \u00faltimo reajustamento do valor da loca\u00e7\u00e3o implementado pela Primeira Apostila ao Contrato n\u00ba 050\/2011; seu termo final, dar-se-\u00e1 no dia 21\/12\/2023, conforme ajustado por meio do Quarto Termo Aditivo ao contrato em ep\u00edgrafe.<\/td>\n<\/tr>\n<tr>\n<td>\n<p class=\"Tabela_Texto_Alinhado_Esquerda\" style=\"text-align: left;\"><strong>\u00cdNDICE DE REAJUSTE:<\/strong><\/p>\n<\/td>\n<td>\u00cdndice Geral de Pre\u00e7os do Mercado &#8211; IGP-M BRASIL<\/td>\n<\/tr>\n<\/tbody>\n<\/table>\n<p><strong><a href=\"\/procon\/wp-content\/uploads\/sites\/19\/2020\/04\/Lei_n__20.741__de_17_de_janeiro_de_2020__Transparencia_da_relacao_de_contratos_de_locacao_de_imoveis_-1.pdf\" target=\"_blank\" rel=\"noopener noreferrer\">Lei Estadual n\u00ba 20.741, de 17 de janeiro de 2020 em PDF<\/a><\/strong><\/p>\n","protected":false},"excerpt":{"rendered":"<p>Lei Estadual n\u00ba 20.741, de 17 de janeiro de 2020<\/p>\n","protected":false},"author":2,"featured_media":49024,"comment_status":"closed","ping_status":"closed","sticky":false,"template":"","format":"standard","meta":{"footnotes":""},"categories":[13026],"tags":[13027,13028],"class_list":["post-49022","post","type-post","status-publish","format-standard","has-post-thumbnail","hentry","category-informativos-servicos","tag-contrato-no-050-2011","tag-locacao-imovel"],"rttpg_featured_image_url":{"full":["https:\/\/goias.gov.br\/procon\/wp-content\/uploads\/sites\/19\/2020\/04\/locacao.imovel.jpg",684,456,false],"landscape":["https:\/\/goias.gov.br\/procon\/wp-content\/uploads\/sites\/19\/2020\/04\/locacao.imovel.jpg",684,456,false],"portraits":["https:\/\/goias.gov.br\/procon\/wp-content\/uploads\/sites\/19\/2020\/04\/locacao.imovel.jpg",684,456,false],"thumbnail":["https:\/\/goias.gov.br\/procon\/wp-content\/uploads\/sites\/19\/2020\/04\/locacao.imovel-140x120.jpg",140,120,true],"medium":["https:\/\/goias.gov.br\/procon\/wp-content\/uploads\/sites\/19\/2020\/04\/locacao.imovel-220x147.jpg",220,147,true],"large":["https:\/\/goias.gov.br\/procon\/wp-content\/uploads\/sites\/19\/2020\/04\/locacao.imovel-450x300.jpg",450,300,true],"1536x1536":["https:\/\/goias.gov.br\/procon\/wp-content\/uploads\/sites\/19\/2020\/04\/locacao.imovel.jpg",684,456,false],"2048x2048":["https:\/\/goias.gov.br\/procon\/wp-content\/uploads\/sites\/19\/2020\/04\/locacao.imovel.jpg",684,456,false]},"rttpg_author":{"display_name":"rogerioduarte","author_link":"https:\/\/goias.gov.br\/procon\/author\/rogerioduarte\/"},"rttpg_comment":0,"rttpg_category":"<a href=\"https:\/\/goias.gov.br\/procon\/categoria\/servicos\/informativos-servicos\/\" rel=\"category tag\">Informativos<\/a>","rttpg_excerpt":"Lei Estadual n\u00ba 20.741, de 17 de janeiro de 2020","_links":{"self":[{"href":"https:\/\/goias.gov.br\/procon\/wp-json\/wp\/v2\/posts\/49022","targetHints":{"allow":["GET"]}}],"collection":[{"href":"https:\/\/goias.gov.br\/procon\/wp-json\/wp\/v2\/posts"}],"about":[{"href":"https:\/\/goias.gov.br\/procon\/wp-json\/wp\/v2\/types\/post"}],"author":[{"embeddable":true,"href":"https:\/\/goias.gov.br\/procon\/wp-json\/wp\/v2\/users\/2"}],"replies":[{"embeddable":true,"href":"https:\/\/goias.gov.br\/procon\/wp-json\/wp\/v2\/comments?post=49022"}],"version-history":[{"count":0,"href":"https:\/\/goias.gov.br\/procon\/wp-json\/wp\/v2\/posts\/49022\/revisions"}],"wp:featuredmedia":[{"embeddable":true,"href":"https:\/\/goias.gov.br\/procon\/wp-json\/wp\/v2\/media\/49024"}],"wp:attachment":[{"href":"https:\/\/goias.gov.br\/procon\/wp-json\/wp\/v2\/media?parent=49022"}],"wp:term":[{"taxonomy":"category","embeddable":true,"href":"https:\/\/goias.gov.br\/procon\/wp-json\/wp\/v2\/categories?post=49022"},{"taxonomy":"post_tag","embeddable":true,"href":"https:\/\/goias.gov.br\/procon\/wp-json\/wp\/v2\/tags?post=49022"}],"curies":[{"name":"wp","href":"https:\/\/api.w.org\/{rel}","templated":true}]}}