
{"id":49014,"date":"2020-03-31T17:44:54","date_gmt":"2020-03-31T20:44:54","guid":{"rendered":"https:\/\/www.procon.go.gov.br\/?p=49014"},"modified":"2020-03-31T18:01:23","modified_gmt":"2020-03-31T21:01:23","slug":"procon-goias-mpf-go-e-mp-go-recomendam-medidas-para-garantir-manutencao-de-contratos-com-escolas-particulares-e-faculdades-durante-a-pandemia-do-coronavirus","status":"publish","type":"post","link":"https:\/\/goias.gov.br\/procon\/procon-goias-mpf-go-e-mp-go-recomendam-medidas-para-garantir-manutencao-de-contratos-com-escolas-particulares-e-faculdades-durante-a-pandemia-do-coronavirus\/","title":{"rendered":"Procon Goi\u00e1s, MPF-GO e MP-GO recomendam medidas para garantir manuten\u00e7\u00e3o de contratos com escolas particulares e faculdades durante a pandemia do coronav\u00edrus"},"content":{"rendered":"<p><strong>Procon Goi\u00e1s, MPF-GO e MP-GO recomendam medidas para garantir manuten\u00e7\u00e3o de contratos com escolas particulares e faculdades durante a pandemia do coronav\u00edrus<\/strong><\/p>\n<figure id=\"attachment_49017\" aria-describedby=\"caption-attachment-49017\" style=\"width: 450px\" class=\"wp-caption alignleft\"><img fetchpriority=\"high\" decoding=\"async\" class=\"wp-image-49017 size-large\" src=\"\/procon\/wp-content\/uploads\/sites\/19\/2020\/03\/reuniao-450x212.jpg\" alt=\"\" width=\"450\" height=\"212\" srcset=\"https:\/\/goias.gov.br\/procon\/wp-content\/uploads\/sites\/19\/2020\/03\/reuniao-450x212.jpg 450w, https:\/\/goias.gov.br\/procon\/wp-content\/uploads\/sites\/19\/2020\/03\/reuniao-220x104.jpg 220w, https:\/\/goias.gov.br\/procon\/wp-content\/uploads\/sites\/19\/2020\/03\/reuniao-400x189.jpg 400w, https:\/\/goias.gov.br\/procon\/wp-content\/uploads\/sites\/19\/2020\/03\/reuniao.jpg 737w\" sizes=\"(max-width: 450px) 100vw, 450px\" \/><figcaption id=\"caption-attachment-49017\" class=\"wp-caption-text\">Foto: Jo\u00e3o S\u00e9rgio<\/figcaption><\/figure>\n<p style=\"text-align: left;\"><strong>Goi\u00e2nia, 31 de mar\u00e7o de 2020<\/strong> &#8211; O Procon Goi\u00e1s, Minist\u00e9rio P\u00fablico do Estado de Goi\u00e1s (MP-GO) e o Minist\u00e9rio P\u00fablico Federal de Goi\u00e1s (MPF-GO) expediram, nesta ter\u00e7a-feira (31\/3), uma <a href=\"\/procon\/wp-content\/uploads\/sites\/19\/2020\/03\/recomendacaoconjuta.pdf\">recomenda\u00e7\u00e3o conjunta<\/a> \u00e0s institui\u00e7\u00f5es de ensino particular de todo o Estado de Goi\u00e1s, por \u00a0meio do Sindicato dos Estabelecimentos Particulares de Ensino do Estado de Goi\u00e1s (Sinepe-GO) e do Sindicato das Entidades Mantenedoras de Estabelecimentos de Ensino Superior do Estado de Goi\u00e1s (Semesg), no sentido de dirimir d\u00favidas e balizar as rela\u00e7\u00f5es contratuais e de consumo \u00a0deste segmento durante a pandemia provocada pelo coronav\u00edrus.<\/p>\n<p style=\"text-align: left;\">Por for\u00e7a de decreto estadual, como forma de preven\u00e7\u00e3o \u00e0 dissemina\u00e7\u00e3o do novo coronav\u00edrus, essas institui\u00e7\u00f5es tiveram que suspender as aulas presenciais. Durante este per\u00edodo de quarentena, o Procon Goi\u00e1s, o MP-GO e MPF-GO, com base na Nota T\u00e9cnica n\u00ba 14\/2020 emitida pela Secretaria Nacional do Consumidor (Senacon) no \u00faltimo dia 25 de mar\u00e7o, recomendam que as escolas particulares e faculdades adotem todas as medidas poss\u00edveis para garantir a manuten\u00e7\u00e3o dos contratos escolares vigentes, utilizando instrumentos alternativos para desenvolvimento das atividades escolares e cumprimento do calend\u00e1rio escolar.<\/p>\n<p style=\"text-align: left;\">Neste caso, a orienta\u00e7\u00e3o \u00e9 que as institui\u00e7\u00f5es recorram a ferramentas tecnol\u00f3gicas voltadas ao ensino \u00e0 dist\u00e2ncia, tanto para fins de exposi\u00e7\u00e3o de conte\u00fados quanto para avalia\u00e7\u00e3o peri\u00f3dica de aprendizagem e cumprimento de carga hor\u00e1ria. Tais medidas devem seguir as orienta\u00e7\u00f5es e normativas expedidas pelo Minist\u00e9rio da Educa\u00e7\u00e3o, pelo Conselho Nacional de Educa\u00e7\u00e3o e pelo Conselho Estadual de Educa\u00e7\u00e3o de Goi\u00e1s, bem como os direcionamentos do Minist\u00e9rio da Sa\u00fade e da Secretaria de Estado da Sa\u00fade de Goi\u00e1s, enquanto perdurar a suspens\u00e3o das aulas presenciais e o regime de aulas n\u00e3o-presenciais institu\u00eddo pela Resolu\u00e7\u00e3o CEE\/CP n. 02\/2020;<\/p>\n<p style=\"text-align: left;\">Conforme a mesma recomenda\u00e7\u00e3o, as institui\u00e7\u00f5es de ensino dever\u00e3o esclarecer os estudantes, pais ou respons\u00e1veis por eles sobre a impossibilidade moment\u00e2nea de presta\u00e7\u00e3o dos servi\u00e7os de forma presencial. As escolas e faculdades ter\u00e3o que disponibilizar canais de comunica\u00e7\u00e3o para o esclarecimento de d\u00favidas e eventual negocia\u00e7\u00e3o do contrato celebrado entre as partes, caso nenhuma das pondera\u00e7\u00f5es acima sejam atendidas ou haja interesse na imediata rescis\u00e3o contratual.<\/p>\n<p style=\"text-align: left;\">O superintendente do Procon Goi\u00e1s, Allen Viana, acredita que o bom senso deve prevalecer neste momento e adianta que o \u00f3rg\u00e3o prezar\u00e1 pela pacifica\u00e7\u00e3o nas rela\u00e7\u00f5es de consumo. \u201c\u00c9 uma das peculiaridades desse per\u00edodo porque n\u00e3o se trata de um mau servi\u00e7o que est\u00e1 sendo fornecido em fun\u00e7\u00e3o da m\u00e1-f\u00e9 do fornecedor. N\u00f3s estamos em uma din\u00e2mica nova na nossa cidade e no mundo inteiro, que afeta o consumidor, mas est\u00e1 afetando tamb\u00e9m o fornecedor e eles precisam equacionar. O que cabe ao Procon \u00e9 promover a pacifica\u00e7\u00e3o, o encontro da razoabilidade\u201d, afirma.<\/p>\n<p style=\"text-align: left;\">Vale ressaltar que os contratos educacionais possuem vig\u00eancia semestral ou anual, e apesar do parcelamento mensal, n\u00e3o h\u00e1 correla\u00e7\u00e3o entre o m\u00eas de pagamento e a presta\u00e7\u00e3o do servi\u00e7o, no caso, o ensino do conte\u00fado. Neste caso, a cobran\u00e7a de mensalidades mesmo durante o per\u00edodo de f\u00e9rias ou recesso ou ainda de afastamento tempor\u00e1rio, como \u00e9 o caso, se justifica desde que cumprida a carga hor\u00e1ria m\u00ednima definida pela Lei n\u00ba 9.394\/96.<\/p>\n<p style=\"text-align: left;\">\n","protected":false},"excerpt":{"rendered":"<p>Procon Goi\u00e1s, MPF-GO e MP-GO recomendam medidas para garantir manuten\u00e7\u00e3o de contratos com escolas particulares e faculdades durante a pandemia do coronav\u00edrus Goi\u00e2nia, 31 de mar\u00e7o de 2020 &#8211; O Procon Goi\u00e1s, Minist\u00e9rio P\u00fablico do Estado de Goi\u00e1s (MP-GO) e o Minist\u00e9rio P\u00fablico Federal de Goi\u00e1s (MPF-GO) expediram, nesta ter\u00e7a-feira (31\/3), uma recomenda\u00e7\u00e3o conjunta \u00e0s [&hellip;]<\/p>\n","protected":false},"author":34,"featured_media":2997,"comment_status":"closed","ping_status":"closed","sticky":false,"template":"","format":"standard","meta":{"footnotes":""},"categories":[7526],"tags":[13020,11223,13025,10502,13024,341,13023],"class_list":["post-49014","post","type-post","status-publish","format-standard","has-post-thumbnail","hentry","category-noticias-procon","tag-coronavirus","tag-escolas","tag-faculdades","tag-mp-go","tag-mpf-go","tag-procon-goias","tag-recomendacao-conjunta"],"rttpg_featured_image_url":{"full":["https:\/\/goias.gov.br\/procon\/wp-content\/uploads\/sites\/19\/2012\/01\/escolas-particulares3.jpg",400,265,false],"landscape":["https:\/\/goias.gov.br\/procon\/wp-content\/uploads\/sites\/19\/2012\/01\/escolas-particulares3.jpg",400,265,false],"portraits":["https:\/\/goias.gov.br\/procon\/wp-content\/uploads\/sites\/19\/2012\/01\/escolas-particulares3.jpg",400,265,false],"thumbnail":["https:\/\/goias.gov.br\/procon\/wp-content\/uploads\/sites\/19\/2012\/01\/escolas-particulares3-140x120.jpg",140,120,true],"medium":["https:\/\/goias.gov.br\/procon\/wp-content\/uploads\/sites\/19\/2012\/01\/escolas-particulares3-220x145.jpg",220,145,true],"large":["https:\/\/goias.gov.br\/procon\/wp-content\/uploads\/sites\/19\/2012\/01\/escolas-particulares3.jpg",400,265,false],"1536x1536":["https:\/\/goias.gov.br\/procon\/wp-content\/uploads\/sites\/19\/2012\/01\/escolas-particulares3.jpg",400,265,false],"2048x2048":["https:\/\/goias.gov.br\/procon\/wp-content\/uploads\/sites\/19\/2012\/01\/escolas-particulares3.jpg",400,265,false]},"rttpg_author":{"display_name":"celsoassis","author_link":"https:\/\/goias.gov.br\/procon\/author\/celsoassis\/"},"rttpg_comment":0,"rttpg_category":"<a href=\"https:\/\/goias.gov.br\/procon\/categoria\/noticias-procon\/\" rel=\"category tag\">Not\u00edcias Procon Goi\u00e1s<\/a>","rttpg_excerpt":"Procon Goi\u00e1s, MPF-GO e MP-GO recomendam medidas para garantir manuten\u00e7\u00e3o de contratos com escolas particulares e faculdades durante a pandemia do coronav\u00edrus Goi\u00e2nia, 31 de mar\u00e7o de 2020 &#8211; O Procon Goi\u00e1s, Minist\u00e9rio P\u00fablico do Estado de Goi\u00e1s (MP-GO) e o Minist\u00e9rio P\u00fablico Federal de Goi\u00e1s (MPF-GO) expediram, nesta ter\u00e7a-feira (31\/3), uma recomenda\u00e7\u00e3o conjunta \u00e0s&hellip;","_links":{"self":[{"href":"https:\/\/goias.gov.br\/procon\/wp-json\/wp\/v2\/posts\/49014","targetHints":{"allow":["GET"]}}],"collection":[{"href":"https:\/\/goias.gov.br\/procon\/wp-json\/wp\/v2\/posts"}],"about":[{"href":"https:\/\/goias.gov.br\/procon\/wp-json\/wp\/v2\/types\/post"}],"author":[{"embeddable":true,"href":"https:\/\/goias.gov.br\/procon\/wp-json\/wp\/v2\/users\/34"}],"replies":[{"embeddable":true,"href":"https:\/\/goias.gov.br\/procon\/wp-json\/wp\/v2\/comments?post=49014"}],"version-history":[{"count":0,"href":"https:\/\/goias.gov.br\/procon\/wp-json\/wp\/v2\/posts\/49014\/revisions"}],"wp:featuredmedia":[{"embeddable":true,"href":"https:\/\/goias.gov.br\/procon\/wp-json\/wp\/v2\/media\/2997"}],"wp:attachment":[{"href":"https:\/\/goias.gov.br\/procon\/wp-json\/wp\/v2\/media?parent=49014"}],"wp:term":[{"taxonomy":"category","embeddable":true,"href":"https:\/\/goias.gov.br\/procon\/wp-json\/wp\/v2\/categories?post=49014"},{"taxonomy":"post_tag","embeddable":true,"href":"https:\/\/goias.gov.br\/procon\/wp-json\/wp\/v2\/tags?post=49014"}],"curies":[{"name":"wp","href":"https:\/\/api.w.org\/{rel}","templated":true}]}}