
{"id":48970,"date":"2020-03-23T11:47:09","date_gmt":"2020-03-23T14:47:09","guid":{"rendered":"https:\/\/www.procon.go.gov.br\/?p=48970"},"modified":"2020-03-23T11:47:37","modified_gmt":"2020-03-23T14:47:37","slug":"portaria-004-2020","status":"publish","type":"post","link":"https:\/\/goias.gov.br\/procon\/portaria-004-2020\/","title":{"rendered":"Portaria 004\/2020"},"content":{"rendered":"<p style=\"text-align: left;\">Confira a <a href=\"\/procon\/wp-content\/uploads\/sites\/19\/2020\/03\/Portaria-004-2020.pdf\">Portaria 004\/2020,<\/a> que estabelece medidas tempor\u00e1rias de atendimento ao p\u00fablico externo, relacionadas ao Setor de Protocolo, da Ger\u00eancia de Atendimento, da<br \/>\nSuperintend\u00eancia de Prote\u00e7\u00e3o aos Direitos do Consumidor &#8211; PROCON GOI\u00c1S, com vistas \u00e0 preven\u00e7\u00e3o ao cont\u00e1gio pelo Novo Coronav\u00edrus (COVID-19).<\/p>\n","protected":false},"excerpt":{"rendered":"<p>Confira a Portaria 004\/2020, que estabelece medidas tempor\u00e1rias de atendimento ao p\u00fablico externo, relacionadas ao Setor de Protocolo, da Ger\u00eancia de Atendimento, da Superintend\u00eancia de Prote\u00e7\u00e3o aos Direitos do Consumidor &#8211; PROCON GOI\u00c1S, com vistas \u00e0 preven\u00e7\u00e3o ao cont\u00e1gio pelo Novo Coronav\u00edrus (COVID-19).<\/p>\n","protected":false},"author":34,"featured_media":0,"comment_status":"closed","ping_status":"closed","sticky":false,"template":"","format":"standard","meta":{"footnotes":""},"categories":[24],"tags":[],"class_list":["post-48970","post","type-post","status-publish","format-standard","hentry","category-portarias"],"rttpg_featured_image_url":null,"rttpg_author":{"display_name":"celsoassis","author_link":"https:\/\/goias.gov.br\/procon\/author\/celsoassis\/"},"rttpg_comment":0,"rttpg_category":"<a href=\"https:\/\/goias.gov.br\/procon\/categoria\/legislacao\/portarias\/\" rel=\"category tag\">Portarias<\/a>","rttpg_excerpt":"Confira a Portaria 004\/2020, que estabelece medidas tempor\u00e1rias de atendimento ao p\u00fablico externo, relacionadas ao Setor de Protocolo, da Ger\u00eancia de Atendimento, da Superintend\u00eancia de Prote\u00e7\u00e3o aos Direitos do Consumidor &#8211; PROCON GOI\u00c1S, com vistas \u00e0 preven\u00e7\u00e3o ao cont\u00e1gio pelo Novo Coronav\u00edrus (COVID-19).","_links":{"self":[{"href":"https:\/\/goias.gov.br\/procon\/wp-json\/wp\/v2\/posts\/48970","targetHints":{"allow":["GET"]}}],"collection":[{"href":"https:\/\/goias.gov.br\/procon\/wp-json\/wp\/v2\/posts"}],"about":[{"href":"https:\/\/goias.gov.br\/procon\/wp-json\/wp\/v2\/types\/post"}],"author":[{"embeddable":true,"href":"https:\/\/goias.gov.br\/procon\/wp-json\/wp\/v2\/users\/34"}],"replies":[{"embeddable":true,"href":"https:\/\/goias.gov.br\/procon\/wp-json\/wp\/v2\/comments?post=48970"}],"version-history":[{"count":0,"href":"https:\/\/goias.gov.br\/procon\/wp-json\/wp\/v2\/posts\/48970\/revisions"}],"wp:attachment":[{"href":"https:\/\/goias.gov.br\/procon\/wp-json\/wp\/v2\/media?parent=48970"}],"wp:term":[{"taxonomy":"category","embeddable":true,"href":"https:\/\/goias.gov.br\/procon\/wp-json\/wp\/v2\/categories?post=48970"},{"taxonomy":"post_tag","embeddable":true,"href":"https:\/\/goias.gov.br\/procon\/wp-json\/wp\/v2\/tags?post=48970"}],"curies":[{"name":"wp","href":"https:\/\/api.w.org\/{rel}","templated":true}]}}