
{"id":45920,"date":"2019-10-30T10:02:15","date_gmt":"2019-10-30T13:02:15","guid":{"rendered":"https:\/\/www.procon.go.gov.br\/?p=45920"},"modified":"2019-10-30T10:02:17","modified_gmt":"2019-10-30T13:02:17","slug":"procon-goias-divulga-nesta-quinta-31-10-pesquisa-de-precos-de-flores-e-coroas-para-o-dia-de-finados","status":"publish","type":"post","link":"https:\/\/goias.gov.br\/procon\/procon-goias-divulga-nesta-quinta-31-10-pesquisa-de-precos-de-flores-e-coroas-para-o-dia-de-finados\/","title":{"rendered":"Procon Goi\u00e1s divulga nesta quinta (31\/10) pesquisa de pre\u00e7os de flores e coroas para o Dia de Finados"},"content":{"rendered":"<p><strong>Procon Goi\u00e1s divulga nesta quinta (31\/10) pesquisa de pre\u00e7os de flores e coroas para o Dia de Finados<\/strong><\/p>\n<p><strong><img fetchpriority=\"high\" decoding=\"async\" class=\"alignleft size-large wp-image-45921\" src=\"\/procon\/wp-content\/uploads\/sites\/19\/2019\/10\/flores-450x240.jpg\" alt=\"\" width=\"450\" height=\"240\" srcset=\"https:\/\/goias.gov.br\/procon\/wp-content\/uploads\/sites\/19\/2019\/10\/flores-450x240.jpg 450w, https:\/\/goias.gov.br\/procon\/wp-content\/uploads\/sites\/19\/2019\/10\/flores-220x117.jpg 220w, https:\/\/goias.gov.br\/procon\/wp-content\/uploads\/sites\/19\/2019\/10\/flores-400x214.jpg 400w, https:\/\/goias.gov.br\/procon\/wp-content\/uploads\/sites\/19\/2019\/10\/flores.jpg 678w\" sizes=\"(max-width: 450px) 100vw, 450px\" \/>Goi\u00e2nia, 30 de outubro de 2019<\/strong> &#8211; Em raz\u00e3o da proximidade do Dia de Finados \u2013 pr\u00f3ximo s\u00e1bado (2\/11), o Procon Goi\u00e1s divulga nesta quinta (31\/10) pesquisa de pre\u00e7os de flores e coroas, com o objetivo de informar o consumidor os pre\u00e7os praticados pelos fornecedores. Foram consultados os pre\u00e7os de 22 itens em 10 (dez) floriculturas de Goi\u00e2nia entre os dias 21 e 30 de outubro.<\/p>\n<p>Em compara\u00e7\u00e3o aos pre\u00e7os m\u00e9dios praticados no ano passado, esses produtos praticamente se mantiveram est\u00e1veis em 2019, com uma pequena redu\u00e7\u00e3o no pre\u00e7o m\u00e9dio de -0,04%. No entanto, \u00e9 preciso pesquisar, pois as varia\u00e7\u00f5es entre menor e maior pre\u00e7o podem chegar a 316%.<\/p>\n<p>A pesquisa ainda trar\u00e1 algumas orienta\u00e7\u00f5es importantes na hora da compra desses produtos, bem como dicas na hora de contratar planos de assist\u00eancia funer\u00e1ria.<\/p>\n<p>O levantamento completo estar\u00e1 dispon\u00edvel a partir das 8h desta quinta (31\/10) no site do Procon Goi\u00e1s (www.procon.go.gov.br).<\/p>\n<p>O atendimento \u00e0 imprensa ser\u00e1 feito por agendamento pr\u00e9vio nesta quarta (30\/10) pela Assessoria de Imprensa do Procon Goi\u00e1s. As entrevistas ser\u00e3o concedidas ao longo desta quinta (31\/10).<\/p>\n<p>&nbsp;<\/p>\n","protected":false},"excerpt":{"rendered":"<p>Procon Goi\u00e1s divulga nesta quinta (31\/10) pesquisa de pre\u00e7os de flores e coroas para o Dia de Finados Goi\u00e2nia, 30 de outubro de 2019 &#8211; Em raz\u00e3o da proximidade do Dia de Finados \u2013 pr\u00f3ximo s\u00e1bado (2\/11), o Procon Goi\u00e1s divulga nesta quinta (31\/10) pesquisa de pre\u00e7os de flores e coroas, com o objetivo de [&hellip;]<\/p>\n","protected":false},"author":34,"featured_media":45921,"comment_status":"closed","ping_status":"closed","sticky":false,"template":"","format":"standard","meta":{"footnotes":""},"categories":[7526],"tags":[1435,1939,1215,220,271,341],"class_list":["post-45920","post","type-post","status-publish","format-standard","has-post-thumbnail","hentry","category-noticias-procon","tag-coroas","tag-dia-de-finados","tag-flores","tag-pesquisa","tag-precos","tag-procon-goias"],"rttpg_featured_image_url":{"full":["https:\/\/goias.gov.br\/procon\/wp-content\/uploads\/sites\/19\/2019\/10\/flores.jpg",678,362,false],"landscape":["https:\/\/goias.gov.br\/procon\/wp-content\/uploads\/sites\/19\/2019\/10\/flores.jpg",678,362,false],"portraits":["https:\/\/goias.gov.br\/procon\/wp-content\/uploads\/sites\/19\/2019\/10\/flores.jpg",678,362,false],"thumbnail":["https:\/\/goias.gov.br\/procon\/wp-content\/uploads\/sites\/19\/2019\/10\/flores-140x120.jpg",140,120,true],"medium":["https:\/\/goias.gov.br\/procon\/wp-content\/uploads\/sites\/19\/2019\/10\/flores-220x117.jpg",220,117,true],"large":["https:\/\/goias.gov.br\/procon\/wp-content\/uploads\/sites\/19\/2019\/10\/flores-450x240.jpg",450,240,true],"1536x1536":["https:\/\/goias.gov.br\/procon\/wp-content\/uploads\/sites\/19\/2019\/10\/flores.jpg",678,362,false],"2048x2048":["https:\/\/goias.gov.br\/procon\/wp-content\/uploads\/sites\/19\/2019\/10\/flores.jpg",678,362,false]},"rttpg_author":{"display_name":"celsoassis","author_link":"https:\/\/goias.gov.br\/procon\/author\/celsoassis\/"},"rttpg_comment":0,"rttpg_category":"<a href=\"https:\/\/goias.gov.br\/procon\/categoria\/noticias-procon\/\" rel=\"category tag\">Not\u00edcias Procon Goi\u00e1s<\/a>","rttpg_excerpt":"Procon Goi\u00e1s divulga nesta quinta (31\/10) pesquisa de pre\u00e7os de flores e coroas para o Dia de Finados Goi\u00e2nia, 30 de outubro de 2019 &#8211; Em raz\u00e3o da proximidade do Dia de Finados \u2013 pr\u00f3ximo s\u00e1bado (2\/11), o Procon Goi\u00e1s divulga nesta quinta (31\/10) pesquisa de pre\u00e7os de flores e coroas, com o objetivo de&hellip;","_links":{"self":[{"href":"https:\/\/goias.gov.br\/procon\/wp-json\/wp\/v2\/posts\/45920","targetHints":{"allow":["GET"]}}],"collection":[{"href":"https:\/\/goias.gov.br\/procon\/wp-json\/wp\/v2\/posts"}],"about":[{"href":"https:\/\/goias.gov.br\/procon\/wp-json\/wp\/v2\/types\/post"}],"author":[{"embeddable":true,"href":"https:\/\/goias.gov.br\/procon\/wp-json\/wp\/v2\/users\/34"}],"replies":[{"embeddable":true,"href":"https:\/\/goias.gov.br\/procon\/wp-json\/wp\/v2\/comments?post=45920"}],"version-history":[{"count":0,"href":"https:\/\/goias.gov.br\/procon\/wp-json\/wp\/v2\/posts\/45920\/revisions"}],"wp:featuredmedia":[{"embeddable":true,"href":"https:\/\/goias.gov.br\/procon\/wp-json\/wp\/v2\/media\/45921"}],"wp:attachment":[{"href":"https:\/\/goias.gov.br\/procon\/wp-json\/wp\/v2\/media?parent=45920"}],"wp:term":[{"taxonomy":"category","embeddable":true,"href":"https:\/\/goias.gov.br\/procon\/wp-json\/wp\/v2\/categories?post=45920"},{"taxonomy":"post_tag","embeddable":true,"href":"https:\/\/goias.gov.br\/procon\/wp-json\/wp\/v2\/tags?post=45920"}],"curies":[{"name":"wp","href":"https:\/\/api.w.org\/{rel}","templated":true}]}}