
{"id":45905,"date":"2019-10-22T08:00:21","date_gmt":"2019-10-22T11:00:21","guid":{"rendered":"https:\/\/www.procon.go.gov.br\/?p=45905"},"modified":"2019-10-21T15:46:26","modified_gmt":"2019-10-21T18:46:26","slug":"procon-goias-informa-nao-havera-atendimento-na-sede-nos-dias-24-e-25-de-outubro","status":"publish","type":"post","link":"https:\/\/goias.gov.br\/procon\/procon-goias-informa-nao-havera-atendimento-na-sede-nos-dias-24-e-25-de-outubro\/","title":{"rendered":"Procon Goi\u00e1s informa: n\u00e3o haver\u00e1 atendimento na sede nos dias 24 e 25 de outubro"},"content":{"rendered":"<h3>A unidade tamb\u00e9m n\u00e3o funcionar\u00e1 na sexta (25), data para a qual foi transferido o feriado consagrado ao Dia do Servidor P\u00fablico (28\/10), conforme Decreto Estadual 9.536 de 17 de outubro de 2019.<\/h3>\n<p><img fetchpriority=\"high\" decoding=\"async\" class=\"alignnone wp-image-45906 size-full\" src=\"\/procon\/wp-content\/uploads\/sites\/19\/2019\/10\/procon_goias_fachada_foto_google_street_view.jpg\" alt=\"\" width=\"820\" height=\"435\" srcset=\"https:\/\/goias.gov.br\/procon\/wp-content\/uploads\/sites\/19\/2019\/10\/procon_goias_fachada_foto_google_street_view.jpg 820w, https:\/\/goias.gov.br\/procon\/wp-content\/uploads\/sites\/19\/2019\/10\/procon_goias_fachada_foto_google_street_view-220x117.jpg 220w, https:\/\/goias.gov.br\/procon\/wp-content\/uploads\/sites\/19\/2019\/10\/procon_goias_fachada_foto_google_street_view-768x407.jpg 768w, https:\/\/goias.gov.br\/procon\/wp-content\/uploads\/sites\/19\/2019\/10\/procon_goias_fachada_foto_google_street_view-450x239.jpg 450w, https:\/\/goias.gov.br\/procon\/wp-content\/uploads\/sites\/19\/2019\/10\/procon_goias_fachada_foto_google_street_view-400x212.jpg 400w\" sizes=\"(max-width: 820px) 100vw, 820px\" \/><\/p>\n<p><strong>Goi\u00e2nia, 22 de outubro de 2019 &#8211;<\/strong> O Procon Goi\u00e1s informa que a unidade de atendimento aos consumidores localizada na sede do \u00f3rg\u00e3o (Rua 8, n\u00ba 242, Ed. Torres, Centro de Goi\u00e2nia) n\u00e3o funcionar\u00e1 na pr\u00f3xima quinta-feira (24\/10), devido ao feriado de 86 anos do Anivers\u00e1rio de Goi\u00e2nia.<\/p>\n<p>A unidade tamb\u00e9m n\u00e3o funcionar\u00e1 na sexta (25), data para a qual foi transferido o feriado consagrado ao Dia do Servidor P\u00fablico (28\/10), conforme Decreto Estadual 9.536 de 17 de outubro de 2019.<\/p>\n<p>Neste per\u00edodo, os consumidores poder\u00e3o utilizar a plataforma Procon Web ( <a href=\"http:\/\/proconweb.ssp.go.gov.br\">proconweb.ssp.go.gov.br<\/a> ) para fazer den\u00fancias, registrar reclama\u00e7\u00f5es, solicitar c\u00e1lculos ou o bloqueio de telemarketing. O atendimento ser\u00e1 retomado normalmente na segunda (28\/10), das 8 \u00e0s 17 horas.<\/p>\n<h2><strong>Vapt Vupt funcionar\u00e1 em hor\u00e1rio especial<\/strong><\/h2>\n<p>As unidades do Vapt Vupt funcionar\u00e3o em hor\u00e1rios especiais nos dias 24 e\u00a025 de outubro.\u00a0A Secretaria de Estado da Administra\u00e7\u00e3o (Sead) definiu os hor\u00e1rios de funcionamento em regime de plant\u00e3o, as unidades funcionar\u00e3o em hor\u00e1rios especiais (das 7h \u00e0s 12h ou das 8h \u00e0s 13h). Confira abaixo o detalhamento do funcionamento das unidades nos dias 24, 25 e 26\/10.<\/p>\n<h3><strong>Funcionamento das unidades nos dias 24 e 25\/10<\/strong><\/h3>\n<p>As unidades fixas capital e do interior que funcionam 12 horas di\u00e1rias (segunda\u00a0a\u00a0sexta-feira), atender\u00e3o em regime de escala, em meio per\u00edodo, ser\u00e3o tr\u00eas hor\u00e1rios para as seguintes unidades:<\/p>\n<p><strong>Unidades da Capital<\/strong><\/p>\n<p>Das 7h \u00e0s 12h \u2013<\/p>\n<p>Unidades Fixas: Pra\u00e7a C\u00edvica, Campinas, Mangal\u00f4, Pra\u00e7a da B\u00edblia, Shopping Araguaia e Lozandes;<\/p>\n<p>Das 8h \u00e0s 13h\u00a0&#8211;<\/p>\n<p>Unidades fixas:\u00a0\u00a0Shopping Buena Vista, Shopping Cerrado, Cidade Jardim, Passeio das \u00c1guas e Portal Shopping;<\/p>\n<p><strong>Unidades do interior<\/strong><\/p>\n<p>Das 7h \u00e0s 12h<\/p>\n<p>\u00c1guas Lindas, An\u00e1polis (An\u00e1polis Sul), Garavelo (Aparecida de Goi\u00e2nia), Itumbiara, Trindade-Centro, Rio Verde e Senador Canedo;<\/p>\n<p>Das 8h \u00e0s 13h<\/p>\n<p>An\u00e1polis (Anashopping), Valpara\u00edso de Goi\u00e1s e Aparecida de Goi\u00e2nia: Shopping Buriti e Aparecida Shopping, Caldas Novas, Catal\u00e3o, Ceres, Cidade de Goi\u00e1s, Cristalina, Formosa, Goiatuba, Goianira, Goian\u00e9sia, Itabera\u00ed, Itapuranga, Ipor\u00e1, Inhumas, Itapaci, Jata\u00ed, Jaragu\u00e1, Jardim Ing\u00e1 (Luzi\u00e2nia), Luzi\u00e2nia, Mina\u00e7u, Morrinhos, Mozarl\u00e2ndia, Mineiros,\u00a0 Palmeiras de Goi\u00e1s, Planaltina, Porangatu, Posse, Pires do Rio, Piracanjuba, Piren\u00f3polis, Quirin\u00f3polis,\u00a0 Santo Ant\u00f4nio do Descoberto, Santa Helena, Rubiataba e Trindade Maysa;<\/p>\n<h3><strong>Funcionamento das unidades no dia 26 (s\u00e1bado)<\/strong><\/h3>\n<p>As unidades fixas capital e do interior atender\u00e3o em regime de escala, em meio per\u00edodo, ser\u00e3o dois hor\u00e1rios para as seguintes unidades:<\/p>\n<p><strong>Unidades da Capital<\/strong><\/p>\n<p>Das 7h \u00e0s 12h<br \/>\nUnidades Fixas: Pra\u00e7a C\u00edvica, Campinas, Mangal\u00f4, Pra\u00e7a da B\u00edblia, Shopping Araguaia e Lozandes;<\/p>\n<p>Das 8h \u00e0s 13h<br \/>\nUnidades fixas:\u00a0 Shopping Buena Vista, Shopping Cerrado, Cidade Jardim, Passeio das \u00c1guas e Portal Shopping;<\/p>\n<p><strong>Unidades do interior<\/strong><\/p>\n<p>Das 7h \u00e0s 12h<br \/>\n\u00c1guas Lindas, An\u00e1polis (An\u00e1polis Sul), Garavelo (Aparecida de Goi\u00e2nia), Itumbiara, Trindade-Centro, Rio Verde e Senador Canedo;<\/p>\n<p>Das 8h \u00e0s 13h<br \/>\nAn\u00e1polis (Anashopping), Valpara\u00edso de Goi\u00e1s e Aparecida de Goi\u00e2nia: Shopping Buriti e Aparecida Shopping,<\/p>\n<h3><strong>Unidades que fecham no dia 24 (quinta-feira), e retomam o atendimento normal na segunda-feira, dia\u00a0<\/strong><strong>28 de outubro<\/strong><strong>, em hor\u00e1rio normal:<\/strong><\/h3>\n<p><strong>Interior<\/strong><\/p>\n<p>Unidades: Alex\u00e2nia, Alvorada do Norte, Anicuns, Bela Vista de Goi\u00e1s, Bom Jesus, Buriti Alegre, Ipameri, Itau\u00e7u, Mozarl\u00e2ndia, Ner\u00f3polis, Para\u00fana, S\u00e3o Miguel do Araguaia e Rialma;<\/p>\n<h3>Unidades que fecham no dia 26 (s\u00e1bado), e retomam o atendimento normal na segunda-feira, dia\u00a028 de outubro\u00a0(segunda-feira), em hor\u00e1rio normal:<\/h3>\n<p><strong>Interior<\/strong><\/p>\n<p>Unidades: Caldas Novas, Catal\u00e3o, Ceres, Cidade de Goi\u00e1s, Cristalina, Formosa, Goiatuba, Goianira, Goian\u00e9sia, Itabera\u00ed, Itapuranga, Inhumas, Itapaci, Jata\u00ed, Jaragu\u00e1, Jardim Ing\u00e1 (Luzi\u00e2nia), Luzi\u00e2nia, Mina\u00e7u, Morrinhos, Mineiros, Palmeiras de Goi\u00e1s, Para\u00fana, Planaltina, Porangatu, Posse,\u00a0Pires do Rio,\u00a0Piracanjuba, Piren\u00f3polis, Quirin\u00f3polis, Santo Ant\u00f4nio do Descoberto, Santa Helena, Rubiataba e Trindade Maysa.<\/p>\n","protected":false},"excerpt":{"rendered":"<p>A unidade tamb\u00e9m n\u00e3o funcionar\u00e1 na sexta (25), data para a qual foi transferido o feriado consagrado ao Dia do Servidor P\u00fablico (28\/10), conforme Decreto Estadual 9.536 de 17 de outubro de 2019. Goi\u00e2nia, 22 de outubro de 2019 &#8211; O Procon Goi\u00e1s informa que a unidade de atendimento aos consumidores localizada na sede do [&hellip;]<\/p>\n","protected":false},"author":34,"featured_media":45906,"comment_status":"closed","ping_status":"closed","sticky":false,"template":"","format":"standard","meta":{"footnotes":""},"categories":[122,7526],"tags":[11201,11200],"class_list":["post-45905","post","type-post","status-publish","format-standard","has-post-thumbnail","hentry","category-informativos","category-noticias-procon","tag-aniversario-de-goiania","tag-funcionamento-do-procon-goias"],"rttpg_featured_image_url":{"full":["https:\/\/goias.gov.br\/procon\/wp-content\/uploads\/sites\/19\/2019\/10\/procon_goias_fachada_foto_google_street_view.jpg",820,435,false],"landscape":["https:\/\/goias.gov.br\/procon\/wp-content\/uploads\/sites\/19\/2019\/10\/procon_goias_fachada_foto_google_street_view.jpg",820,435,false],"portraits":["https:\/\/goias.gov.br\/procon\/wp-content\/uploads\/sites\/19\/2019\/10\/procon_goias_fachada_foto_google_street_view.jpg",820,435,false],"thumbnail":["https:\/\/goias.gov.br\/procon\/wp-content\/uploads\/sites\/19\/2019\/10\/procon_goias_fachada_foto_google_street_view-140x120.jpg",140,120,true],"medium":["https:\/\/goias.gov.br\/procon\/wp-content\/uploads\/sites\/19\/2019\/10\/procon_goias_fachada_foto_google_street_view-220x117.jpg",220,117,true],"large":["https:\/\/goias.gov.br\/procon\/wp-content\/uploads\/sites\/19\/2019\/10\/procon_goias_fachada_foto_google_street_view-450x239.jpg",450,239,true],"1536x1536":["https:\/\/goias.gov.br\/procon\/wp-content\/uploads\/sites\/19\/2019\/10\/procon_goias_fachada_foto_google_street_view.jpg",820,435,false],"2048x2048":["https:\/\/goias.gov.br\/procon\/wp-content\/uploads\/sites\/19\/2019\/10\/procon_goias_fachada_foto_google_street_view.jpg",820,435,false]},"rttpg_author":{"display_name":"celsoassis","author_link":"https:\/\/goias.gov.br\/procon\/author\/celsoassis\/"},"rttpg_comment":0,"rttpg_category":"<a href=\"https:\/\/goias.gov.br\/procon\/categoria\/informativos\/\" rel=\"category tag\">Informativos<\/a> <a href=\"https:\/\/goias.gov.br\/procon\/categoria\/noticias-procon\/\" rel=\"category tag\">Not\u00edcias Procon Goi\u00e1s<\/a>","rttpg_excerpt":"A unidade tamb\u00e9m n\u00e3o funcionar\u00e1 na sexta (25), data para a qual foi transferido o feriado consagrado ao Dia do Servidor P\u00fablico (28\/10), conforme Decreto Estadual 9.536 de 17 de outubro de 2019. Goi\u00e2nia, 22 de outubro de 2019 &#8211; O Procon Goi\u00e1s informa que a unidade de atendimento aos consumidores localizada na sede do&hellip;","_links":{"self":[{"href":"https:\/\/goias.gov.br\/procon\/wp-json\/wp\/v2\/posts\/45905","targetHints":{"allow":["GET"]}}],"collection":[{"href":"https:\/\/goias.gov.br\/procon\/wp-json\/wp\/v2\/posts"}],"about":[{"href":"https:\/\/goias.gov.br\/procon\/wp-json\/wp\/v2\/types\/post"}],"author":[{"embeddable":true,"href":"https:\/\/goias.gov.br\/procon\/wp-json\/wp\/v2\/users\/34"}],"replies":[{"embeddable":true,"href":"https:\/\/goias.gov.br\/procon\/wp-json\/wp\/v2\/comments?post=45905"}],"version-history":[{"count":0,"href":"https:\/\/goias.gov.br\/procon\/wp-json\/wp\/v2\/posts\/45905\/revisions"}],"wp:featuredmedia":[{"embeddable":true,"href":"https:\/\/goias.gov.br\/procon\/wp-json\/wp\/v2\/media\/45906"}],"wp:attachment":[{"href":"https:\/\/goias.gov.br\/procon\/wp-json\/wp\/v2\/media?parent=45905"}],"wp:term":[{"taxonomy":"category","embeddable":true,"href":"https:\/\/goias.gov.br\/procon\/wp-json\/wp\/v2\/categories?post=45905"},{"taxonomy":"post_tag","embeddable":true,"href":"https:\/\/goias.gov.br\/procon\/wp-json\/wp\/v2\/tags?post=45905"}],"curies":[{"name":"wp","href":"https:\/\/api.w.org\/{rel}","templated":true}]}}