
{"id":45028,"date":"2019-09-03T15:40:55","date_gmt":"2019-09-03T18:40:55","guid":{"rendered":"https:\/\/www.procon.go.gov.br\/?p=45028"},"modified":"2019-09-03T15:40:55","modified_gmt":"2019-09-03T18:40:55","slug":"procon-goias-discute-retomada-do-aplicativo-olho-na-bomba-com-representantes-do-mp-pge-ufg-e-assembleia-legislativa","status":"publish","type":"post","link":"https:\/\/goias.gov.br\/procon\/procon-goias-discute-retomada-do-aplicativo-olho-na-bomba-com-representantes-do-mp-pge-ufg-e-assembleia-legislativa\/","title":{"rendered":"Procon Goi\u00e1s discute retomada do aplicativo Olho na Bomba com representantes do MP, PGE, UFG e Assembleia Legislativa"},"content":{"rendered":"<p><strong>Procon Goi\u00e1s discute retomada do aplicativo Olho na Bomba com representantes do MP, PGE, UFG e Assembleia Legislativa<\/strong><\/p>\n<p><em>Reuni\u00e3o ser\u00e1 realizada na quinta (5\/9) com o objetivo de finalizar minuta de projeto de lei<\/em><\/p>\n<figure id=\"attachment_45030\" aria-describedby=\"caption-attachment-45030\" style=\"width: 400px\" class=\"wp-caption alignleft\"><img fetchpriority=\"high\" decoding=\"async\" class=\"wp-image-45030\" src=\"\/procon\/wp-content\/uploads\/sites\/19\/2019\/09\/WhatsApp-Image-2019-09-03-at-15.32.50-450x338.jpeg\" alt=\"\" width=\"400\" height=\"300\" srcset=\"https:\/\/goias.gov.br\/procon\/wp-content\/uploads\/sites\/19\/2019\/09\/WhatsApp-Image-2019-09-03-at-15.32.50-450x338.jpeg 450w, https:\/\/goias.gov.br\/procon\/wp-content\/uploads\/sites\/19\/2019\/09\/WhatsApp-Image-2019-09-03-at-15.32.50-220x165.jpeg 220w, https:\/\/goias.gov.br\/procon\/wp-content\/uploads\/sites\/19\/2019\/09\/WhatsApp-Image-2019-09-03-at-15.32.50-768x576.jpeg 768w, https:\/\/goias.gov.br\/procon\/wp-content\/uploads\/sites\/19\/2019\/09\/WhatsApp-Image-2019-09-03-at-15.32.50-400x300.jpeg 400w, https:\/\/goias.gov.br\/procon\/wp-content\/uploads\/sites\/19\/2019\/09\/WhatsApp-Image-2019-09-03-at-15.32.50.jpeg 820w\" sizes=\"(max-width: 400px) 100vw, 400px\" \/><figcaption id=\"caption-attachment-45030\" class=\"wp-caption-text\">Reuni\u00e3o ocorrida em 18 de julho na sede da PGE-GO, em Goi\u00e2nia. Foto: Divulga\u00e7\u00e3o<\/figcaption><\/figure>\n<p><strong>Goi\u00e2nia, 3 de setembro de 2019<\/strong> &#8211; O superintendente do Procon Goi\u00e1s, Wellington de Bessa, participa nesta quinta-feira (5\/9), \u00e0s 10 horas, de uma reuni\u00e3o com representantes do MP-GO, Universidade Federal de Goi\u00e1s (UFG), Procuradoria Geral do Estado de Goi\u00e1s (PGE-GO) e com o deputado estadual Eduardo Prado com a finalidade de discutir a reativa\u00e7\u00e3o do aplicativo Olho na Bomba, suspenso desde o dia 8 de julho de 2019 por determina\u00e7\u00e3o judicial.<\/p>\n<p>Depois de requisitar informa\u00e7\u00f5es \u00e0 UFG, respons\u00e1vel pelo desenvolvimento da tecnologia, o Procon Goi\u00e1s atestou a viabilidade t\u00e9cnico-financeira de assumir o gerenciamento da ferramenta.<\/p>\n<p>Com base no que for discutido nesta reuni\u00e3o, a PGE dever\u00e1 finalizar a minuta do projeto de lei a ser encaminhada ao governador Ronaldo Caiado para posterior aprecia\u00e7\u00e3o pela Assembleia Legislativa de Goi\u00e1s.<\/p>\n","protected":false},"excerpt":{"rendered":"<p>Procon Goi\u00e1s discute retomada do aplicativo Olho na Bomba com representantes do MP, PGE, UFG e Assembleia Legislativa Reuni\u00e3o ser\u00e1 realizada na quinta (5\/9) com o objetivo de finalizar minuta de projeto de lei Goi\u00e2nia, 3 de setembro de 2019 &#8211; O superintendente do Procon Goi\u00e1s, Wellington de Bessa, participa nesta quinta-feira (5\/9), \u00e0s 10 [&hellip;]<\/p>\n","protected":false},"author":34,"featured_media":45030,"comment_status":"closed","ping_status":"closed","sticky":false,"template":"","format":"standard","meta":{"footnotes":""},"categories":[7526],"tags":[10725,10645,341,1725,10669],"class_list":["post-45028","post","type-post","status-publish","format-standard","has-post-thumbnail","hentry","category-noticias-procon","tag-aplicativo","tag-olho-na-bomba","tag-procon-goias","tag-reuniao","tag-wellington-de-bessa"],"rttpg_featured_image_url":{"full":["https:\/\/goias.gov.br\/procon\/wp-content\/uploads\/sites\/19\/2019\/09\/WhatsApp-Image-2019-09-03-at-15.32.50.jpeg",820,615,false],"landscape":["https:\/\/goias.gov.br\/procon\/wp-content\/uploads\/sites\/19\/2019\/09\/WhatsApp-Image-2019-09-03-at-15.32.50.jpeg",820,615,false],"portraits":["https:\/\/goias.gov.br\/procon\/wp-content\/uploads\/sites\/19\/2019\/09\/WhatsApp-Image-2019-09-03-at-15.32.50.jpeg",820,615,false],"thumbnail":["https:\/\/goias.gov.br\/procon\/wp-content\/uploads\/sites\/19\/2019\/09\/WhatsApp-Image-2019-09-03-at-15.32.50-140x120.jpeg",140,120,true],"medium":["https:\/\/goias.gov.br\/procon\/wp-content\/uploads\/sites\/19\/2019\/09\/WhatsApp-Image-2019-09-03-at-15.32.50-220x165.jpeg",220,165,true],"large":["https:\/\/goias.gov.br\/procon\/wp-content\/uploads\/sites\/19\/2019\/09\/WhatsApp-Image-2019-09-03-at-15.32.50-450x338.jpeg",450,338,true],"1536x1536":["https:\/\/goias.gov.br\/procon\/wp-content\/uploads\/sites\/19\/2019\/09\/WhatsApp-Image-2019-09-03-at-15.32.50.jpeg",820,615,false],"2048x2048":["https:\/\/goias.gov.br\/procon\/wp-content\/uploads\/sites\/19\/2019\/09\/WhatsApp-Image-2019-09-03-at-15.32.50.jpeg",820,615,false]},"rttpg_author":{"display_name":"celsoassis","author_link":"https:\/\/goias.gov.br\/procon\/author\/celsoassis\/"},"rttpg_comment":0,"rttpg_category":"<a href=\"https:\/\/goias.gov.br\/procon\/categoria\/noticias-procon\/\" rel=\"category tag\">Not\u00edcias Procon Goi\u00e1s<\/a>","rttpg_excerpt":"Procon Goi\u00e1s discute retomada do aplicativo Olho na Bomba com representantes do MP, PGE, UFG e Assembleia Legislativa Reuni\u00e3o ser\u00e1 realizada na quinta (5\/9) com o objetivo de finalizar minuta de projeto de lei Goi\u00e2nia, 3 de setembro de 2019 &#8211; O superintendente do Procon Goi\u00e1s, Wellington de Bessa, participa nesta quinta-feira (5\/9), \u00e0s 10&hellip;","_links":{"self":[{"href":"https:\/\/goias.gov.br\/procon\/wp-json\/wp\/v2\/posts\/45028","targetHints":{"allow":["GET"]}}],"collection":[{"href":"https:\/\/goias.gov.br\/procon\/wp-json\/wp\/v2\/posts"}],"about":[{"href":"https:\/\/goias.gov.br\/procon\/wp-json\/wp\/v2\/types\/post"}],"author":[{"embeddable":true,"href":"https:\/\/goias.gov.br\/procon\/wp-json\/wp\/v2\/users\/34"}],"replies":[{"embeddable":true,"href":"https:\/\/goias.gov.br\/procon\/wp-json\/wp\/v2\/comments?post=45028"}],"version-history":[{"count":0,"href":"https:\/\/goias.gov.br\/procon\/wp-json\/wp\/v2\/posts\/45028\/revisions"}],"wp:featuredmedia":[{"embeddable":true,"href":"https:\/\/goias.gov.br\/procon\/wp-json\/wp\/v2\/media\/45030"}],"wp:attachment":[{"href":"https:\/\/goias.gov.br\/procon\/wp-json\/wp\/v2\/media?parent=45028"}],"wp:term":[{"taxonomy":"category","embeddable":true,"href":"https:\/\/goias.gov.br\/procon\/wp-json\/wp\/v2\/categories?post=45028"},{"taxonomy":"post_tag","embeddable":true,"href":"https:\/\/goias.gov.br\/procon\/wp-json\/wp\/v2\/tags?post=45028"}],"curies":[{"name":"wp","href":"https:\/\/api.w.org\/{rel}","templated":true}]}}