
{"id":41607,"date":"2018-12-14T08:00:55","date_gmt":"2018-12-14T10:00:55","guid":{"rendered":"https:\/\/www.procon.go.gov.br\/?p=41607"},"modified":"2018-12-21T12:29:32","modified_gmt":"2018-12-21T14:29:32","slug":"procon-goias-orienta-consumidores-sobre-as-viagens-de-fim-de-ano-e-ferias-2","status":"publish","type":"post","link":"https:\/\/goias.gov.br\/procon\/procon-goias-orienta-consumidores-sobre-as-viagens-de-fim-de-ano-e-ferias-2\/","title":{"rendered":"Procon Goi\u00e1s orienta consumidores sobre as viagens de fim de ano e f\u00e9rias"},"content":{"rendered":"<h2><strong>Procon Goi\u00e1s orienta consumidores sobre as viagens de fim de ano e f\u00e9rias<\/strong><\/h2>\n<p>21\/12\/18<\/p>\n<p>Dezembro e janeiro s\u00e3o meses de muitas viagens, seja para reunir a fam\u00edlia nas festas de final de ano ou para o merecido descanso de f\u00e9rias, ocasi\u00e3o em que a procura por empresas de viagens aumenta. Com o objetivo de auxiliar os consumidores, o Procon-Goi\u00e1s elaborou um guia para quem pretende sair da cidade neste per\u00edodo.<\/p>\n<p><strong>\u00a0 \u00a0 \u00a0 \u00a0 \u00a0 \u00a0 \u00a0 \u00a0 \u00a0 \u00a0 \u00a0 \u00a0 \u00a0 \u00a0 \u00a0 \u00a0 \u00a0 \u00a0 \u00a0 \u00a0 \u00a0 \u00a0 \u00a0 \u00a0 \u00a0 \u00a0 \u00a0 \u00a0 \u00a0 \u00a0 \u00a0 \u00a0 \u00a0 \u00a0 \u00a0 \u00a0 \u00a0 \u00a0 \u00a0 \u00a0 \u00a0 \u00a0 \u00a0 \u00a0 \u00a0 \u00a0 \u00a0 \u00a0 \u00a0 \u00a0 \u00a0 \u00a0 \u00a0 \u00a0 \u00a0 \u00a0 \u00a0 Quem viaja de \u00f4nibus<\/strong><\/p>\n<p><img fetchpriority=\"high\" decoding=\"async\" class=\"alignleft size-large wp-image-32266\" src=\"\/procon\/wp-content\/uploads\/sites\/19\/2017\/08\/16-08-2017-onibus-interestaduais-450x300.jpeg\" alt=\"\" width=\"450\" height=\"300\" srcset=\"https:\/\/goias.gov.br\/procon\/wp-content\/uploads\/sites\/19\/2017\/08\/16-08-2017-onibus-interestaduais-450x300.jpeg 450w, https:\/\/goias.gov.br\/procon\/wp-content\/uploads\/sites\/19\/2017\/08\/16-08-2017-onibus-interestaduais-220x147.jpeg 220w, https:\/\/goias.gov.br\/procon\/wp-content\/uploads\/sites\/19\/2017\/08\/16-08-2017-onibus-interestaduais.jpeg 620w, https:\/\/goias.gov.br\/procon\/wp-content\/uploads\/sites\/19\/2017\/08\/16-08-2017-onibus-interestaduais-150x100.jpeg 150w, https:\/\/goias.gov.br\/procon\/wp-content\/uploads\/sites\/19\/2017\/08\/16-08-2017-onibus-interestaduais-400x266.jpeg 400w\" sizes=\"(max-width: 450px) 100vw, 450px\" \/>O consumidor que optar por viajar de \u00f4nibus deve ficar atento a algumas quest\u00f5es relevantes na hora da compra: como desist\u00eancia, atraso e validade da passagem. As regras valem para viagens intermunicipais, interestaduais e internacionais.<\/p>\n<p>No caso de <strong>desist\u00eancia<\/strong>, \u00e9 direito do passageiro ser reembolsado, independente da data. A empresa tem, no m\u00e1ximo, 30 dias para devolver o valor total pago pelo consumidor. Para compras efetuadas no cart\u00e3o de cr\u00e9dito, o reembolso das parcelas j\u00e1 pagas ser\u00e1 realizado na fatura do titular do cart\u00e3o, junto com o cancelamento das parcelas vincendas.<\/p>\n<p>Em rela\u00e7\u00e3o a poss\u00edveis <strong>atrasos<\/strong>, se forem de <strong>mais de uma hora<\/strong>, a empresa \u00e9 obrigada a disponibilizar outro ve\u00edculo, com itiner\u00e1rio semelhante, para embarcar os passageiros ou devolver o valor integral do bilhete. Caso o \u00f4nibus alternativo seja de classe superior, o passageiro tem o direito de embarcar sem pagar nenhuma taxa. Caso o ve\u00edculo seja de qualidade inferior, o consumidor dever\u00e1 receber a diferen\u00e7a de valores.<\/p>\n<p>Para atrasos de <strong>mais de tr\u00eas horas<\/strong>, a empresa \u00e9 obrigada a pagar alimenta\u00e7\u00e3o e, caso necess\u00e1rio, hospedagens aos passageiros.<\/p>\n<p>A <strong>passagem<\/strong> \u00e9 v\u00e1lida pelo per\u00edodo de um ano, mesmo que tenha ocorrido aumento de tarifas.<\/p>\n<p>A empresa deve fixar em locais vis\u00edveis, como balc\u00e3o ou guich\u00ea, todos os direitos do passageiro. As informa\u00e7\u00f5es devem estar expressas de forma clara e objetiva.<\/p>\n<p><strong>Cancelamento<\/strong>: O consumidor que desejar o cancelamento de passagem terrestre poder\u00e1 solicitar at\u00e9 tr\u00eas horas antes do hor\u00e1rio marcado de embarque para ter direito \u00e0 restitui\u00e7\u00e3o ou remarcar a passagem para o mesmo destino (podem ser cobradas taxas).<\/p>\n<p>&nbsp;<\/p>\n<p><strong>\u00a0Quem viaja de avi\u00e3o<\/strong><\/p>\n<p>Consumidores que optarem pela viagem de avi\u00e3o devem ficar atentos \u00e0 Resolu\u00e7\u00e3o n\u00ba 400\/2016 da Ag\u00eancia Nacional de Avia\u00e7\u00e3o Civil (Anac). \u00c9 ela que regulamenta os direitos dos passageiros <img decoding=\"async\" class=\"alignright size-large wp-image-21452\" src=\"\/procon\/wp-content\/uploads\/sites\/19\/2015\/12\/aviao-450x300.jpg\" alt=\"\" width=\"450\" height=\"300\" srcset=\"https:\/\/goias.gov.br\/procon\/wp-content\/uploads\/sites\/19\/2015\/12\/aviao-450x300.jpg 450w, https:\/\/goias.gov.br\/procon\/wp-content\/uploads\/sites\/19\/2015\/12\/aviao-220x147.jpg 220w, https:\/\/goias.gov.br\/procon\/wp-content\/uploads\/sites\/19\/2015\/12\/aviao-300x200.jpg 300w, https:\/\/goias.gov.br\/procon\/wp-content\/uploads\/sites\/19\/2015\/12\/aviao.jpg 600w\" sizes=\"(max-width: 450px) 100vw, 450px\" \/>a\u00e9reos.<\/p>\n<p>Em rela\u00e7\u00e3o aos<strong> atrasos,<\/strong> \u00e9 obriga\u00e7\u00e3o da empresa hospedar e reembolsar o passageiro, caso necess\u00e1rio.\u00a0 O valor do reembolso deve ser integral, independente da forma como o consumidor tenha realizado o pagamento.<\/p>\n<p>A <strong>assist\u00eancia material<\/strong> deve ser oferecida pela empresa. Quando o atraso alcan\u00e7ar <strong>uma hora<\/strong>, o passageiro deve ter acesso a meios de comunica\u00e7\u00e3o, como internet e telefone. Em atrasos de <strong>mais de duas horas<\/strong>, a empresa deve oferecer alimenta\u00e7\u00e3o adequada. Em atrasos de <strong>mais de quatro horas<\/strong>, o consumidor deve ser acomodado de maneira adequada.<\/p>\n<p>Em caso de <strong>cancelamento de voo,<\/strong> o consumidor deve ser reposicionado no voo seguinte, sem taxas ou gastos extras.<\/p>\n<p>No caso de <strong>overbooking<\/strong>, que \u00e9 a pr\u00e1tica de algumas empresas de vender mais passagens do que pode oferecer, \u00e9 direito do passageiro embarcar independente da classe da aeronave.<\/p>\n<p>Tamb\u00e9m nos <strong>balc\u00f5es de atendimento<\/strong> das companhias a\u00e9reas, as informa\u00e7\u00f5es precisam estar expostas de forma clara e objetiva.<\/p>\n<p><strong>Malas danificadas, extraviadas ou furtadas<\/strong><\/p>\n<p>O passageiro tem direito a indeniza\u00e7\u00e3o pelo extravio ou danos \u00e0 sua bagagem. Se for extraviada, furtada ou danificada, deve recorrer imediatamente \u00e0 companhia a\u00e9rea e, ainda na sala de desembarque, preencher o Registro de Irregularidade de Bagagem (RIB).<\/p>\n<p>Caso a companhia a\u00e9rea n\u00e3o apresente o formul\u00e1rio RIB, o consumidor poder\u00e1 redigir declara\u00e7\u00e3o de pr\u00f3prio punho em duas vias, relatando o fato e exigir a assinatura e o nome de um funcion\u00e1rio da companhia a\u00e9rea. \u00c9 fundamental guardar uma via ou c\u00f3pia, como garantia para futuras indeniza\u00e7\u00f5es, se for o caso.<\/p>\n<ul>\n<li><strong>Bagagem danificada<\/strong><\/li>\n<\/ul>\n<p>Se a bagagem despachada for danificada ou aberta (violada), e algum item furtado, e o passageiro descobrir ao chegar em casa ou no hotel, ter\u00e1 at\u00e9 sete dias ap\u00f3s a entrega das malas para encaminhar o protesto \u00e0 companhia a\u00e9rea, por meio de qualquer comunica\u00e7\u00e3o escrita.<\/p>\n<p>&nbsp;<\/p>\n<ul>\n<li><strong>Bagagem extraviada<\/strong><\/li>\n<\/ul>\n<p>Em caso de extravio, a empresa a\u00e9rea dever\u00e1 ser procurada at\u00e9 15 dias ap\u00f3s a data do desembarque.<\/p>\n<p><img decoding=\"async\" class=\"alignleft size-large wp-image-7824\" src=\"\/procon\/wp-content\/uploads\/sites\/19\/2013\/04\/bagagem-extraviada-450x338.jpg\" alt=\"\" width=\"450\" height=\"338\" srcset=\"https:\/\/goias.gov.br\/procon\/wp-content\/uploads\/sites\/19\/2013\/04\/bagagem-extraviada-450x338.jpg 450w, https:\/\/goias.gov.br\/procon\/wp-content\/uploads\/sites\/19\/2013\/04\/bagagem-extraviada-220x165.jpg 220w, https:\/\/goias.gov.br\/procon\/wp-content\/uploads\/sites\/19\/2013\/04\/bagagem-extraviada-400x300.jpg 400w, https:\/\/goias.gov.br\/procon\/wp-content\/uploads\/sites\/19\/2013\/04\/bagagem-extraviada.jpg 590w\" sizes=\"(max-width: 450px) 100vw, 450px\" \/>O consumidor apresentar\u00e1 o comprovante de despacho de bagagem. A bagagem poder\u00e1 ficar na condi\u00e7\u00e3o de extraviada por, no m\u00e1ximo, 7 dias para voos nacionais, e 21 dias para voos internacionais.<\/p>\n<p>N\u00e3o sendo localizada e enviada ao endere\u00e7o indicado pelo passageiro nesse prazo, a empresa dever\u00e1 indeniz\u00e1-lo em at\u00e9 7 dias.<\/p>\n<p>Se o passageiro tiver de comprar roupas ou artigos de higiene pessoal para substituir itens extraviados, dever\u00e1 guardar todas as notas fiscais para pedir ressarcimento \u00e0 companhia a\u00e9rea.<\/p>\n<p>De acordo com o CDC, a indeniza\u00e7\u00e3o n\u00e3o poder\u00e1 ser inferior ao dano causado. As empresas a\u00e9reas, por\u00e9m, costumam definir um limite para essa indeniza\u00e7\u00e3o, com base na Conven\u00e7\u00e3o de Vars\u00f3via (que unifica as regras do transporte a\u00e9reo internacional).<\/p>\n<p>Para evitar transtornos, o ideal \u00e9 declarar o conte\u00fado da mala. Muitas empresas cobram uma taxa para essa declara\u00e7\u00e3o e pedem para verificar se o conte\u00fado informado est\u00e1 de acordo com o da bagagem.<\/p>\n<p>Com esse documento em m\u00e3os, ser\u00e1 mais f\u00e1cil exigir o ressarcimento do que foi perdido. Se for inevit\u00e1vel transportar j\u00f3ias, dinheiro e objetos valiosos, isso deve ser feito na bagagem de m\u00e3o, que poder\u00e1 conter at\u00e9 10 kg.<\/p>\n<p><strong><em>O consumidor poder\u00e1 registrar a reclama\u00e7\u00e3o no Procon-Goi\u00e1s e ainda ingressar com a\u00e7\u00e3o judicial para exigir seus direitos, se a companhia a\u00e9rea n\u00e3o cumprir suas obriga\u00e7\u00f5es. Somente a Judici\u00e1rio poder\u00e1 avaliar a intensidade do sofrimento e transform\u00e1-la em indeniza\u00e7\u00e3o por danos morais.<\/em><\/strong><\/p>\n<ul>\n<li><strong>Bagagem furtada<\/strong><\/li>\n<\/ul>\n<p>Procure a empresa a\u00e9rea e comunique o fato, por escrito. A empresa \u00e9 respons\u00e1vel pela bagagem desde o momento em que ela \u00e9 despachada at\u00e9 o seu recebimento pelo passageiro. Al\u00e9m disso, registre uma ocorr\u00eancia na Pol\u00edcia Civil, institui\u00e7\u00e3o competente para averiguar o fato.<\/p>\n<p>&nbsp;<\/p>\n<p><strong>Atendimento Procon Goi\u00e1s\u00a0<\/strong><\/p>\n<p>Confira as formas de atendimento do Procon Goi\u00e1s:<\/p>\n<ul>\n<li><strong>Atendimento presencial<\/strong> :\u00a0 Rua 8, n\u00ba 242, no Centro de Goi\u00e2nia e nos postos de atendimento nas ag\u00eancias Vapt Vupt;<\/li>\n<li><strong>Atendimento internet:<\/strong> <a href=\"https:\/\/proconweb.ssp.go.gov.br\/#\/\">Procon Web<\/a><\/li>\n<li><strong>Atendimento por telefone<\/strong>: Disque-Den\u00fancia 151 ou (62) 3201-7124<\/li>\n<\/ul>\n<p><strong>Assessoria de Imprensa do Procon-Goi\u00e1s<\/strong><br \/>\n(62) 3201-7134<\/p>\n","protected":false},"excerpt":{"rendered":"<p>Procon Goi\u00e1s orienta consumidores sobre as viagens de fim de ano e f\u00e9rias 21\/12\/18 Dezembro e janeiro s\u00e3o meses de muitas viagens, seja para reunir a fam\u00edlia nas festas de final de ano ou para o merecido descanso de f\u00e9rias, ocasi\u00e3o em que a procura por empresas de viagens aumenta. Com o objetivo de auxiliar [&hellip;]<\/p>\n","protected":false},"author":34,"featured_media":21453,"comment_status":"closed","ping_status":"closed","sticky":false,"template":"","format":"standard","meta":{"footnotes":""},"categories":[7526],"tags":[],"class_list":["post-41607","post","type-post","status-publish","format-standard","has-post-thumbnail","hentry","category-noticias-procon"],"rttpg_featured_image_url":{"full":["https:\/\/goias.gov.br\/procon\/wp-content\/uploads\/sites\/19\/2015\/12\/aviao-decolando.jpg",600,400,false],"landscape":["https:\/\/goias.gov.br\/procon\/wp-content\/uploads\/sites\/19\/2015\/12\/aviao-decolando.jpg",600,400,false],"portraits":["https:\/\/goias.gov.br\/procon\/wp-content\/uploads\/sites\/19\/2015\/12\/aviao-decolando.jpg",600,400,false],"thumbnail":["https:\/\/goias.gov.br\/procon\/wp-content\/uploads\/sites\/19\/2015\/12\/aviao-decolando-140x120.jpg",140,120,true],"medium":["https:\/\/goias.gov.br\/procon\/wp-content\/uploads\/sites\/19\/2015\/12\/aviao-decolando-220x147.jpg",220,147,true],"large":["https:\/\/goias.gov.br\/procon\/wp-content\/uploads\/sites\/19\/2015\/12\/aviao-decolando-450x300.jpg",450,300,true],"1536x1536":["https:\/\/goias.gov.br\/procon\/wp-content\/uploads\/sites\/19\/2015\/12\/aviao-decolando.jpg",600,400,false],"2048x2048":["https:\/\/goias.gov.br\/procon\/wp-content\/uploads\/sites\/19\/2015\/12\/aviao-decolando.jpg",600,400,false]},"rttpg_author":{"display_name":"celsoassis","author_link":"https:\/\/goias.gov.br\/procon\/author\/celsoassis\/"},"rttpg_comment":0,"rttpg_category":"<a href=\"https:\/\/goias.gov.br\/procon\/categoria\/noticias-procon\/\" rel=\"category tag\">Not\u00edcias Procon Goi\u00e1s<\/a>","rttpg_excerpt":"Procon Goi\u00e1s orienta consumidores sobre as viagens de fim de ano e f\u00e9rias 21\/12\/18 Dezembro e janeiro s\u00e3o meses de muitas viagens, seja para reunir a fam\u00edlia nas festas de final de ano ou para o merecido descanso de f\u00e9rias, ocasi\u00e3o em que a procura por empresas de viagens aumenta. Com o objetivo de auxiliar&hellip;","_links":{"self":[{"href":"https:\/\/goias.gov.br\/procon\/wp-json\/wp\/v2\/posts\/41607","targetHints":{"allow":["GET"]}}],"collection":[{"href":"https:\/\/goias.gov.br\/procon\/wp-json\/wp\/v2\/posts"}],"about":[{"href":"https:\/\/goias.gov.br\/procon\/wp-json\/wp\/v2\/types\/post"}],"author":[{"embeddable":true,"href":"https:\/\/goias.gov.br\/procon\/wp-json\/wp\/v2\/users\/34"}],"replies":[{"embeddable":true,"href":"https:\/\/goias.gov.br\/procon\/wp-json\/wp\/v2\/comments?post=41607"}],"version-history":[{"count":0,"href":"https:\/\/goias.gov.br\/procon\/wp-json\/wp\/v2\/posts\/41607\/revisions"}],"wp:featuredmedia":[{"embeddable":true,"href":"https:\/\/goias.gov.br\/procon\/wp-json\/wp\/v2\/media\/21453"}],"wp:attachment":[{"href":"https:\/\/goias.gov.br\/procon\/wp-json\/wp\/v2\/media?parent=41607"}],"wp:term":[{"taxonomy":"category","embeddable":true,"href":"https:\/\/goias.gov.br\/procon\/wp-json\/wp\/v2\/categories?post=41607"},{"taxonomy":"post_tag","embeddable":true,"href":"https:\/\/goias.gov.br\/procon\/wp-json\/wp\/v2\/tags?post=41607"}],"curies":[{"name":"wp","href":"https:\/\/api.w.org\/{rel}","templated":true}]}}