
{"id":41188,"date":"2018-11-26T14:42:55","date_gmt":"2018-11-26T16:42:55","guid":{"rendered":"https:\/\/www.procon.go.gov.br\/?p=41188"},"modified":"2018-11-26T15:19:40","modified_gmt":"2018-11-26T17:19:40","slug":"procon-goias-divulga-balanco-parcial-da-black-friday-2018","status":"publish","type":"post","link":"https:\/\/goias.gov.br\/procon\/procon-goias-divulga-balanco-parcial-da-black-friday-2018\/","title":{"rendered":"Procon Goi\u00e1s divulga balan\u00e7o parcial da Black Friday 2018"},"content":{"rendered":"<figure id=\"attachment_41199\" aria-describedby=\"caption-attachment-41199\" style=\"width: 700px\" class=\"wp-caption aligncenter\"><img fetchpriority=\"high\" decoding=\"async\" class=\"wp-image-41199 size-full\" src=\"\/procon\/wp-content\/uploads\/sites\/19\/2018\/11\/voce-esta-preparado-para-a-black-friday-2016.jpg\" alt=\"(Foto: Reprodu\u00e7\u00e3o)\" width=\"700\" height=\"340\" srcset=\"https:\/\/goias.gov.br\/procon\/wp-content\/uploads\/sites\/19\/2018\/11\/voce-esta-preparado-para-a-black-friday-2016.jpg 700w, https:\/\/goias.gov.br\/procon\/wp-content\/uploads\/sites\/19\/2018\/11\/voce-esta-preparado-para-a-black-friday-2016-220x107.jpg 220w, https:\/\/goias.gov.br\/procon\/wp-content\/uploads\/sites\/19\/2018\/11\/voce-esta-preparado-para-a-black-friday-2016-450x219.jpg 450w, https:\/\/goias.gov.br\/procon\/wp-content\/uploads\/sites\/19\/2018\/11\/voce-esta-preparado-para-a-black-friday-2016-400x194.jpg 400w\" sizes=\"(max-width: 700px) 100vw, 700px\" \/><figcaption id=\"caption-attachment-41199\" class=\"wp-caption-text\">(Foto: Reprodu\u00e7\u00e3o)<\/figcaption><\/figure>\n<p><strong>Procon Goi\u00e1s divulga balan\u00e7o parcial da Black Friday 2018<\/strong><\/p>\n<p>Na \u00faltima sexta-feira (23 de novembro), durante a Black Friday, o Procon Goi\u00e1s fiscalizou v\u00e1rios estabelecimentos comerciais e sites para verificar uma poss\u00edvel altera\u00e7\u00e3o nos pre\u00e7os promocionais praticados em compara\u00e7\u00e3o \u00e0queles coletados, planilhados e divulgados pelo \u00f3rg\u00e3o nos meses de outubro e novembro, a fim de orientar o consumidor a fazer a melhor op\u00e7\u00e3o de compra.<\/p>\n<p>At\u00e9 o momento, o \u00f3rg\u00e3o de defesa do consumidor j\u00e1 autuou 20 sites e 11 lojas f\u00edsicas, ap\u00f3s a constata\u00e7\u00e3o de diversas irregularidades. A principal delas \u00e9 a pr\u00e1tica de pre\u00e7os iguais ou maiores que os coletados antes da promo\u00e7\u00e3o. No per\u00edodo de 29 de outubro a 23 de novembro, foram monitorados 28 sites e coletados 18 mil pre\u00e7os de produtos.<\/p>\n<figure id=\"attachment_41197\" aria-describedby=\"caption-attachment-41197\" style=\"width: 450px\" class=\"wp-caption alignleft\"><img decoding=\"async\" class=\"wp-image-41197 size-large\" src=\"\/procon\/wp-content\/uploads\/sites\/19\/2018\/11\/Fiscaliza\u00e7\u00e3o-Black-Friday-23-11-3-450x338.jpeg\" alt=\"Fiscaliza\u00e7\u00e3o Black Friday 23-11 (Foto: Divulga\u00e7\u00e3o \/ Procon Goi\u00e1s)\" width=\"450\" height=\"338\" srcset=\"https:\/\/goias.gov.br\/procon\/wp-content\/uploads\/sites\/19\/2018\/11\/Fiscaliza\u00e7\u00e3o-Black-Friday-23-11-3-450x338.jpeg 450w, https:\/\/goias.gov.br\/procon\/wp-content\/uploads\/sites\/19\/2018\/11\/Fiscaliza\u00e7\u00e3o-Black-Friday-23-11-3-220x165.jpeg 220w, https:\/\/goias.gov.br\/procon\/wp-content\/uploads\/sites\/19\/2018\/11\/Fiscaliza\u00e7\u00e3o-Black-Friday-23-11-3-768x576.jpeg 768w, https:\/\/goias.gov.br\/procon\/wp-content\/uploads\/sites\/19\/2018\/11\/Fiscaliza\u00e7\u00e3o-Black-Friday-23-11-3-400x300.jpeg 400w, https:\/\/goias.gov.br\/procon\/wp-content\/uploads\/sites\/19\/2018\/11\/Fiscaliza\u00e7\u00e3o-Black-Friday-23-11-3.jpeg 820w\" sizes=\"(max-width: 450px) 100vw, 450px\" \/><figcaption id=\"caption-attachment-41197\" class=\"wp-caption-text\">Fiscaliza\u00e7\u00e3o Black Friday 23-11 (Foto: Divulga\u00e7\u00e3o \/ Procon Goi\u00e1s)<\/figcaption><\/figure>\n<p>Em rela\u00e7\u00e3o \u00e0s lojas f\u00edsicas, at\u00e9 o momento, 33 estabelecimentos foram visitados pelas equipes e cerca de 1,6 mil pre\u00e7os foram verificados. \u00a0Algumas empresas ainda ser\u00e3o notificadas para prestar esclarecimentos e poder\u00e3o ser autuadas.<\/p>\n<p>Vale lembrar que, mesmo ap\u00f3s o encerramento da Black Friday, o Procon continuar\u00e1 recebendo reclama\u00e7\u00f5es presencialmente e vai concluir as den\u00fancias. \u00a0Veja a rela\u00e7\u00e3o das <a href=\"\/procon\/wp-content\/uploads\/sites\/19\/2018\/11\/tabelalojasfisicas.pdf\">lojas<\/a> e <a href=\"\/procon\/wp-content\/uploads\/sites\/19\/2018\/11\/tabelasitespdf.pdf\">sites <\/a>autuados.<\/p>\n<p><strong>Compara\u00e7\u00e3o com 2017<\/strong><br \/>\nEm 2017, o Procon Goi\u00e1s autuou 40 lojas f\u00edsicas e 14 sites por descumprimento \u00e0s normas do C\u00f3digo de Defesa do Consumidor (CDC).<\/p>\n<p>Percebe-se que, em 2018, houve redu\u00e7\u00e3o do n\u00famero de autua\u00e7\u00f5es de lojas f\u00edsicas em compara\u00e7\u00e3o ao ano de 2017, uma vez que foi verificado maior cumprimento, por parte das empresas, da Lei Estadual n\u00ba 19.607\/2017 &#8211; que obriga os fornecedores a informar o hist\u00f3rico de pre\u00e7os de produtos ofertados em promo\u00e7\u00e3o.<\/p>\n<p>Por outro lado, o aumento de sites autuados se deve \u00e0 intensifica\u00e7\u00e3o do trabalho de fiscaliza\u00e7\u00e3o.<\/p>\n<p><strong>Den\u00fancias e reclama\u00e7\u00f5es<\/strong><\/p>\n<p>O Procon Goi\u00e1s recebeu somente na \u00faltima sexta-feira mais de 330 liga\u00e7\u00f5es de consumidores, considerando os atendimentos realizados pelo Disque-Den\u00fancia 151 e pela plataforma on-line Procon Web. Todas as demandas est\u00e3o recebendo as devidas tratativas.<\/p>\n<p>O consumidor pode acionar o Procon Goi\u00e1s por meio do Disque-Den\u00fancia 151 ou (62) 3201-7124, ou pessoalmente na sede, que fica na Rua 8, n\u00ba 242, no Centro de Goi\u00e2nia, das 7 \u00e0s 19 horas. Outra op\u00e7\u00e3o \u00e9 ir at\u00e9 uma das ag\u00eancias do Vapt Vupt \u00a0ou acessar o Procon Web \u2013 https:\/\/proconweb.ssp.go.gov.br<\/p>\n<p>&nbsp;<\/p>\n<p><strong>Assessoria de Imprensa do Procon Goi\u00e1s<br \/>\n<\/strong>(62) 3201-7134<\/p>\n","protected":false},"excerpt":{"rendered":"<p>Procon Goi\u00e1s divulga balan\u00e7o parcial da Black Friday 2018 Na \u00faltima sexta-feira (23 de novembro), durante a Black Friday, o Procon Goi\u00e1s fiscalizou v\u00e1rios estabelecimentos comerciais e sites para verificar uma poss\u00edvel altera\u00e7\u00e3o nos pre\u00e7os promocionais praticados em compara\u00e7\u00e3o \u00e0queles coletados, planilhados e divulgados pelo \u00f3rg\u00e3o nos meses de outubro e novembro, a fim de [&hellip;]<\/p>\n","protected":false},"author":34,"featured_media":41201,"comment_status":"closed","ping_status":"closed","sticky":false,"template":"","format":"standard","meta":{"footnotes":""},"categories":[7526],"tags":[],"class_list":["post-41188","post","type-post","status-publish","format-standard","has-post-thumbnail","hentry","category-noticias-procon"],"rttpg_featured_image_url":{"full":["https:\/\/goias.gov.br\/procon\/wp-content\/uploads\/sites\/19\/2018\/11\/Fiscaliza\u00e7\u00e3o-Black-Friday-23-11-2-1.jpeg",820,476,false],"landscape":["https:\/\/goias.gov.br\/procon\/wp-content\/uploads\/sites\/19\/2018\/11\/Fiscaliza\u00e7\u00e3o-Black-Friday-23-11-2-1.jpeg",820,476,false],"portraits":["https:\/\/goias.gov.br\/procon\/wp-content\/uploads\/sites\/19\/2018\/11\/Fiscaliza\u00e7\u00e3o-Black-Friday-23-11-2-1.jpeg",820,476,false],"thumbnail":["https:\/\/goias.gov.br\/procon\/wp-content\/uploads\/sites\/19\/2018\/11\/Fiscaliza\u00e7\u00e3o-Black-Friday-23-11-2-1-140x120.jpeg",140,120,true],"medium":["https:\/\/goias.gov.br\/procon\/wp-content\/uploads\/sites\/19\/2018\/11\/Fiscaliza\u00e7\u00e3o-Black-Friday-23-11-2-1-220x128.jpeg",220,128,true],"large":["https:\/\/goias.gov.br\/procon\/wp-content\/uploads\/sites\/19\/2018\/11\/Fiscaliza\u00e7\u00e3o-Black-Friday-23-11-2-1-450x261.jpeg",450,261,true],"1536x1536":["https:\/\/goias.gov.br\/procon\/wp-content\/uploads\/sites\/19\/2018\/11\/Fiscaliza\u00e7\u00e3o-Black-Friday-23-11-2-1.jpeg",820,476,false],"2048x2048":["https:\/\/goias.gov.br\/procon\/wp-content\/uploads\/sites\/19\/2018\/11\/Fiscaliza\u00e7\u00e3o-Black-Friday-23-11-2-1.jpeg",820,476,false]},"rttpg_author":{"display_name":"celsoassis","author_link":"https:\/\/goias.gov.br\/procon\/author\/celsoassis\/"},"rttpg_comment":0,"rttpg_category":"<a href=\"https:\/\/goias.gov.br\/procon\/categoria\/noticias-procon\/\" rel=\"category tag\">Not\u00edcias Procon Goi\u00e1s<\/a>","rttpg_excerpt":"Procon Goi\u00e1s divulga balan\u00e7o parcial da Black Friday 2018 Na \u00faltima sexta-feira (23 de novembro), durante a Black Friday, o Procon Goi\u00e1s fiscalizou v\u00e1rios estabelecimentos comerciais e sites para verificar uma poss\u00edvel altera\u00e7\u00e3o nos pre\u00e7os promocionais praticados em compara\u00e7\u00e3o \u00e0queles coletados, planilhados e divulgados pelo \u00f3rg\u00e3o nos meses de outubro e novembro, a fim de&hellip;","_links":{"self":[{"href":"https:\/\/goias.gov.br\/procon\/wp-json\/wp\/v2\/posts\/41188","targetHints":{"allow":["GET"]}}],"collection":[{"href":"https:\/\/goias.gov.br\/procon\/wp-json\/wp\/v2\/posts"}],"about":[{"href":"https:\/\/goias.gov.br\/procon\/wp-json\/wp\/v2\/types\/post"}],"author":[{"embeddable":true,"href":"https:\/\/goias.gov.br\/procon\/wp-json\/wp\/v2\/users\/34"}],"replies":[{"embeddable":true,"href":"https:\/\/goias.gov.br\/procon\/wp-json\/wp\/v2\/comments?post=41188"}],"version-history":[{"count":0,"href":"https:\/\/goias.gov.br\/procon\/wp-json\/wp\/v2\/posts\/41188\/revisions"}],"wp:featuredmedia":[{"embeddable":true,"href":"https:\/\/goias.gov.br\/procon\/wp-json\/wp\/v2\/media\/41201"}],"wp:attachment":[{"href":"https:\/\/goias.gov.br\/procon\/wp-json\/wp\/v2\/media?parent=41188"}],"wp:term":[{"taxonomy":"category","embeddable":true,"href":"https:\/\/goias.gov.br\/procon\/wp-json\/wp\/v2\/categories?post=41188"},{"taxonomy":"post_tag","embeddable":true,"href":"https:\/\/goias.gov.br\/procon\/wp-json\/wp\/v2\/tags?post=41188"}],"curies":[{"name":"wp","href":"https:\/\/api.w.org\/{rel}","templated":true}]}}