
{"id":41160,"date":"2018-11-22T08:00:52","date_gmt":"2018-11-22T10:00:52","guid":{"rendered":"https:\/\/www.procon.go.gov.br\/?p=41160"},"modified":"2018-11-21T18:48:32","modified_gmt":"2018-11-21T20:48:32","slug":"procon-goias-divulga-pesquisa-de-precos-de-mensalidades-escolares-para-o-ano-letivo-de-2019","status":"publish","type":"post","link":"https:\/\/goias.gov.br\/procon\/procon-goias-divulga-pesquisa-de-precos-de-mensalidades-escolares-para-o-ano-letivo-de-2019\/","title":{"rendered":"Procon Goi\u00e1s verifica reajuste m\u00e9dio de 4,82% nos pre\u00e7os das mensalidades escolares para 2019"},"content":{"rendered":"<figure id=\"attachment_41168\" aria-describedby=\"caption-attachment-41168\" style=\"width: 450px\" class=\"wp-caption aligncenter\"><img fetchpriority=\"high\" decoding=\"async\" class=\"size-large wp-image-41168\" src=\"\/procon\/wp-content\/uploads\/sites\/19\/2018\/11\/tab-2-1-450x227.jpg\" alt=\"(Foto: Reprodu\u00e7\u00e3o)\" width=\"450\" height=\"227\" srcset=\"https:\/\/goias.gov.br\/procon\/wp-content\/uploads\/sites\/19\/2018\/11\/tab-2-1-450x227.jpg 450w, https:\/\/goias.gov.br\/procon\/wp-content\/uploads\/sites\/19\/2018\/11\/tab-2-1-220x111.jpg 220w, https:\/\/goias.gov.br\/procon\/wp-content\/uploads\/sites\/19\/2018\/11\/tab-2-1-768x388.jpg 768w, https:\/\/goias.gov.br\/procon\/wp-content\/uploads\/sites\/19\/2018\/11\/tab-2-1-400x202.jpg 400w, https:\/\/goias.gov.br\/procon\/wp-content\/uploads\/sites\/19\/2018\/11\/tab-2-1.jpg 820w\" sizes=\"(max-width: 450px) 100vw, 450px\" \/><figcaption id=\"caption-attachment-41168\" class=\"wp-caption-text\">(Foto: Reprodu\u00e7\u00e3o)<\/figcaption><\/figure>\n<h3><\/h3>\n<h3>Procon Goi\u00e1s verifica reajuste m\u00e9dio de 4,82% nos pre\u00e7os das mensalidades escolares para 2019<\/h3>\n<p><strong><em>Aumento individual foi de at\u00e9 17% na Educa\u00e7\u00e3o Infantil I;<\/em><\/strong><\/p>\n<p><strong><em>Varia\u00e7\u00e3o entre menor e maior pre\u00e7o chega a 476%.<\/em><\/strong><\/p>\n<p>O Procon Goi\u00e1s realizou, entre os dias 8 e 21 de novembro, uma pesquisa em 52 (cinq\u00fcenta e duas) escolas da rede particular de ensino da capital com o intuito de verificar os pre\u00e7os praticados nas mensalidades da Educa\u00e7\u00e3o Infantil, Ensino Fundamental e do Ensino M\u00e9dio, vigentes para o ano letivo de 2019.<\/p>\n<p>Al\u00e9m da informa\u00e7\u00e3o de pre\u00e7os, o principal foco da pesquisa, justamente por se tratar de uma presta\u00e7\u00e3o de servi\u00e7o educacional, \u00e9 a de fornecer orienta\u00e7\u00f5es e dicas para que o consumidor procure aliar a qualidade do ensino ao valor da mensalidade que esteja adequada ao seu bolso.<\/p>\n<h3>Reajuste m\u00e9dio anual, considerando todas as s\u00e9ries foi de 4,82%<\/h3>\n<ul>\n<li><strong>Individualmente, h\u00e1 caso de s\u00e9rie que registrou aumento m\u00e9dio de 17,24%<\/strong><\/li>\n<\/ul>\n<p><em>\u00a0<\/em>No geral, considerando os valores m\u00e9dios praticados para todas as s\u00e9ries vigentes para o ano letivo de 2019, comparados com os valores m\u00e9dios praticados neste ano letivo de 2018, o consumidor sentir\u00e1 um peso de 4,82%.<\/p>\n<p>No entanto, individualmente, foram encontradas algumas s\u00e9ries em que o reajuste m\u00e9dio anual chegou a 17,24%. Esse percentual foi verificado na Educa\u00e7\u00e3o Infantil I (1 e 2 anos) cujo pre\u00e7o m\u00e9dio passou de R$ 899,78 em 2018, para R$ 1054,93 em 2019.<\/p>\n<p>Veja outros exemplos:<\/p>\n<p><img decoding=\"async\" class=\"aligncenter wp-image-41163 size-full\" src=\"\/procon\/wp-content\/uploads\/sites\/19\/2018\/11\/tab-1-1.jpg\" alt=\"\" width=\"820\" height=\"237\" srcset=\"https:\/\/goias.gov.br\/procon\/wp-content\/uploads\/sites\/19\/2018\/11\/tab-1-1.jpg 820w, https:\/\/goias.gov.br\/procon\/wp-content\/uploads\/sites\/19\/2018\/11\/tab-1-1-220x64.jpg 220w, https:\/\/goias.gov.br\/procon\/wp-content\/uploads\/sites\/19\/2018\/11\/tab-1-1-768x222.jpg 768w, https:\/\/goias.gov.br\/procon\/wp-content\/uploads\/sites\/19\/2018\/11\/tab-1-1-450x130.jpg 450w, https:\/\/goias.gov.br\/procon\/wp-content\/uploads\/sites\/19\/2018\/11\/tab-1-1-400x116.jpg 400w\" sizes=\"(max-width: 820px) 100vw, 820px\" \/><\/p>\n<h3><\/h3>\n<h3><img decoding=\"async\" class=\"size-large wp-image-13558 aligncenter\" src=\"\/procon\/wp-content\/uploads\/sites\/19\/2014\/10\/matricula-escolar-450x300.jpg\" alt=\"\" width=\"450\" height=\"300\" srcset=\"https:\/\/goias.gov.br\/procon\/wp-content\/uploads\/sites\/19\/2014\/10\/matricula-escolar-450x300.jpg 450w, https:\/\/goias.gov.br\/procon\/wp-content\/uploads\/sites\/19\/2014\/10\/matricula-escolar-220x147.jpg 220w, https:\/\/goias.gov.br\/procon\/wp-content\/uploads\/sites\/19\/2014\/10\/matricula-escolar-150x100.jpg 150w, https:\/\/goias.gov.br\/procon\/wp-content\/uploads\/sites\/19\/2014\/10\/matricula-escolar-400x267.jpg 400w, https:\/\/goias.gov.br\/procon\/wp-content\/uploads\/sites\/19\/2014\/10\/matricula-escolar.jpg 700w\" sizes=\"(max-width: 450px) 100vw, 450px\" \/><\/h3>\n<h3>Reajustes devem ser justificados e podem ser questionados pelos consumidores<\/h3>\n<p>\u00c9 importante ressaltar que n\u00e3o h\u00e1 um percentual pr\u00e9-estabelecido para o reajuste no valor das mensalidades escolares. De acordo com a legisla\u00e7\u00e3o espec\u00edfica, o percentual a ser aplicado deve corresponder ao percentual relativo \u00e0 previs\u00e3o de custo para o ano letivo. A planilha de custos, que define o reajuste praticado, deve ser disponibilizada aos pais quando houver questionamento acerca do \u00edndice adotado. Caso os pais desconfiem que o reajuste n\u00e3o corresponda \u00e0 previs\u00e3o de despesas, poder\u00e3o denunciar junto ao Procon Goi\u00e1s por meio do telefone 151, pessoalmente em uma unidade do Vapt Vupt, ou mesmo pelo ProconWeb.<\/p>\n<h3>Varia\u00e7\u00e3o de pre\u00e7os chega a 476%<\/h3>\n<p>A maior varia\u00e7\u00e3o de pre\u00e7os foi identificada no Ensino Fundamental para o 2\u00ba, 3\u00ba e 4\u00ba anos. O menor valor da mensalidade foi de R$ 280,00 e o maior foi de R$ 1.615,00, apresentando uma varia\u00e7\u00e3o de 476,79%.<\/p>\n<p>Veja outras varia\u00e7\u00f5es nos pre\u00e7os das mensalidades para o ano letivo de 2019:<\/p>\n<p><img loading=\"lazy\" decoding=\"async\" class=\"aligncenter wp-image-41165 size-full\" src=\"\/procon\/wp-content\/uploads\/sites\/19\/2018\/11\/tab-2.jpg\" alt=\"\" width=\"820\" height=\"278\" srcset=\"https:\/\/goias.gov.br\/procon\/wp-content\/uploads\/sites\/19\/2018\/11\/tab-2.jpg 820w, https:\/\/goias.gov.br\/procon\/wp-content\/uploads\/sites\/19\/2018\/11\/tab-2-220x75.jpg 220w, https:\/\/goias.gov.br\/procon\/wp-content\/uploads\/sites\/19\/2018\/11\/tab-2-768x260.jpg 768w, https:\/\/goias.gov.br\/procon\/wp-content\/uploads\/sites\/19\/2018\/11\/tab-2-450x153.jpg 450w, https:\/\/goias.gov.br\/procon\/wp-content\/uploads\/sites\/19\/2018\/11\/tab-2-400x136.jpg 400w\" sizes=\"(max-width: 820px) 100vw, 820px\" \/><\/p>\n<p>Nesse tipo de segmento \u00e9 normal que ocorram essas grandes varia\u00e7\u00f5es nos pre\u00e7os das mensalidades. Contudo, o consumidor deve procurar sempre aliar o pre\u00e7o, que esteja adequado ao seu bolso, \u00e0 qualidade do servi\u00e7o prestado.<\/p>\n<p>O Procon Goi\u00e1s orienta os consumidores que antes da matr\u00edcula escolar, fa\u00e7am uma pesquisa em pelo menos tr\u00eas estabelecimentos de ensino para decidir qual ser\u00e1 o mais adequado ao or\u00e7amento e, a partir desta lista, conversem com amigos e parentes que j\u00e1 conhecem o servi\u00e7o para avaliar o seu grau de satisfa\u00e7\u00e3o.<\/p>\n<p>Tamb\u00e9m \u00e9 interessante fazer uma visita para conhecer os professores e o material did\u00e1tico utilizado, a carga hor\u00e1ria por turno, o espa\u00e7o f\u00edsico e se s\u00e3o oferecidos plant\u00f5es pedag\u00f3gicos, avalia\u00e7\u00e3o\/simulado e sua periodicidade. \u00c9 muito importante verificar o n\u00famero de alunos em sala de aula e, ainda, o \u00edndice de aprova\u00e7\u00e3o nos vestibulares e classifica\u00e7\u00e3o no Exame Nacional do Ensino M\u00e9dio (Enem).<\/p>\n<p>&nbsp;<\/p>\n<p><img loading=\"lazy\" decoding=\"async\" class=\"size-full wp-image-2995 aligncenter\" src=\"\/procon\/wp-content\/uploads\/sites\/19\/2012\/01\/escolas-particulares2.jpg\" alt=\"\" width=\"400\" height=\"265\" srcset=\"https:\/\/goias.gov.br\/procon\/wp-content\/uploads\/sites\/19\/2012\/01\/escolas-particulares2.jpg 400w, https:\/\/goias.gov.br\/procon\/wp-content\/uploads\/sites\/19\/2012\/01\/escolas-particulares2-220x145.jpg 220w, https:\/\/goias.gov.br\/procon\/wp-content\/uploads\/sites\/19\/2012\/01\/escolas-particulares2-300x200.jpg 300w\" sizes=\"(max-width: 400px) 100vw, 400px\" \/><\/p>\n<p>&nbsp;<\/p>\n<h3>Aten\u00e7\u00e3o ao Contrato de Presta\u00e7\u00e3o de Servi\u00e7o Educacional<\/h3>\n<p>Anualmente, o Procon Goi\u00e1s notifica v\u00e1rias escolas de of\u00edcio, ou por meio de den\u00fancia de consumidores, para apresentarem a c\u00f3pia do contrato de presta\u00e7\u00e3o de servi\u00e7os educacionais, lista de material escolar e planilha de custos. No entanto, \u00e9 muito comum encontrar problemas, principalmente relacionado a cl\u00e1usulas abusivas no contrato e itens proibidos da lista de material escolar.<\/p>\n<p>Desta forma, sugere-se uma leitura minuciosa no contrato antes da assinatura. Vale lembrar que configura cl\u00e1usula abusiva (pr\u00e1tica abusiva) a rescis\u00e3o do contrato durante o ano letivo vigente pelo motivo de inadimpl\u00eancia, aplica\u00e7\u00e3o de multa de atraso superior a 2%, reten\u00e7\u00e3o de todo o valor da matr\u00edcula no caso de desist\u00eancia antes do in\u00edcio das aulas, etc.<\/p>\n<h3>Direitos dos consumidores na contrata\u00e7\u00e3o de servi\u00e7os educacionais<\/h3>\n<p><strong>\u25ba Aten\u00e7\u00e3o ao valor da anuidade ou semestralidade<\/strong><\/p>\n<p>As escolas s\u00f3 podem cobrar dos alunos o valor correspondente ao valor da anuidade firmado em contrato, que poder\u00e1 ser parcelado de acordo com as partes. A matr\u00edcula, nada mais \u00e9 do que uma das parcelas da anuidade ou semestralidade. Esteja atento ao valor da mensalidade que foi anunciado: muitas vezes o valor divulgado corresponde ao desconto de pontualidade e n\u00e3o ao valor normal da parcela;<\/p>\n<p><strong>\u25ba Esteja atento aos abusos em caso de inadimpl\u00eancia<\/strong><\/p>\n<p>Suspender provas, reter documentos, proibir a entrada do aluno em sala de aula ou qualquer outro tipo de san\u00e7\u00e3o pedag\u00f3gica durante a vig\u00eancia do contrato, por quest\u00e3o de inadimpl\u00eancia, configura pr\u00e1tica abusiva &#8211; que deve ser denunciada pelos consumidores;<\/p>\n<p><strong>\u25ba Inadimpl\u00eancia pode resultar em negativa\u00e7\u00e3o\u00a0<\/strong><\/p>\n<p>O Procon Goi\u00e1s ainda orienta que os respons\u00e1veis pelo aluno, em situa\u00e7\u00e3o de inadimpl\u00eancia, poder\u00e3o ter seus nomes inclu\u00eddos nos cadastros de prote\u00e7\u00e3o ao cr\u00e9dito, desde que sua inclus\u00e3o seja previamente informada.<\/p>\n<p>Para acessar a planilha de pre\u00e7os,\u00a0<a href=\"\/procon\/wp-content\/uploads\/sites\/19\/2018\/11\/Planilha-Mensalidade-Escolar-2019-Oficial.pdf\"><strong><em><u>clique aqui<\/u><\/em><\/strong><\/a><\/p>\n<p>Para acessar o relat\u00f3rio da pesquisa,\u00a0<a href=\"\/procon\/wp-content\/uploads\/sites\/19\/2018\/11\/Relat\u00f3rio-Mensalidade-Escolar-2019-Oficial.pdf\"><strong><em><u>clique aqui<\/u><\/em><\/strong><\/a><\/p>\n<p><strong>Assessoria de Imprensa do Procon Goi\u00e1s<\/strong><\/p>\n<p>(62) 3201-7134<\/p>\n","protected":false},"excerpt":{"rendered":"<p>Procon Goi\u00e1s verifica reajuste m\u00e9dio de 4,82% nos pre\u00e7os das mensalidades escolares para 2019 Aumento individual foi de at\u00e9 17% na Educa\u00e7\u00e3o Infantil I; Varia\u00e7\u00e3o entre menor e maior pre\u00e7o chega a 476%. O Procon Goi\u00e1s realizou, entre os dias 8 e 21 de novembro, uma pesquisa em 52 (cinq\u00fcenta e duas) escolas da rede [&hellip;]<\/p>\n","protected":false},"author":34,"featured_media":41168,"comment_status":"closed","ping_status":"closed","sticky":false,"template":"","format":"standard","meta":{"footnotes":""},"categories":[7526],"tags":[],"class_list":["post-41160","post","type-post","status-publish","format-standard","has-post-thumbnail","hentry","category-noticias-procon"],"rttpg_featured_image_url":{"full":["https:\/\/goias.gov.br\/procon\/wp-content\/uploads\/sites\/19\/2018\/11\/tab-2-1.jpg",820,414,false],"landscape":["https:\/\/goias.gov.br\/procon\/wp-content\/uploads\/sites\/19\/2018\/11\/tab-2-1.jpg",820,414,false],"portraits":["https:\/\/goias.gov.br\/procon\/wp-content\/uploads\/sites\/19\/2018\/11\/tab-2-1.jpg",820,414,false],"thumbnail":["https:\/\/goias.gov.br\/procon\/wp-content\/uploads\/sites\/19\/2018\/11\/tab-2-1-140x120.jpg",140,120,true],"medium":["https:\/\/goias.gov.br\/procon\/wp-content\/uploads\/sites\/19\/2018\/11\/tab-2-1-220x111.jpg",220,111,true],"large":["https:\/\/goias.gov.br\/procon\/wp-content\/uploads\/sites\/19\/2018\/11\/tab-2-1-450x227.jpg",450,227,true],"1536x1536":["https:\/\/goias.gov.br\/procon\/wp-content\/uploads\/sites\/19\/2018\/11\/tab-2-1.jpg",820,414,false],"2048x2048":["https:\/\/goias.gov.br\/procon\/wp-content\/uploads\/sites\/19\/2018\/11\/tab-2-1.jpg",820,414,false]},"rttpg_author":{"display_name":"celsoassis","author_link":"https:\/\/goias.gov.br\/procon\/author\/celsoassis\/"},"rttpg_comment":0,"rttpg_category":"<a href=\"https:\/\/goias.gov.br\/procon\/categoria\/noticias-procon\/\" rel=\"category tag\">Not\u00edcias Procon Goi\u00e1s<\/a>","rttpg_excerpt":"Procon Goi\u00e1s verifica reajuste m\u00e9dio de 4,82% nos pre\u00e7os das mensalidades escolares para 2019 Aumento individual foi de at\u00e9 17% na Educa\u00e7\u00e3o Infantil I; Varia\u00e7\u00e3o entre menor e maior pre\u00e7o chega a 476%. O Procon Goi\u00e1s realizou, entre os dias 8 e 21 de novembro, uma pesquisa em 52 (cinq\u00fcenta e duas) escolas da rede&hellip;","_links":{"self":[{"href":"https:\/\/goias.gov.br\/procon\/wp-json\/wp\/v2\/posts\/41160","targetHints":{"allow":["GET"]}}],"collection":[{"href":"https:\/\/goias.gov.br\/procon\/wp-json\/wp\/v2\/posts"}],"about":[{"href":"https:\/\/goias.gov.br\/procon\/wp-json\/wp\/v2\/types\/post"}],"author":[{"embeddable":true,"href":"https:\/\/goias.gov.br\/procon\/wp-json\/wp\/v2\/users\/34"}],"replies":[{"embeddable":true,"href":"https:\/\/goias.gov.br\/procon\/wp-json\/wp\/v2\/comments?post=41160"}],"version-history":[{"count":0,"href":"https:\/\/goias.gov.br\/procon\/wp-json\/wp\/v2\/posts\/41160\/revisions"}],"wp:featuredmedia":[{"embeddable":true,"href":"https:\/\/goias.gov.br\/procon\/wp-json\/wp\/v2\/media\/41168"}],"wp:attachment":[{"href":"https:\/\/goias.gov.br\/procon\/wp-json\/wp\/v2\/media?parent=41160"}],"wp:term":[{"taxonomy":"category","embeddable":true,"href":"https:\/\/goias.gov.br\/procon\/wp-json\/wp\/v2\/categories?post=41160"},{"taxonomy":"post_tag","embeddable":true,"href":"https:\/\/goias.gov.br\/procon\/wp-json\/wp\/v2\/tags?post=41160"}],"curies":[{"name":"wp","href":"https:\/\/api.w.org\/{rel}","templated":true}]}}