
{"id":39993,"date":"2018-09-10T11:50:02","date_gmt":"2018-09-10T14:50:02","guid":{"rendered":"https:\/\/www.procon.go.gov.br\/?p=39993"},"modified":"2018-09-18T14:21:46","modified_gmt":"2018-09-18T17:21:46","slug":"edital-de-notificacao-no-00200053-fornecedor-vasto-transporte-logistica-integrada-julia-excursoes-agencia-de-turismo","status":"publish","type":"post","link":"https:\/\/goias.gov.br\/procon\/edital-de-notificacao-no-00200053-fornecedor-vasto-transporte-logistica-integrada-julia-excursoes-agencia-de-turismo\/","title":{"rendered":"Edital de Notifica\u00e7\u00e3o, n\u00ba 00200053 , Fornecedor VASTO TRANSPORTE &#038; LOG\u00cdSTICA INTEGRADA, JULIA EXCURS\u00d5ES AG\u00caNCIA DE TURISMO"},"content":{"rendered":"<p style=\"text-align: center;\"><img decoding=\"async\" class=\"aligncenter size-full wp-image-39955\" src=\"\/procon\/wp-content\/uploads\/sites\/19\/2018\/09\/icon-doc-1.jpg\" alt=\"\" width=\"94\" height=\"120\" \/> <a href=\"\/procon\/wp-content\/uploads\/sites\/19\/2018\/09\/Edital-de-Notifica\u00e7\u00e3o-n\u00ba-00200053-Fornecedor-VASTO-TRANSPORTE-LOGISTICA-INTEGRADA-JULIA-EXCURS\u00d5ES-AG\u00caNCIA-DE-TURISMO.pdf\"><strong>Edital de Notifica\u00e7\u00e3o, n\u00ba 00200053 , Fornecedor VASTO TRANSPORTE &amp; LOG\u00cdSTICA INTEGRADA, JULIA EXCURS\u00d5ES AG\u00caNCIA DE TURISMO<\/strong><\/a><\/p>\n","protected":false},"excerpt":{"rendered":"<p>Edital de Notifica\u00e7\u00e3o, n\u00ba 00200053 , Fornecedor VASTO TRANSPORTE &amp; LOG\u00cdSTICA INTEGRADA, JULIA EXCURS\u00d5ES AG\u00caNCIA DE TURISMO<\/p>\n","protected":false},"author":23,"featured_media":0,"comment_status":"closed","ping_status":"closed","sticky":false,"template":"","format":"standard","meta":{"footnotes":""},"categories":[14,16],"tags":[5654,3017,8280,143,6809,8279,8278,4524,142,2723,8277],"class_list":["post-39993","post","type-post","status-publish","format-standard","hentry","category-editais-de-notifiacao","category-notificacao-de-fornecedor","tag-agencia","tag-edital","tag-excursoes","tag-fornecedor","tag-integrada","tag-julia","tag-logistica","tag-no","tag-notificacao","tag-turismo","tag-vasto-transporte"],"rttpg_featured_image_url":null,"rttpg_author":{"display_name":"claudiacury","author_link":"https:\/\/goias.gov.br\/procon\/author\/claudiacury\/"},"rttpg_comment":0,"rttpg_category":"<a href=\"https:\/\/goias.gov.br\/procon\/categoria\/editais-de-notifiacao\/\" rel=\"category tag\">Editais de Notifica\u00e7\u00e3o<\/a> <a href=\"https:\/\/goias.gov.br\/procon\/categoria\/editais-de-notifiacao\/notificacao-de-fornecedor\/\" rel=\"category tag\">Fornecedor<\/a>","rttpg_excerpt":"Edital de Notifica\u00e7\u00e3o, n\u00ba 00200053 , Fornecedor VASTO TRANSPORTE &amp; LOG\u00cdSTICA INTEGRADA, JULIA EXCURS\u00d5ES AG\u00caNCIA DE TURISMO","_links":{"self":[{"href":"https:\/\/goias.gov.br\/procon\/wp-json\/wp\/v2\/posts\/39993","targetHints":{"allow":["GET"]}}],"collection":[{"href":"https:\/\/goias.gov.br\/procon\/wp-json\/wp\/v2\/posts"}],"about":[{"href":"https:\/\/goias.gov.br\/procon\/wp-json\/wp\/v2\/types\/post"}],"author":[{"embeddable":true,"href":"https:\/\/goias.gov.br\/procon\/wp-json\/wp\/v2\/users\/23"}],"replies":[{"embeddable":true,"href":"https:\/\/goias.gov.br\/procon\/wp-json\/wp\/v2\/comments?post=39993"}],"version-history":[{"count":0,"href":"https:\/\/goias.gov.br\/procon\/wp-json\/wp\/v2\/posts\/39993\/revisions"}],"wp:attachment":[{"href":"https:\/\/goias.gov.br\/procon\/wp-json\/wp\/v2\/media?parent=39993"}],"wp:term":[{"taxonomy":"category","embeddable":true,"href":"https:\/\/goias.gov.br\/procon\/wp-json\/wp\/v2\/categories?post=39993"},{"taxonomy":"post_tag","embeddable":true,"href":"https:\/\/goias.gov.br\/procon\/wp-json\/wp\/v2\/tags?post=39993"}],"curies":[{"name":"wp","href":"https:\/\/api.w.org\/{rel}","templated":true}]}}