
{"id":39806,"date":"2018-09-17T10:05:22","date_gmt":"2018-09-17T13:05:22","guid":{"rendered":"https:\/\/www.procon.go.gov.br\/?p=39806"},"modified":"2018-09-18T09:46:26","modified_gmt":"2018-09-18T12:46:26","slug":"procon-goias-divulga-nesta-terca-feira-18-9-pesquisa-sobre-precos-de-hortifruti","status":"publish","type":"post","link":"https:\/\/goias.gov.br\/procon\/procon-goias-divulga-nesta-terca-feira-18-9-pesquisa-sobre-precos-de-hortifruti\/","title":{"rendered":"Procon Goi\u00e1s divulga nesta ter\u00e7a-feira (18\/9) pesquisa sobre pre\u00e7os de hortifruti"},"content":{"rendered":"<p>Quem prioriza os dias de promo\u00e7\u00e3o de hortifruti pode conseguir uma boa economia, se tomar alguns cuidados. Ap\u00f3s realizar pesquisa de pre\u00e7os de 51 itens em 13 supermercados de Goi\u00e2nia, o Procon Goi\u00e1s verificou que \u00a0muitos produtos podem ficar mais caros em rela\u00e7\u00e3o aos pre\u00e7os praticados em dias normais.<\/p>\n<p>Se o consumidor n\u00e3o ficar atento, a economia obtida na compra de alguns produtos pode acabar ficando ali mesmo, no pr\u00f3prio supermercado. O resultado completo da pesquisa vai deixar muita dona de casa de olhos bem abertos aos pre\u00e7os na pr\u00f3xima vez que for ao supermercado em dias de promo\u00e7\u00e3o de hortifruti.<\/p>\n<p>A pesquisa ser\u00e1 divulgada nesta ter\u00e7a-feira (18\/9) e o atendimento \u00e0 imprensa ser\u00e1 a partir das 7h30 (por telefone) e a partir das 8h30 (sede do Procon Goi\u00e1s \u2013 3\u00ba andar). Todo o resultado estar\u00e1 dispon\u00edvel no site <a href=\"http:\/\/www.procon.go.gov.br\">www.procon.go.gov.br<\/a> a partir das 8 h.<\/p>\n<p>Assessoria de Imprensa do Procon Goi\u00e1s<\/p>\n<p>(62) 3201-7134<\/p>\n<p>Jornalistas<\/p>\n<p>Gabriela Louredo (62) 99396-9342<\/p>\n<p>Tom Fernandes (62) 98182-4649<\/p>\n","protected":false},"excerpt":{"rendered":"<p>Quem prioriza os dias de promo\u00e7\u00e3o de hortifruti pode conseguir uma boa economia, se tomar alguns cuidados. Ap\u00f3s realizar pesquisa de pre\u00e7os de 51 itens em 13 supermercados de Goi\u00e2nia, o Procon Goi\u00e1s verificou que \u00a0muitos produtos podem ficar mais caros em rela\u00e7\u00e3o aos pre\u00e7os praticados em dias normais. Se o consumidor n\u00e3o ficar atento, [&hellip;]<\/p>\n","protected":false},"author":34,"featured_media":29850,"comment_status":"closed","ping_status":"closed","sticky":false,"template":"","format":"standard","meta":{"footnotes":""},"categories":[2584],"tags":[],"class_list":["post-39806","post","type-post","status-publish","format-standard","has-post-thumbnail","hentry","category-procon-2"],"rttpg_featured_image_url":{"full":["https:\/\/goias.gov.br\/procon\/wp-content\/uploads\/sites\/19\/2017\/03\/chamada-hortifruti-imagem.jpg",700,407,false],"landscape":["https:\/\/goias.gov.br\/procon\/wp-content\/uploads\/sites\/19\/2017\/03\/chamada-hortifruti-imagem.jpg",700,407,false],"portraits":["https:\/\/goias.gov.br\/procon\/wp-content\/uploads\/sites\/19\/2017\/03\/chamada-hortifruti-imagem.jpg",700,407,false],"thumbnail":["https:\/\/goias.gov.br\/procon\/wp-content\/uploads\/sites\/19\/2017\/03\/chamada-hortifruti-imagem-140x120.jpg",140,120,true],"medium":["https:\/\/goias.gov.br\/procon\/wp-content\/uploads\/sites\/19\/2017\/03\/chamada-hortifruti-imagem-220x128.jpg",220,128,true],"large":["https:\/\/goias.gov.br\/procon\/wp-content\/uploads\/sites\/19\/2017\/03\/chamada-hortifruti-imagem-450x262.jpg",450,262,true],"1536x1536":["https:\/\/goias.gov.br\/procon\/wp-content\/uploads\/sites\/19\/2017\/03\/chamada-hortifruti-imagem.jpg",700,407,false],"2048x2048":["https:\/\/goias.gov.br\/procon\/wp-content\/uploads\/sites\/19\/2017\/03\/chamada-hortifruti-imagem.jpg",700,407,false]},"rttpg_author":{"display_name":"celsoassis","author_link":"https:\/\/goias.gov.br\/procon\/author\/celsoassis\/"},"rttpg_comment":0,"rttpg_category":"<a href=\"https:\/\/goias.gov.br\/procon\/categoria\/procon-2\/\" rel=\"category tag\">PROCON<\/a>","rttpg_excerpt":"Quem prioriza os dias de promo\u00e7\u00e3o de hortifruti pode conseguir uma boa economia, se tomar alguns cuidados. Ap\u00f3s realizar pesquisa de pre\u00e7os de 51 itens em 13 supermercados de Goi\u00e2nia, o Procon Goi\u00e1s verificou que \u00a0muitos produtos podem ficar mais caros em rela\u00e7\u00e3o aos pre\u00e7os praticados em dias normais. Se o consumidor n\u00e3o ficar atento,&hellip;","_links":{"self":[{"href":"https:\/\/goias.gov.br\/procon\/wp-json\/wp\/v2\/posts\/39806","targetHints":{"allow":["GET"]}}],"collection":[{"href":"https:\/\/goias.gov.br\/procon\/wp-json\/wp\/v2\/posts"}],"about":[{"href":"https:\/\/goias.gov.br\/procon\/wp-json\/wp\/v2\/types\/post"}],"author":[{"embeddable":true,"href":"https:\/\/goias.gov.br\/procon\/wp-json\/wp\/v2\/users\/34"}],"replies":[{"embeddable":true,"href":"https:\/\/goias.gov.br\/procon\/wp-json\/wp\/v2\/comments?post=39806"}],"version-history":[{"count":0,"href":"https:\/\/goias.gov.br\/procon\/wp-json\/wp\/v2\/posts\/39806\/revisions"}],"wp:featuredmedia":[{"embeddable":true,"href":"https:\/\/goias.gov.br\/procon\/wp-json\/wp\/v2\/media\/29850"}],"wp:attachment":[{"href":"https:\/\/goias.gov.br\/procon\/wp-json\/wp\/v2\/media?parent=39806"}],"wp:term":[{"taxonomy":"category","embeddable":true,"href":"https:\/\/goias.gov.br\/procon\/wp-json\/wp\/v2\/categories?post=39806"},{"taxonomy":"post_tag","embeddable":true,"href":"https:\/\/goias.gov.br\/procon\/wp-json\/wp\/v2\/tags?post=39806"}],"curies":[{"name":"wp","href":"https:\/\/api.w.org\/{rel}","templated":true}]}}