
{"id":37643,"date":"2018-05-11T08:00:35","date_gmt":"2018-05-11T11:00:35","guid":{"rendered":"https:\/\/www.procon.go.gov.br\/?p=37643"},"modified":"2018-05-25T13:52:46","modified_gmt":"2018-05-25T16:52:46","slug":"procon-goias-realiza-ultima-etapa-da-selecao-do-concurso-publico-para-fiscais-da-relacao-de-consumo","status":"publish","type":"post","link":"https:\/\/goias.gov.br\/procon\/procon-goias-realiza-ultima-etapa-da-selecao-do-concurso-publico-para-fiscais-da-relacao-de-consumo\/","title":{"rendered":"Procon Goi\u00e1s realiza \u00faltima etapa da sele\u00e7\u00e3o do concurso p\u00fablico para fiscais da rela\u00e7\u00e3o de consumo"},"content":{"rendered":"<p><strong>Procon Goi\u00e1s realiza \u00faltima etapa da sele\u00e7\u00e3o do concurso p\u00fablico para fiscais da rela\u00e7\u00e3o de consumo<\/strong><\/p>\n<p>O Procon Goi\u00e1s inicia na pr\u00f3xima segunda-feira, 14 de maio, a partir das 8 horas, o Curso de Forma\u00e7\u00e3o dos Fiscais da Rela\u00e7\u00e3o de Consumo do primeiro concurso p\u00fablico realizado pelo \u00f3rg\u00e3o em parceria com o Instituto Quadrix. \u00a0A capacita\u00e7\u00e3o constitui a \u00faltima etapa do processo seletivo e possui car\u00e1ter eliminat\u00f3rio e classificat\u00f3rio, com carga hor\u00e1ria de 40 horas presenciais.<\/p>\n<p>As aulas ser\u00e3o ministradas de 14 a 18 de maio, das 8 horas \u00e0s 18 horas, na Escola Estadual de Defesa do Consumidor (EEDC), na sede do Procon Goi\u00e1s, por servidores do pr\u00f3prio \u00f3rg\u00e3o e professores convidados. No s\u00e1bado, 19 de maio, ser\u00e1 aplicada uma prova de verifica\u00e7\u00e3o. O resultado preliminar da avalia\u00e7\u00e3o ser\u00e1 divulgado no dia 8 de junho no <a href=\"http:\/\/www.quadrix.org.br\">www.quadrix.org.br<\/a>.<\/p>\n<p>Ao todo, 23 concursandos participar\u00e3o do curso. Por meio do certame, foram abertas 15 vagas com carga hor\u00e1ria de 40 horas semanais. Consulte o <a href=\"http:\/\/cdn.quadrix.org.br\/web\/visualizar.html?file=http:\/\/cdn.quadrix.org.br\/Archives\/General\/17616\/18143\/18144\/A599E2F94E60\/1_PROCON_GO_concurso_2017_edital_de_abertura.pdf\"><u>edital.<\/u><\/a><\/p>\n<p>Os fiscais das rela\u00e7\u00f5es de consumo do Procon-Goi\u00e1s ter\u00e3o como atribui\u00e7\u00f5es: fiscalizar os estabelecimentos industriais, comerciais e prestadores de servi\u00e7o no \u00e2mbito do Estado de Goi\u00e1s, visando ao fiel cumprimento da legisla\u00e7\u00e3o de prote\u00e7\u00e3o e defesa do consumidor; examinar documentos fiscais, livros comerciais e estoques e promover exames cont\u00e1beis para apura\u00e7\u00e3o de infra\u00e7\u00e3o contra o consumidor; efetuar dilig\u00eancias no atendimento \u00e0s reclama\u00e7\u00f5es formuladas pelos consumidores, notadamente aquelas que necessitem de verifica\u00e7\u00e3o in loco, com vista \u00e0 comprova\u00e7\u00e3o de poss\u00edvel pr\u00e1tica infracional. Todas as atribui\u00e7\u00f5es poder\u00e3o ser consultadas no edital.<\/p>\n<p>Com o aumento do n\u00famero de fiscais, a atua\u00e7\u00e3o do Procon Goi\u00e1s ser\u00e1 otimizada, possibilitando o fortalecimento da defesa do consumidor.<\/p>\n<p>&nbsp;<\/p>\n<p>&nbsp;<\/p>\n<p>&nbsp;<\/p>\n<p>&nbsp;<\/p>\n<p>&nbsp;<\/p>\n<p>&nbsp;<\/p>\n","protected":false},"excerpt":{"rendered":"<p>Procon Goi\u00e1s realiza \u00faltima etapa da sele\u00e7\u00e3o do concurso p\u00fablico para fiscais da rela\u00e7\u00e3o de consumo O Procon Goi\u00e1s inicia na pr\u00f3xima segunda-feira, 14 de maio, a partir das 8 horas, o Curso de Forma\u00e7\u00e3o dos Fiscais da Rela\u00e7\u00e3o de Consumo do primeiro concurso p\u00fablico realizado pelo \u00f3rg\u00e3o em parceria com o Instituto Quadrix. \u00a0A [&hellip;]<\/p>\n","protected":false},"author":2,"featured_media":25973,"comment_status":"closed","ping_status":"closed","sticky":false,"template":"","format":"standard","meta":{"footnotes":""},"categories":[10,2584],"tags":[],"class_list":["post-37643","post","type-post","status-publish","format-standard","has-post-thumbnail","hentry","category-noticias","category-procon-2"],"rttpg_featured_image_url":{"full":["https:\/\/goias.gov.br\/procon\/wp-content\/uploads\/sites\/19\/2016\/07\/procon-220x196.jpg",220,196,false],"landscape":["https:\/\/goias.gov.br\/procon\/wp-content\/uploads\/sites\/19\/2016\/07\/procon-220x196.jpg",220,196,false],"portraits":["https:\/\/goias.gov.br\/procon\/wp-content\/uploads\/sites\/19\/2016\/07\/procon-220x196.jpg",220,196,false],"thumbnail":["https:\/\/goias.gov.br\/procon\/wp-content\/uploads\/sites\/19\/2016\/07\/procon-220x196-140x120.jpg",140,120,true],"medium":["https:\/\/goias.gov.br\/procon\/wp-content\/uploads\/sites\/19\/2016\/07\/procon-220x196-220x196.jpg",220,196,true],"large":["https:\/\/goias.gov.br\/procon\/wp-content\/uploads\/sites\/19\/2016\/07\/procon-220x196.jpg",220,196,false],"1536x1536":["https:\/\/goias.gov.br\/procon\/wp-content\/uploads\/sites\/19\/2016\/07\/procon-220x196.jpg",220,196,false],"2048x2048":["https:\/\/goias.gov.br\/procon\/wp-content\/uploads\/sites\/19\/2016\/07\/procon-220x196.jpg",220,196,false]},"rttpg_author":{"display_name":"rogerioduarte","author_link":"https:\/\/goias.gov.br\/procon\/author\/rogerioduarte\/"},"rttpg_comment":0,"rttpg_category":"<a href=\"https:\/\/goias.gov.br\/procon\/categoria\/noticias\/\" rel=\"category tag\">Not\u00edcias<\/a> <a href=\"https:\/\/goias.gov.br\/procon\/categoria\/procon-2\/\" rel=\"category tag\">PROCON<\/a>","rttpg_excerpt":"Procon Goi\u00e1s realiza \u00faltima etapa da sele\u00e7\u00e3o do concurso p\u00fablico para fiscais da rela\u00e7\u00e3o de consumo O Procon Goi\u00e1s inicia na pr\u00f3xima segunda-feira, 14 de maio, a partir das 8 horas, o Curso de Forma\u00e7\u00e3o dos Fiscais da Rela\u00e7\u00e3o de Consumo do primeiro concurso p\u00fablico realizado pelo \u00f3rg\u00e3o em parceria com o Instituto Quadrix. \u00a0A&hellip;","_links":{"self":[{"href":"https:\/\/goias.gov.br\/procon\/wp-json\/wp\/v2\/posts\/37643","targetHints":{"allow":["GET"]}}],"collection":[{"href":"https:\/\/goias.gov.br\/procon\/wp-json\/wp\/v2\/posts"}],"about":[{"href":"https:\/\/goias.gov.br\/procon\/wp-json\/wp\/v2\/types\/post"}],"author":[{"embeddable":true,"href":"https:\/\/goias.gov.br\/procon\/wp-json\/wp\/v2\/users\/2"}],"replies":[{"embeddable":true,"href":"https:\/\/goias.gov.br\/procon\/wp-json\/wp\/v2\/comments?post=37643"}],"version-history":[{"count":0,"href":"https:\/\/goias.gov.br\/procon\/wp-json\/wp\/v2\/posts\/37643\/revisions"}],"wp:featuredmedia":[{"embeddable":true,"href":"https:\/\/goias.gov.br\/procon\/wp-json\/wp\/v2\/media\/25973"}],"wp:attachment":[{"href":"https:\/\/goias.gov.br\/procon\/wp-json\/wp\/v2\/media?parent=37643"}],"wp:term":[{"taxonomy":"category","embeddable":true,"href":"https:\/\/goias.gov.br\/procon\/wp-json\/wp\/v2\/categories?post=37643"},{"taxonomy":"post_tag","embeddable":true,"href":"https:\/\/goias.gov.br\/procon\/wp-json\/wp\/v2\/tags?post=37643"}],"curies":[{"name":"wp","href":"https:\/\/api.w.org\/{rel}","templated":true}]}}