
{"id":37630,"date":"2018-05-09T11:56:34","date_gmt":"2018-05-09T14:56:34","guid":{"rendered":"https:\/\/www.procon.go.gov.br\/?p=37630"},"modified":"2018-05-25T13:53:01","modified_gmt":"2018-05-25T16:53:01","slug":"enel-e-condenada-a-pagar-r-1-milhao-de-indenizacao-por-cobranca-de-tarifa-de-religacao-de-energia","status":"publish","type":"post","link":"https:\/\/goias.gov.br\/procon\/enel-e-condenada-a-pagar-r-1-milhao-de-indenizacao-por-cobranca-de-tarifa-de-religacao-de-energia\/","title":{"rendered":"CelgPar \u00e9 condenada a pagar indeniza\u00e7\u00e3o de R$ 1 milh\u00e3o por cobran\u00e7a de tarifa de religa\u00e7\u00e3o de energia"},"content":{"rendered":"<p><strong>Enel \u00e9 condenada a pagar R$ 1 milh\u00e3o de indeniza\u00e7\u00e3o por cobran\u00e7a de tarifa de religa\u00e7\u00e3o de energia<\/strong><\/p>\n<p>A Celgpar Companhia Celg de Participa\u00e7\u00f5es foi condenada pela Justi\u00e7a ao pagamento de indeniza\u00e7\u00e3o de R$ 1 milh\u00e3o por dano moral coletivo, por motivo de cobran\u00e7a abusiva realizada pela empresa &#8211; a tarifa de religa\u00e7\u00e3o de energia.<\/p>\n<p>A decis\u00e3o do juiz substituto \u00c1tila Naves Amaral, da 11\u00aa Vara C\u00edvel, acatou parcialmente a\u00e7\u00e3o proposta pelo Minist\u00e9rio P\u00fablico de Goi\u00e1s em 2014.<\/p>\n<p>Em sua senten\u00e7a, o magistrado afirma que a empresa presta servi\u00e7o sob regime de remunera\u00e7\u00e3o e a inadimpl\u00eancia pode determinar o corte do fornecimento. A inadimpl\u00eancia, por sua vez, acarreta ao consumidor o pagamento de juros de mora, multa mais despesas de regulariza\u00e7\u00e3o dos servi\u00e7os. Ele entende que a imposi\u00e7\u00e3o destes acr\u00e9scimos, mais a cobran\u00e7a da taxa de religa\u00e7\u00e3o traz desequil\u00edbrio \u00e0 rela\u00e7\u00e3o contratual mantida entre as partes.<\/p>\n<p>O valor arbitrado dever\u00e1 ser destinado ao Fundo Estadual de Defesa do Consumidor do Procon Goi\u00e1s. Ainda cabe recurso da decis\u00e3o, de primeira inst\u00e2ncia. Veja a<a href=\"http:\/\/www.tjgo.jus.br\/images\/docs\/ccs\/Celgreligar.pdf\"> decis\u00e3o<\/a> na \u00edntegra.<\/p>\n<p>&nbsp;<\/p>\n","protected":false},"excerpt":{"rendered":"<p>Enel \u00e9 condenada a pagar R$ 1 milh\u00e3o de indeniza\u00e7\u00e3o por cobran\u00e7a de tarifa de religa\u00e7\u00e3o de energia A Celgpar Companhia Celg de Participa\u00e7\u00f5es foi condenada pela Justi\u00e7a ao pagamento de indeniza\u00e7\u00e3o de R$ 1 milh\u00e3o por dano moral coletivo, por motivo de cobran\u00e7a abusiva realizada pela empresa &#8211; a tarifa de religa\u00e7\u00e3o de energia. [&hellip;]<\/p>\n","protected":false},"author":2,"featured_media":37631,"comment_status":"closed","ping_status":"closed","sticky":false,"template":"","format":"standard","meta":{"footnotes":""},"categories":[10,2584],"tags":[],"class_list":["post-37630","post","type-post","status-publish","format-standard","has-post-thumbnail","hentry","category-noticias","category-procon-2"],"rttpg_featured_image_url":{"full":["https:\/\/goias.gov.br\/procon\/wp-content\/uploads\/sites\/19\/2018\/05\/justica.jpg",128,128,false],"landscape":["https:\/\/goias.gov.br\/procon\/wp-content\/uploads\/sites\/19\/2018\/05\/justica.jpg",128,128,false],"portraits":["https:\/\/goias.gov.br\/procon\/wp-content\/uploads\/sites\/19\/2018\/05\/justica.jpg",128,128,false],"thumbnail":["https:\/\/goias.gov.br\/procon\/wp-content\/uploads\/sites\/19\/2018\/05\/justica-128x120.jpg",128,120,true],"medium":["https:\/\/goias.gov.br\/procon\/wp-content\/uploads\/sites\/19\/2018\/05\/justica.jpg",128,128,false],"large":["https:\/\/goias.gov.br\/procon\/wp-content\/uploads\/sites\/19\/2018\/05\/justica.jpg",128,128,false],"1536x1536":["https:\/\/goias.gov.br\/procon\/wp-content\/uploads\/sites\/19\/2018\/05\/justica.jpg",128,128,false],"2048x2048":["https:\/\/goias.gov.br\/procon\/wp-content\/uploads\/sites\/19\/2018\/05\/justica.jpg",128,128,false]},"rttpg_author":{"display_name":"rogerioduarte","author_link":"https:\/\/goias.gov.br\/procon\/author\/rogerioduarte\/"},"rttpg_comment":0,"rttpg_category":"<a href=\"https:\/\/goias.gov.br\/procon\/categoria\/noticias\/\" rel=\"category tag\">Not\u00edcias<\/a> <a href=\"https:\/\/goias.gov.br\/procon\/categoria\/procon-2\/\" rel=\"category tag\">PROCON<\/a>","rttpg_excerpt":"Enel \u00e9 condenada a pagar R$ 1 milh\u00e3o de indeniza\u00e7\u00e3o por cobran\u00e7a de tarifa de religa\u00e7\u00e3o de energia A Celgpar Companhia Celg de Participa\u00e7\u00f5es foi condenada pela Justi\u00e7a ao pagamento de indeniza\u00e7\u00e3o de R$ 1 milh\u00e3o por dano moral coletivo, por motivo de cobran\u00e7a abusiva realizada pela empresa &#8211; a tarifa de religa\u00e7\u00e3o de energia.&hellip;","_links":{"self":[{"href":"https:\/\/goias.gov.br\/procon\/wp-json\/wp\/v2\/posts\/37630","targetHints":{"allow":["GET"]}}],"collection":[{"href":"https:\/\/goias.gov.br\/procon\/wp-json\/wp\/v2\/posts"}],"about":[{"href":"https:\/\/goias.gov.br\/procon\/wp-json\/wp\/v2\/types\/post"}],"author":[{"embeddable":true,"href":"https:\/\/goias.gov.br\/procon\/wp-json\/wp\/v2\/users\/2"}],"replies":[{"embeddable":true,"href":"https:\/\/goias.gov.br\/procon\/wp-json\/wp\/v2\/comments?post=37630"}],"version-history":[{"count":0,"href":"https:\/\/goias.gov.br\/procon\/wp-json\/wp\/v2\/posts\/37630\/revisions"}],"wp:featuredmedia":[{"embeddable":true,"href":"https:\/\/goias.gov.br\/procon\/wp-json\/wp\/v2\/media\/37631"}],"wp:attachment":[{"href":"https:\/\/goias.gov.br\/procon\/wp-json\/wp\/v2\/media?parent=37630"}],"wp:term":[{"taxonomy":"category","embeddable":true,"href":"https:\/\/goias.gov.br\/procon\/wp-json\/wp\/v2\/categories?post=37630"},{"taxonomy":"post_tag","embeddable":true,"href":"https:\/\/goias.gov.br\/procon\/wp-json\/wp\/v2\/tags?post=37630"}],"curies":[{"name":"wp","href":"https:\/\/api.w.org\/{rel}","templated":true}]}}