
{"id":36479,"date":"2018-03-12T16:12:55","date_gmt":"2018-03-12T19:12:55","guid":{"rendered":"https:\/\/www.procon.go.gov.br\/?p=36479"},"modified":"2018-05-25T13:59:31","modified_gmt":"2018-05-25T16:59:31","slug":"procon-goias-comemora-semana-do-consumidor-com-diversas-acoes","status":"publish","type":"post","link":"https:\/\/goias.gov.br\/procon\/procon-goias-comemora-semana-do-consumidor-com-diversas-acoes\/","title":{"rendered":"Procon Goi\u00e1s comemora Semana do Consumidor com diversas a\u00e7\u00f5es"},"content":{"rendered":"<p><strong>Procon Goi\u00e1s comemora Semana do Consumidor com diversas a\u00e7\u00f5es<\/strong><\/p>\n<p>Em comemora\u00e7\u00e3o ao <strong>Dia Internacional do Consumidor (15\/03),<\/strong> o Procon Goi\u00e1s realizar\u00e1 diversas atividades direcionadas aos consumidores goianos.<\/p>\n<p><strong>Nesta segunda<\/strong>, 12 de mar\u00e7o, foi apresentado o resultado da Opera\u00e7\u00e3o Goi\u00e1s Contra a Carne Clandestina, realizada pelo Procon Goi\u00e1s em parceria com o Minist\u00e9rio P\u00fablico Estadual, Pol\u00edcia Militar, Agrodefesa, Procon Goi\u00e2nia, Guarda Civil Metropolitana e Vigil\u00e2ncias Sanit\u00e1rias estadual e municipal.<\/p>\n<p>Ao todo, foram fiscalizados 149 \u00a0estabelecimentos comerciais em Goi\u00e2nia entre os dias 5 e 9 de mar\u00e7o, como a\u00e7ougues e supermercados, e foram apreendidas quase \u00a011 toneladas de carne considerada impr\u00f3pria para o consumo humano.<\/p>\n<p>Entre as irregularidades encontradas estavam m\u00e1s condi\u00e7\u00f5es de armazenamento e prazo de validade vencido dos produtos. O volume apreendido foi descartado.<\/p>\n<p><strong>Na ter\u00e7a-feira<\/strong>, 13\/3, o Procon Goi\u00e1s publicar\u00e1 o Cadastro de Reclama\u00e7\u00f5es Fundamentadas a partir das 17 horas, no site <a href=\"http:\/\/www.procon.go.gov.br\">www.procon.go.gov.br<\/a>). O atendimento \u00e0 imprensa ser\u00e1 na quarta-feira, 14 de mar\u00e7o.<\/p>\n<p>O Cadastro consiste na listagem de todas as reclama\u00e7\u00f5es recebidas no ano passado (lista negra das empresas) e tem o objetivo de alertar os consumidores sobre a postura dos fornecedores, visando auxili\u00e1-los na reflex\u00e3o antes de comprar um produto ou contratar um servi\u00e7o.<\/p>\n<p>Por sua vez, a lista tamb\u00e9m auxilia os fornecedores, no sentido de melhorar a presta\u00e7\u00e3o de servi\u00e7os e a imagem institucional no mercado consumerista.<\/p>\n<p><strong>Na quarta-feira<\/strong>, 14\/3, ser\u00e1 disponibilizada uma pesquisa in\u00e9dita sobre o comportamento do consumidor goiano, tamb\u00e9m a partir das 17 horas, no site <a href=\"http:\/\/www.procon.go.gov.br\">www.procon.go.gov.br<\/a>.<\/p>\n<p>O levantamento foi realizado nos dias 1\u00ba a 12 de mar\u00e7o no Setor Central, no Araguaia Shopping, na Sede do Procon Goi\u00e1s e nos postos de atendimento do Vapt Vupt, al\u00e9m das estat\u00edsticas do Sistema Nacional de Informa\u00e7\u00f5es de Defesa do Consumidor (Sindec), sendo entrevistados mais de 700 consumidores, os quais responderam a um question\u00e1rio de avalia\u00e7\u00e3o acerca da idade, sexo e escolaridade e o comportamento na hora da compra e no p\u00f3s-venda. O atendimento \u00e0 imprensa ser\u00e1 na quinta-feira, 15 de mar\u00e7o.<\/p>\n<p><strong>Na quinta-feira<\/strong>, dia 15\/3, o PROCON-GOI\u00c1S receber\u00e1 a visita do secret\u00e1rio de Seguran\u00e7a P\u00fablica, Irapu\u00e3 Costa J\u00fanior, que ir\u00e1 conhecer a estrutura do \u00f3rg\u00e3o que atende as demandas dos consumidores.<\/p>\n<p><b>Na sexta-feira<\/b>, 16, ser\u00e1 disponibilizada a pesquisa de pre\u00e7os de pescados, que poder\u00e1 ajudar os consumidores em suas compras para a Semana Santa. A publica\u00e7\u00e3o ser\u00e1 a partir das 8 horas no site <a href=\"http:\/\/www.procon.go.gov.br\">www.procon.go.gov.br<\/a>) e o atendimento \u00e0 imprensa ser\u00e1 feito partir das 7h30 (por telefone) e a partir das 8h30 na sede do \u00f3rg\u00e3o.<\/p>\n<p>Na sequ\u00eancia das atividades, ainda no dia 15 de mar\u00e7o, o Procon Goi\u00e1s instalar\u00e1 <strong>uma tenda de atendimento<\/strong> com uma <strong>unidade m\u00f3vel<\/strong>, que ficar\u00e1 na Pra\u00e7a do Bandeirante, no Centro de Goi\u00e2nia.<\/p>\n<p>Os atendentes do Procon Goi\u00e1s estar\u00e3o dispon\u00edveis para esclarecer d\u00favidas, orientar sobre as rela\u00e7\u00f5es de consumo e registrar as reclama\u00e7\u00f5es dos consumidores.\u00a0 Os fiscais dar\u00e3o continuidade \u00e0s fiscaliza\u00e7\u00f5es, atendendo den\u00fancias dos consumidores por meio de v\u00e1rios canais.<\/p>\n<p>&nbsp;<\/p>\n<p>&nbsp;<\/p>\n<p>&nbsp;<\/p>\n<p>&nbsp;<\/p>\n<p>&nbsp;<\/p>\n","protected":false},"excerpt":{"rendered":"<p>Procon Goi\u00e1s comemora Semana do Consumidor com diversas a\u00e7\u00f5es Em comemora\u00e7\u00e3o ao Dia Internacional do Consumidor (15\/03), o Procon Goi\u00e1s realizar\u00e1 diversas atividades direcionadas aos consumidores goianos. Nesta segunda, 12 de mar\u00e7o, foi apresentado o resultado da Opera\u00e7\u00e3o Goi\u00e1s Contra a Carne Clandestina, realizada pelo Procon Goi\u00e1s em parceria com o Minist\u00e9rio P\u00fablico Estadual, Pol\u00edcia [&hellip;]<\/p>\n","protected":false},"author":2,"featured_media":10478,"comment_status":"closed","ping_status":"closed","sticky":false,"template":"","format":"standard","meta":{"footnotes":""},"categories":[10,2584],"tags":[],"class_list":["post-36479","post","type-post","status-publish","format-standard","has-post-thumbnail","hentry","category-noticias","category-procon-2"],"rttpg_featured_image_url":{"full":["https:\/\/goias.gov.br\/procon\/wp-content\/uploads\/sites\/19\/2013\/09\/Atualizacoes-do-codigo-de-defesa-do-consumidor-foram-debatidas.jpg",400,300,false],"landscape":["https:\/\/goias.gov.br\/procon\/wp-content\/uploads\/sites\/19\/2013\/09\/Atualizacoes-do-codigo-de-defesa-do-consumidor-foram-debatidas.jpg",400,300,false],"portraits":["https:\/\/goias.gov.br\/procon\/wp-content\/uploads\/sites\/19\/2013\/09\/Atualizacoes-do-codigo-de-defesa-do-consumidor-foram-debatidas.jpg",400,300,false],"thumbnail":["https:\/\/goias.gov.br\/procon\/wp-content\/uploads\/sites\/19\/2013\/09\/Atualizacoes-do-codigo-de-defesa-do-consumidor-foram-debatidas-140x120.jpg",140,120,true],"medium":["https:\/\/goias.gov.br\/procon\/wp-content\/uploads\/sites\/19\/2013\/09\/Atualizacoes-do-codigo-de-defesa-do-consumidor-foram-debatidas-220x165.jpg",220,165,true],"large":["https:\/\/goias.gov.br\/procon\/wp-content\/uploads\/sites\/19\/2013\/09\/Atualizacoes-do-codigo-de-defesa-do-consumidor-foram-debatidas.jpg",400,300,false],"1536x1536":["https:\/\/goias.gov.br\/procon\/wp-content\/uploads\/sites\/19\/2013\/09\/Atualizacoes-do-codigo-de-defesa-do-consumidor-foram-debatidas.jpg",400,300,false],"2048x2048":["https:\/\/goias.gov.br\/procon\/wp-content\/uploads\/sites\/19\/2013\/09\/Atualizacoes-do-codigo-de-defesa-do-consumidor-foram-debatidas.jpg",400,300,false]},"rttpg_author":{"display_name":"rogerioduarte","author_link":"https:\/\/goias.gov.br\/procon\/author\/rogerioduarte\/"},"rttpg_comment":0,"rttpg_category":"<a href=\"https:\/\/goias.gov.br\/procon\/categoria\/noticias\/\" rel=\"category tag\">Not\u00edcias<\/a> <a href=\"https:\/\/goias.gov.br\/procon\/categoria\/procon-2\/\" rel=\"category tag\">PROCON<\/a>","rttpg_excerpt":"Procon Goi\u00e1s comemora Semana do Consumidor com diversas a\u00e7\u00f5es Em comemora\u00e7\u00e3o ao Dia Internacional do Consumidor (15\/03), o Procon Goi\u00e1s realizar\u00e1 diversas atividades direcionadas aos consumidores goianos. Nesta segunda, 12 de mar\u00e7o, foi apresentado o resultado da Opera\u00e7\u00e3o Goi\u00e1s Contra a Carne Clandestina, realizada pelo Procon Goi\u00e1s em parceria com o Minist\u00e9rio P\u00fablico Estadual, Pol\u00edcia&hellip;","_links":{"self":[{"href":"https:\/\/goias.gov.br\/procon\/wp-json\/wp\/v2\/posts\/36479","targetHints":{"allow":["GET"]}}],"collection":[{"href":"https:\/\/goias.gov.br\/procon\/wp-json\/wp\/v2\/posts"}],"about":[{"href":"https:\/\/goias.gov.br\/procon\/wp-json\/wp\/v2\/types\/post"}],"author":[{"embeddable":true,"href":"https:\/\/goias.gov.br\/procon\/wp-json\/wp\/v2\/users\/2"}],"replies":[{"embeddable":true,"href":"https:\/\/goias.gov.br\/procon\/wp-json\/wp\/v2\/comments?post=36479"}],"version-history":[{"count":0,"href":"https:\/\/goias.gov.br\/procon\/wp-json\/wp\/v2\/posts\/36479\/revisions"}],"wp:featuredmedia":[{"embeddable":true,"href":"https:\/\/goias.gov.br\/procon\/wp-json\/wp\/v2\/media\/10478"}],"wp:attachment":[{"href":"https:\/\/goias.gov.br\/procon\/wp-json\/wp\/v2\/media?parent=36479"}],"wp:term":[{"taxonomy":"category","embeddable":true,"href":"https:\/\/goias.gov.br\/procon\/wp-json\/wp\/v2\/categories?post=36479"},{"taxonomy":"post_tag","embeddable":true,"href":"https:\/\/goias.gov.br\/procon\/wp-json\/wp\/v2\/tags?post=36479"}],"curies":[{"name":"wp","href":"https:\/\/api.w.org\/{rel}","templated":true}]}}