
{"id":36151,"date":"2018-02-22T10:43:01","date_gmt":"2018-02-22T13:43:01","guid":{"rendered":"http:\/\/www.procon.go.gov.br\/?p=36151"},"modified":"2018-02-22T10:43:01","modified_gmt":"2018-02-22T13:43:01","slug":"celular-legal-comeca-a-vigorar-em-goias","status":"publish","type":"post","link":"https:\/\/goias.gov.br\/procon\/celular-legal-comeca-a-vigorar-em-goias\/","title":{"rendered":"Celular Legal come\u00e7a a vigorar em Goi\u00e1s"},"content":{"rendered":"<p><strong>Celular Legal come\u00e7a a vigorar em Goi\u00e1s<\/strong><\/p>\n<p><img fetchpriority=\"high\" decoding=\"async\" class=\"alignnone size-full wp-image-36152\" src=\"\/procon\/wp-content\/uploads\/sites\/19\/2018\/02\/celularlegal_logo2-01.png\" alt=\"\" width=\"723\" height=\"271\" srcset=\"https:\/\/goias.gov.br\/procon\/wp-content\/uploads\/sites\/19\/2018\/02\/celularlegal_logo2-01.png 723w, https:\/\/goias.gov.br\/procon\/wp-content\/uploads\/sites\/19\/2018\/02\/celularlegal_logo2-01-220x82.png 220w, https:\/\/goias.gov.br\/procon\/wp-content\/uploads\/sites\/19\/2018\/02\/celularlegal_logo2-01-450x169.png 450w, https:\/\/goias.gov.br\/procon\/wp-content\/uploads\/sites\/19\/2018\/02\/celularlegal_logo2-01-400x150.png 400w\" sizes=\"(max-width: 723px) 100vw, 723px\" \/><\/p>\n<p>O Procon Goi\u00e1s informa que come\u00e7a a vigorar hoje, 22 de fevereiro de 2018, a primeira fase do Projeto Celular Legal. A primeira fase tem in\u00edcio no estado de Goi\u00e1s e no Distrito Federal e vai permitir que celulares com registro sejam identificados por sistema informatizado.<\/p>\n<p>Consumidores que estejam utilizando aparelhos irregulares antes dessa data n\u00e3o ser\u00e3o desconectados caso n\u00e3o alterem o seu n\u00famero. J\u00e1 aqueles que conectarem \u00e0 rede aparelhos irregulares ap\u00f3s o dia de hoje ser\u00e3o notificados por mensagens SMS e, ap\u00f3s 75 dias, o aparelho n\u00e3o ir\u00e1 mais funcionar nas redes de telecomunica\u00e7\u00f5es.<\/p>\n<p>Importante destacar que os aparelhos hoje inclu\u00eddos na lista nacional de terminais irregulares por roubo, furto ou extravio continuar\u00e3o impedidos de acessar as redes m\u00f3veis nacionais.<\/p>\n<p>Para mais informa\u00e7\u00f5es, acesse o link http:\/\/www.anatel.gov.br\/celularlegal\/<\/p>\n<p>&nbsp;<\/p>\n","protected":false},"excerpt":{"rendered":"<p>Celular Legal come\u00e7a a vigorar em Goi\u00e1s O Procon Goi\u00e1s informa que come\u00e7a a vigorar hoje, 22 de fevereiro de 2018, a primeira fase do Projeto Celular Legal. A primeira fase tem in\u00edcio no estado de Goi\u00e1s e no Distrito Federal e vai permitir que celulares com registro sejam identificados por sistema informatizado. Consumidores que [&hellip;]<\/p>\n","protected":false},"author":34,"featured_media":36152,"comment_status":"closed","ping_status":"closed","sticky":false,"template":"","format":"standard","meta":{"footnotes":""},"categories":[10],"tags":[],"class_list":["post-36151","post","type-post","status-publish","format-standard","has-post-thumbnail","hentry","category-noticias"],"rttpg_featured_image_url":{"full":["https:\/\/goias.gov.br\/procon\/wp-content\/uploads\/sites\/19\/2018\/02\/celularlegal_logo2-01.png",723,271,false],"landscape":["https:\/\/goias.gov.br\/procon\/wp-content\/uploads\/sites\/19\/2018\/02\/celularlegal_logo2-01.png",723,271,false],"portraits":["https:\/\/goias.gov.br\/procon\/wp-content\/uploads\/sites\/19\/2018\/02\/celularlegal_logo2-01.png",723,271,false],"thumbnail":["https:\/\/goias.gov.br\/procon\/wp-content\/uploads\/sites\/19\/2018\/02\/celularlegal_logo2-01-140x120.png",140,120,true],"medium":["https:\/\/goias.gov.br\/procon\/wp-content\/uploads\/sites\/19\/2018\/02\/celularlegal_logo2-01-220x82.png",220,82,true],"large":["https:\/\/goias.gov.br\/procon\/wp-content\/uploads\/sites\/19\/2018\/02\/celularlegal_logo2-01-450x169.png",450,169,true],"1536x1536":["https:\/\/goias.gov.br\/procon\/wp-content\/uploads\/sites\/19\/2018\/02\/celularlegal_logo2-01.png",723,271,false],"2048x2048":["https:\/\/goias.gov.br\/procon\/wp-content\/uploads\/sites\/19\/2018\/02\/celularlegal_logo2-01.png",723,271,false]},"rttpg_author":{"display_name":"celsoassis","author_link":"https:\/\/goias.gov.br\/procon\/author\/celsoassis\/"},"rttpg_comment":0,"rttpg_category":"<a href=\"https:\/\/goias.gov.br\/procon\/categoria\/noticias\/\" rel=\"category tag\">Not\u00edcias<\/a>","rttpg_excerpt":"Celular Legal come\u00e7a a vigorar em Goi\u00e1s O Procon Goi\u00e1s informa que come\u00e7a a vigorar hoje, 22 de fevereiro de 2018, a primeira fase do Projeto Celular Legal. A primeira fase tem in\u00edcio no estado de Goi\u00e1s e no Distrito Federal e vai permitir que celulares com registro sejam identificados por sistema informatizado. Consumidores que&hellip;","_links":{"self":[{"href":"https:\/\/goias.gov.br\/procon\/wp-json\/wp\/v2\/posts\/36151","targetHints":{"allow":["GET"]}}],"collection":[{"href":"https:\/\/goias.gov.br\/procon\/wp-json\/wp\/v2\/posts"}],"about":[{"href":"https:\/\/goias.gov.br\/procon\/wp-json\/wp\/v2\/types\/post"}],"author":[{"embeddable":true,"href":"https:\/\/goias.gov.br\/procon\/wp-json\/wp\/v2\/users\/34"}],"replies":[{"embeddable":true,"href":"https:\/\/goias.gov.br\/procon\/wp-json\/wp\/v2\/comments?post=36151"}],"version-history":[{"count":0,"href":"https:\/\/goias.gov.br\/procon\/wp-json\/wp\/v2\/posts\/36151\/revisions"}],"wp:featuredmedia":[{"embeddable":true,"href":"https:\/\/goias.gov.br\/procon\/wp-json\/wp\/v2\/media\/36152"}],"wp:attachment":[{"href":"https:\/\/goias.gov.br\/procon\/wp-json\/wp\/v2\/media?parent=36151"}],"wp:term":[{"taxonomy":"category","embeddable":true,"href":"https:\/\/goias.gov.br\/procon\/wp-json\/wp\/v2\/categories?post=36151"},{"taxonomy":"post_tag","embeddable":true,"href":"https:\/\/goias.gov.br\/procon\/wp-json\/wp\/v2\/tags?post=36151"}],"curies":[{"name":"wp","href":"https:\/\/api.w.org\/{rel}","templated":true}]}}