
{"id":35825,"date":"2018-02-02T13:11:23","date_gmt":"2018-02-02T15:11:23","guid":{"rendered":"http:\/\/www.procon.go.gov.br\/?p=35825"},"modified":"2018-02-02T15:01:35","modified_gmt":"2018-02-02T17:01:35","slug":"2-de-fevereiro-dia-do-fiscal","status":"publish","type":"post","link":"https:\/\/goias.gov.br\/procon\/2-de-fevereiro-dia-do-fiscal\/","title":{"rendered":"2 de fevereiro \u2013 Dia do Fiscal"},"content":{"rendered":"<p>2 de fevereiro \u2013 Dia do Fiscal<\/p>\n<p>&nbsp;<\/p>\n<p>&nbsp;<\/p>\n<p>A Superintend\u00eancia de Prote\u00e7\u00e3o aos Direitos do Consumidor \u2013 Procon Goi\u00e1s \u2013 homenageia neste dia 2 de fevereiro, Dia do Fiscal, toda a equipe da Ger\u00eancia de Fiscaliza\u00e7\u00e3o pelo empenho e dedica\u00e7\u00e3o demonstrada ao longo dos anos em prol da defesa do cidad\u00e3o goiano em suas rela\u00e7\u00f5es de consumo.<\/p>\n<p>Em 2017, foram apreendidas quase 22 toneladas de produtos impr\u00f3prios para o consumo. A fiscaliza\u00e7\u00e3o do Procon Goi\u00e1s tamb\u00e9m emitiu 7.133 documentos, entre notifica\u00e7\u00f5es, multas, autos de infra\u00e7\u00e3o, apreens\u00e3o e outros &#8211; total 24% maior em rela\u00e7\u00e3o a 2016.<\/p>\n<p>&nbsp;<\/p>\n<p>Assessoria de Imprensa<\/p>\n","protected":false},"excerpt":{"rendered":"<p>2 de fevereiro \u2013 Dia do Fiscal &nbsp; &nbsp; A Superintend\u00eancia de Prote\u00e7\u00e3o aos Direitos do Consumidor \u2013 Procon Goi\u00e1s \u2013 homenageia neste dia 2 de fevereiro, Dia do Fiscal, toda a equipe da Ger\u00eancia de Fiscaliza\u00e7\u00e3o pelo empenho e dedica\u00e7\u00e3o demonstrada ao longo dos anos em prol da defesa do cidad\u00e3o goiano em suas [&hellip;]<\/p>\n","protected":false},"author":34,"featured_media":35829,"comment_status":"closed","ping_status":"closed","sticky":false,"template":"","format":"standard","meta":{"footnotes":""},"categories":[10],"tags":[],"class_list":["post-35825","post","type-post","status-publish","format-standard","has-post-thumbnail","hentry","category-noticias"],"rttpg_featured_image_url":{"full":["https:\/\/goias.gov.br\/procon\/wp-content\/uploads\/sites\/19\/2018\/02\/fiscal.jpg",626,235,false],"landscape":["https:\/\/goias.gov.br\/procon\/wp-content\/uploads\/sites\/19\/2018\/02\/fiscal.jpg",626,235,false],"portraits":["https:\/\/goias.gov.br\/procon\/wp-content\/uploads\/sites\/19\/2018\/02\/fiscal.jpg",626,235,false],"thumbnail":["https:\/\/goias.gov.br\/procon\/wp-content\/uploads\/sites\/19\/2018\/02\/fiscal-140x120.jpg",140,120,true],"medium":["https:\/\/goias.gov.br\/procon\/wp-content\/uploads\/sites\/19\/2018\/02\/fiscal-220x83.jpg",220,83,true],"large":["https:\/\/goias.gov.br\/procon\/wp-content\/uploads\/sites\/19\/2018\/02\/fiscal-450x169.jpg",450,169,true],"1536x1536":["https:\/\/goias.gov.br\/procon\/wp-content\/uploads\/sites\/19\/2018\/02\/fiscal.jpg",626,235,false],"2048x2048":["https:\/\/goias.gov.br\/procon\/wp-content\/uploads\/sites\/19\/2018\/02\/fiscal.jpg",626,235,false]},"rttpg_author":{"display_name":"celsoassis","author_link":"https:\/\/goias.gov.br\/procon\/author\/celsoassis\/"},"rttpg_comment":0,"rttpg_category":"<a href=\"https:\/\/goias.gov.br\/procon\/categoria\/noticias\/\" rel=\"category tag\">Not\u00edcias<\/a>","rttpg_excerpt":"2 de fevereiro \u2013 Dia do Fiscal &nbsp; &nbsp; A Superintend\u00eancia de Prote\u00e7\u00e3o aos Direitos do Consumidor \u2013 Procon Goi\u00e1s \u2013 homenageia neste dia 2 de fevereiro, Dia do Fiscal, toda a equipe da Ger\u00eancia de Fiscaliza\u00e7\u00e3o pelo empenho e dedica\u00e7\u00e3o demonstrada ao longo dos anos em prol da defesa do cidad\u00e3o goiano em suas&hellip;","_links":{"self":[{"href":"https:\/\/goias.gov.br\/procon\/wp-json\/wp\/v2\/posts\/35825","targetHints":{"allow":["GET"]}}],"collection":[{"href":"https:\/\/goias.gov.br\/procon\/wp-json\/wp\/v2\/posts"}],"about":[{"href":"https:\/\/goias.gov.br\/procon\/wp-json\/wp\/v2\/types\/post"}],"author":[{"embeddable":true,"href":"https:\/\/goias.gov.br\/procon\/wp-json\/wp\/v2\/users\/34"}],"replies":[{"embeddable":true,"href":"https:\/\/goias.gov.br\/procon\/wp-json\/wp\/v2\/comments?post=35825"}],"version-history":[{"count":0,"href":"https:\/\/goias.gov.br\/procon\/wp-json\/wp\/v2\/posts\/35825\/revisions"}],"wp:featuredmedia":[{"embeddable":true,"href":"https:\/\/goias.gov.br\/procon\/wp-json\/wp\/v2\/media\/35829"}],"wp:attachment":[{"href":"https:\/\/goias.gov.br\/procon\/wp-json\/wp\/v2\/media?parent=35825"}],"wp:term":[{"taxonomy":"category","embeddable":true,"href":"https:\/\/goias.gov.br\/procon\/wp-json\/wp\/v2\/categories?post=35825"},{"taxonomy":"post_tag","embeddable":true,"href":"https:\/\/goias.gov.br\/procon\/wp-json\/wp\/v2\/tags?post=35825"}],"curies":[{"name":"wp","href":"https:\/\/api.w.org\/{rel}","templated":true}]}}