
{"id":3483,"date":"2012-03-20T12:03:53","date_gmt":"2012-03-20T15:03:53","guid":{"rendered":"http:\/\/www.procon.go.gov.br\/?p=3483"},"modified":"2012-03-20T12:20:48","modified_gmt":"2012-03-20T15:20:48","slug":"procon-goias-recebe-representante-da-b2w-2","status":"publish","type":"post","link":"https:\/\/goias.gov.br\/procon\/procon-goias-recebe-representante-da-b2w-2\/","title":{"rendered":"Procon Goi\u00e1s recebe representante da B2W"},"content":{"rendered":"<p style=\"text-align: justify;\">Atendendo um<a href=\"\/procon\/wp-content\/uploads\/sites\/19\/2012\/03\/Reuni%C3%A3o.jpg\"><img decoding=\"async\" class=\"alignleft size-medium wp-image-3486\" title=\"Reuni\u00e3o\" src=\"\/procon\/wp-content\/uploads\/sites\/19\/2012\/03\/Reuni%C3%A3o-220x146.jpg\" alt=\"\" width=\"220\" height=\"146\" \/><\/a>a solicita\u00e7\u00e3o da B2W, a superintendente do Procon Goi\u00e1s, Darlene Ara\u00fajo, recebeu representante da empresa na tarde desta segunda-feira (19\/3).<\/p>\n<p style=\"text-align: justify;\">O \u00f3rg\u00e3o de defesa do consumidor exigiu a ado\u00e7\u00e3o de medidas para a solu\u00e7\u00e3o das reclama\u00e7\u00f5es dos consumidores, que s\u00e3o, principalmente, pela n\u00e3o entrega e presen\u00e7a de v\u00edcios nos produtos.<\/p>\n<p style=\"text-align: justify;\">A empresa, que \u00e9 propriet\u00e1ria dos sites de com\u00e9rcio eletr\u00f4nico Americanas, Submarino e Shoptime, alegou que em dezembro de 2011 houve um aumento brusco na busca pelos sites e a empresa n\u00e3o tinha estrutura e log\u00edstica compat\u00edveis com tamanha procura.<\/p>\n<p style=\"text-align: justify;\">Como primeiro passo para a solu\u00e7\u00e3o das demandas, a B2W far\u00e1 contato com os clientes para estabelecer acordos, inclusive, com estornos de pagamento. Al\u00e9m disso, a empresa intensificar\u00e1 seu canal de comunica\u00e7\u00e3o com o Procon Goi\u00e1s e ir\u00e1 rever os processos que tramitam no \u00f3rg\u00e3o.<\/p>\n<p style=\"text-align: justify;\">\n<p style=\"text-align: justify;\">Mais informa\u00e7\u00f5es:<br \/>\nAssessoria de Imprensa \u2013 Procon Goi\u00e1s<br \/>\n<strong>3201-7134<\/strong><br \/>\nimprensa@procon.go.gov.br<br \/>\nEurico Rocha: 8447-1881 \/\/\/ 8529-1065<br \/>\nLucas Santos: 8116-6192 \/\/\/ 8210-2973<br \/>\nMichelle Rabelo: 9926-2522<\/p>\n","protected":false},"excerpt":{"rendered":"<p>Atendendo uma solicita\u00e7\u00e3o da B2W, a superintendente do Procon Goi\u00e1s, Darlene Ara\u00fajo, recebeu representante da empresa na tarde desta segunda-feira (19\/3). O \u00f3rg\u00e3o de defesa do consumidor exigiu a ado\u00e7\u00e3o de medidas para a solu\u00e7\u00e3o das reclama\u00e7\u00f5es dos consumidores, que s\u00e3o, principalmente, pela n\u00e3o entrega e presen\u00e7a de v\u00edcios nos produtos. A empresa, que \u00e9 [&hellip;]<\/p>\n","protected":false},"author":2,"featured_media":3486,"comment_status":"closed","ping_status":"closed","sticky":false,"template":"","format":"standard","meta":{"footnotes":""},"categories":[10],"tags":[850,961,629,341,962,963],"class_list":["post-3483","post","type-post","status-publish","format-standard","has-post-thumbnail","hentry","category-noticias","tag-acordo","tag-americanas-com","tag-b2w","tag-procon-goias","tag-shoptime","tag-submarino"],"rttpg_featured_image_url":{"full":["https:\/\/goias.gov.br\/procon\/wp-content\/uploads\/sites\/19\/2012\/03\/Reuni\u00e3o.jpg",300,200,false],"landscape":["https:\/\/goias.gov.br\/procon\/wp-content\/uploads\/sites\/19\/2012\/03\/Reuni\u00e3o.jpg",300,200,false],"portraits":["https:\/\/goias.gov.br\/procon\/wp-content\/uploads\/sites\/19\/2012\/03\/Reuni\u00e3o.jpg",300,200,false],"thumbnail":["https:\/\/goias.gov.br\/procon\/wp-content\/uploads\/sites\/19\/2012\/03\/Reuni\u00e3o-140x120.jpg",140,120,true],"medium":["https:\/\/goias.gov.br\/procon\/wp-content\/uploads\/sites\/19\/2012\/03\/Reuni\u00e3o-220x147.jpg",220,147,true],"large":["https:\/\/goias.gov.br\/procon\/wp-content\/uploads\/sites\/19\/2012\/03\/Reuni\u00e3o.jpg",300,200,false],"1536x1536":["https:\/\/goias.gov.br\/procon\/wp-content\/uploads\/sites\/19\/2012\/03\/Reuni\u00e3o.jpg",300,200,false],"2048x2048":["https:\/\/goias.gov.br\/procon\/wp-content\/uploads\/sites\/19\/2012\/03\/Reuni\u00e3o.jpg",300,200,false]},"rttpg_author":{"display_name":"rogerioduarte","author_link":"https:\/\/goias.gov.br\/procon\/author\/rogerioduarte\/"},"rttpg_comment":0,"rttpg_category":"<a href=\"https:\/\/goias.gov.br\/procon\/categoria\/noticias\/\" rel=\"category tag\">Not\u00edcias<\/a>","rttpg_excerpt":"Atendendo uma solicita\u00e7\u00e3o da B2W, a superintendente do Procon Goi\u00e1s, Darlene Ara\u00fajo, recebeu representante da empresa na tarde desta segunda-feira (19\/3). O \u00f3rg\u00e3o de defesa do consumidor exigiu a ado\u00e7\u00e3o de medidas para a solu\u00e7\u00e3o das reclama\u00e7\u00f5es dos consumidores, que s\u00e3o, principalmente, pela n\u00e3o entrega e presen\u00e7a de v\u00edcios nos produtos. A empresa, que \u00e9&hellip;","_links":{"self":[{"href":"https:\/\/goias.gov.br\/procon\/wp-json\/wp\/v2\/posts\/3483","targetHints":{"allow":["GET"]}}],"collection":[{"href":"https:\/\/goias.gov.br\/procon\/wp-json\/wp\/v2\/posts"}],"about":[{"href":"https:\/\/goias.gov.br\/procon\/wp-json\/wp\/v2\/types\/post"}],"author":[{"embeddable":true,"href":"https:\/\/goias.gov.br\/procon\/wp-json\/wp\/v2\/users\/2"}],"replies":[{"embeddable":true,"href":"https:\/\/goias.gov.br\/procon\/wp-json\/wp\/v2\/comments?post=3483"}],"version-history":[{"count":0,"href":"https:\/\/goias.gov.br\/procon\/wp-json\/wp\/v2\/posts\/3483\/revisions"}],"wp:featuredmedia":[{"embeddable":true,"href":"https:\/\/goias.gov.br\/procon\/wp-json\/wp\/v2\/media\/3486"}],"wp:attachment":[{"href":"https:\/\/goias.gov.br\/procon\/wp-json\/wp\/v2\/media?parent=3483"}],"wp:term":[{"taxonomy":"category","embeddable":true,"href":"https:\/\/goias.gov.br\/procon\/wp-json\/wp\/v2\/categories?post=3483"},{"taxonomy":"post_tag","embeddable":true,"href":"https:\/\/goias.gov.br\/procon\/wp-json\/wp\/v2\/tags?post=3483"}],"curies":[{"name":"wp","href":"https:\/\/api.w.org\/{rel}","templated":true}]}}