
{"id":34169,"date":"2017-11-20T17:14:16","date_gmt":"2017-11-20T19:14:16","guid":{"rendered":"http:\/\/www.procon.go.gov.br\/?p=34169"},"modified":"2018-05-25T14:16:56","modified_gmt":"2018-05-25T17:16:56","slug":"procon-goias-fara-constatacao-em-postos-de-combustivel-para-verificar-cumprimento-de-liminar","status":"publish","type":"post","link":"https:\/\/goias.gov.br\/procon\/procon-goias-fara-constatacao-em-postos-de-combustivel-para-verificar-cumprimento-de-liminar\/","title":{"rendered":"Procon Goi\u00e1s far\u00e1 constata\u00e7\u00e3o em postos de combust\u00edvel para verificar cumprimento de liminar"},"content":{"rendered":"<p><img fetchpriority=\"high\" decoding=\"async\" class=\"alignleft size-large wp-image-28210\" src=\"\/procon\/wp-content\/uploads\/sites\/19\/2017\/01\/tanque-do-carro-450x300.jpg\" alt=\"\" width=\"450\" height=\"300\" srcset=\"https:\/\/goias.gov.br\/procon\/wp-content\/uploads\/sites\/19\/2017\/01\/tanque-do-carro-450x300.jpg 450w, https:\/\/goias.gov.br\/procon\/wp-content\/uploads\/sites\/19\/2017\/01\/tanque-do-carro-220x147.jpg 220w, https:\/\/goias.gov.br\/procon\/wp-content\/uploads\/sites\/19\/2017\/01\/tanque-do-carro-150x100.jpg 150w, https:\/\/goias.gov.br\/procon\/wp-content\/uploads\/sites\/19\/2017\/01\/tanque-do-carro-400x267.jpg 400w, https:\/\/goias.gov.br\/procon\/wp-content\/uploads\/sites\/19\/2017\/01\/tanque-do-carro.jpg 700w\" sizes=\"(max-width: 450px) 100vw, 450px\" \/>O Procon Goi\u00e1s informa que, \u00e0 medida que os mandados de intima\u00e7\u00e3o expedidos pelo juiz da 1\u00aa Vara da Fazenda P\u00fablica Estadual, Reinaldo Alves Ferreira, forem juntados ao processo, ser\u00e3o realizadas as constata\u00e7\u00f5es<em> in loco<\/em> nos 60 postos de combust\u00edvel \u00a0em Goi\u00e2nia citados na a\u00e7\u00e3o pelas equipes de fiscaliza\u00e7\u00e3o do \u00f3rg\u00e3o de defesa do consumidor.<\/p>\n<p>Em seguida, o Poder Judici\u00e1rio ser\u00e1 informado acerca do cumprimento ou n\u00e3o da liminar judicial que determina a redu\u00e7\u00e3o da margem de lucro para a praticada em julho deste ano, que correspondia a 10,2% (dez v\u00edrgula dois por cento) sobre o pre\u00e7o do litro de etanol comercializado, ou, subsidiariamente, seja reduzido o pre\u00e7o de venda do etanol hidratado at\u00e9 que o valor por eles praticado esteja compat\u00edvel com aquele repassado pelas distribuidoras de combust\u00edveis no respectivo per\u00edodo.<\/p>\n<p>Tamb\u00e9m ser\u00e1 observado o estoque do etanol nos estabelecimentos, se houve o retorno da margem de lucro e se est\u00e1 acontecendo a solicita\u00e7\u00e3o da compra de combust\u00edvel junto \u00e0s distribuidoras.\u00a0 Caso seja constatado o descumprimento da decis\u00e3o, a Justi\u00e7a ser\u00e1 comunicada oficialmente, lembrando que a san\u00e7\u00e3o prevista neste caso \u00e9 a aplica\u00e7\u00e3o de multa di\u00e1ria no valor de R$ 20 mil.<\/p>\n<p><strong>ACPs<\/strong><br \/>\nAinda n\u00e3o h\u00e1 novidade sobre as novas A\u00e7\u00f5es Civis P\u00fablicas (ACPs) com o mesmo teor ajuizadas na semana passada em desfavor de 96 postos de combust\u00edvel pelo Procon, por meio do N\u00facleo Jur\u00eddico de Defesa do Consumidor, da Procuradoria Geral do Estado.<\/p>\n<p>&nbsp;<\/p>\n","protected":false},"excerpt":{"rendered":"<p>O Procon Goi\u00e1s informa que, \u00e0 medida que os mandados de intima\u00e7\u00e3o expedidos pelo juiz da 1\u00aa Vara da Fazenda P\u00fablica Estadual, Reinaldo Alves Ferreira, forem juntados ao processo, ser\u00e3o realizadas as constata\u00e7\u00f5es in loco nos 60 postos de combust\u00edvel \u00a0em Goi\u00e2nia citados na a\u00e7\u00e3o pelas equipes de fiscaliza\u00e7\u00e3o do \u00f3rg\u00e3o de defesa do consumidor. [&hellip;]<\/p>\n","protected":false},"author":2,"featured_media":19761,"comment_status":"closed","ping_status":"closed","sticky":false,"template":"","format":"standard","meta":{"footnotes":""},"categories":[10,2584],"tags":[],"class_list":["post-34169","post","type-post","status-publish","format-standard","has-post-thumbnail","hentry","category-noticias","category-procon-2"],"rttpg_featured_image_url":{"full":["https:\/\/goias.gov.br\/procon\/wp-content\/uploads\/sites\/19\/2015\/08\/precos-de-combustiveis.jpg",500,355,false],"landscape":["https:\/\/goias.gov.br\/procon\/wp-content\/uploads\/sites\/19\/2015\/08\/precos-de-combustiveis.jpg",500,355,false],"portraits":["https:\/\/goias.gov.br\/procon\/wp-content\/uploads\/sites\/19\/2015\/08\/precos-de-combustiveis.jpg",500,355,false],"thumbnail":["https:\/\/goias.gov.br\/procon\/wp-content\/uploads\/sites\/19\/2015\/08\/precos-de-combustiveis-140x120.jpg",140,120,true],"medium":["https:\/\/goias.gov.br\/procon\/wp-content\/uploads\/sites\/19\/2015\/08\/precos-de-combustiveis-220x156.jpg",220,156,true],"large":["https:\/\/goias.gov.br\/procon\/wp-content\/uploads\/sites\/19\/2015\/08\/precos-de-combustiveis-450x320.jpg",450,320,true],"1536x1536":["https:\/\/goias.gov.br\/procon\/wp-content\/uploads\/sites\/19\/2015\/08\/precos-de-combustiveis.jpg",500,355,false],"2048x2048":["https:\/\/goias.gov.br\/procon\/wp-content\/uploads\/sites\/19\/2015\/08\/precos-de-combustiveis.jpg",500,355,false]},"rttpg_author":{"display_name":"rogerioduarte","author_link":"https:\/\/goias.gov.br\/procon\/author\/rogerioduarte\/"},"rttpg_comment":0,"rttpg_category":"<a href=\"https:\/\/goias.gov.br\/procon\/categoria\/noticias\/\" rel=\"category tag\">Not\u00edcias<\/a> <a href=\"https:\/\/goias.gov.br\/procon\/categoria\/procon-2\/\" rel=\"category tag\">PROCON<\/a>","rttpg_excerpt":"O Procon Goi\u00e1s informa que, \u00e0 medida que os mandados de intima\u00e7\u00e3o expedidos pelo juiz da 1\u00aa Vara da Fazenda P\u00fablica Estadual, Reinaldo Alves Ferreira, forem juntados ao processo, ser\u00e3o realizadas as constata\u00e7\u00f5es in loco nos 60 postos de combust\u00edvel \u00a0em Goi\u00e2nia citados na a\u00e7\u00e3o pelas equipes de fiscaliza\u00e7\u00e3o do \u00f3rg\u00e3o de defesa do consumidor.&hellip;","_links":{"self":[{"href":"https:\/\/goias.gov.br\/procon\/wp-json\/wp\/v2\/posts\/34169","targetHints":{"allow":["GET"]}}],"collection":[{"href":"https:\/\/goias.gov.br\/procon\/wp-json\/wp\/v2\/posts"}],"about":[{"href":"https:\/\/goias.gov.br\/procon\/wp-json\/wp\/v2\/types\/post"}],"author":[{"embeddable":true,"href":"https:\/\/goias.gov.br\/procon\/wp-json\/wp\/v2\/users\/2"}],"replies":[{"embeddable":true,"href":"https:\/\/goias.gov.br\/procon\/wp-json\/wp\/v2\/comments?post=34169"}],"version-history":[{"count":0,"href":"https:\/\/goias.gov.br\/procon\/wp-json\/wp\/v2\/posts\/34169\/revisions"}],"wp:featuredmedia":[{"embeddable":true,"href":"https:\/\/goias.gov.br\/procon\/wp-json\/wp\/v2\/media\/19761"}],"wp:attachment":[{"href":"https:\/\/goias.gov.br\/procon\/wp-json\/wp\/v2\/media?parent=34169"}],"wp:term":[{"taxonomy":"category","embeddable":true,"href":"https:\/\/goias.gov.br\/procon\/wp-json\/wp\/v2\/categories?post=34169"},{"taxonomy":"post_tag","embeddable":true,"href":"https:\/\/goias.gov.br\/procon\/wp-json\/wp\/v2\/tags?post=34169"}],"curies":[{"name":"wp","href":"https:\/\/api.w.org\/{rel}","templated":true}]}}