
{"id":33528,"date":"2017-10-20T11:21:07","date_gmt":"2017-10-20T13:21:07","guid":{"rendered":"http:\/\/www.procon.go.gov.br\/?p=33528"},"modified":"2017-10-20T11:36:56","modified_gmt":"2017-10-20T13:36:56","slug":"procon-goias-notifica-celg-fujioka-e-novo-mundo","status":"publish","type":"post","link":"https:\/\/goias.gov.br\/procon\/procon-goias-notifica-celg-fujioka-e-novo-mundo\/","title":{"rendered":"Procon Goi\u00e1s notifica Celg, Fujioka e Novo Mundo"},"content":{"rendered":"<p>Procon Goi\u00e1s notifica Celg, Fujioka e Novo Mundo<\/p>\n<p>Entrevista concedida pelo Gerente de Fiscaliza\u00e7\u00e3o do PROCON Goi\u00e1s, Marcos Rosa, para a TV Brasil Central.<\/p>\n<p>&nbsp;<\/p>\n<p>https:\/\/www.youtube.com\/watch?v=tdD_fwFM-3Y<\/p>\n","protected":false},"excerpt":{"rendered":"<p>Procon Goi\u00e1s notifica Celg, Fujioka e Novo Mundo Entrevista concedida pelo Gerente de Fiscaliza\u00e7\u00e3o do PROCON Goi\u00e1s, Marcos Rosa, para a TV Brasil Central. &nbsp; https:\/\/www.youtube.com\/watch?v=tdD_fwFM-3Y<\/p>\n","protected":false},"author":34,"featured_media":33536,"comment_status":"closed","ping_status":"closed","sticky":false,"template":"","format":"standard","meta":{"footnotes":""},"categories":[3169],"tags":[],"class_list":["post-33528","post","type-post","status-publish","format-standard","has-post-thumbnail","hentry","category-videos"],"rttpg_featured_image_url":{"full":["https:\/\/goias.gov.br\/procon\/wp-content\/uploads\/sites\/19\/2017\/10\/proconfujioka.jpg",650,326,false],"landscape":["https:\/\/goias.gov.br\/procon\/wp-content\/uploads\/sites\/19\/2017\/10\/proconfujioka.jpg",650,326,false],"portraits":["https:\/\/goias.gov.br\/procon\/wp-content\/uploads\/sites\/19\/2017\/10\/proconfujioka.jpg",650,326,false],"thumbnail":["https:\/\/goias.gov.br\/procon\/wp-content\/uploads\/sites\/19\/2017\/10\/proconfujioka-140x120.jpg",140,120,true],"medium":["https:\/\/goias.gov.br\/procon\/wp-content\/uploads\/sites\/19\/2017\/10\/proconfujioka-220x110.jpg",220,110,true],"large":["https:\/\/goias.gov.br\/procon\/wp-content\/uploads\/sites\/19\/2017\/10\/proconfujioka-450x226.jpg",450,226,true],"1536x1536":["https:\/\/goias.gov.br\/procon\/wp-content\/uploads\/sites\/19\/2017\/10\/proconfujioka.jpg",650,326,false],"2048x2048":["https:\/\/goias.gov.br\/procon\/wp-content\/uploads\/sites\/19\/2017\/10\/proconfujioka.jpg",650,326,false]},"rttpg_author":{"display_name":"celsoassis","author_link":"https:\/\/goias.gov.br\/procon\/author\/celsoassis\/"},"rttpg_comment":0,"rttpg_category":"<a href=\"https:\/\/goias.gov.br\/procon\/categoria\/videos\/\" rel=\"category tag\">V\u00eddeos<\/a>","rttpg_excerpt":"Procon Goi\u00e1s notifica Celg, Fujioka e Novo Mundo Entrevista concedida pelo Gerente de Fiscaliza\u00e7\u00e3o do PROCON Goi\u00e1s, Marcos Rosa, para a TV Brasil Central. &nbsp; https:\/\/www.youtube.com\/watch?v=tdD_fwFM-3Y","_links":{"self":[{"href":"https:\/\/goias.gov.br\/procon\/wp-json\/wp\/v2\/posts\/33528","targetHints":{"allow":["GET"]}}],"collection":[{"href":"https:\/\/goias.gov.br\/procon\/wp-json\/wp\/v2\/posts"}],"about":[{"href":"https:\/\/goias.gov.br\/procon\/wp-json\/wp\/v2\/types\/post"}],"author":[{"embeddable":true,"href":"https:\/\/goias.gov.br\/procon\/wp-json\/wp\/v2\/users\/34"}],"replies":[{"embeddable":true,"href":"https:\/\/goias.gov.br\/procon\/wp-json\/wp\/v2\/comments?post=33528"}],"version-history":[{"count":0,"href":"https:\/\/goias.gov.br\/procon\/wp-json\/wp\/v2\/posts\/33528\/revisions"}],"wp:featuredmedia":[{"embeddable":true,"href":"https:\/\/goias.gov.br\/procon\/wp-json\/wp\/v2\/media\/33536"}],"wp:attachment":[{"href":"https:\/\/goias.gov.br\/procon\/wp-json\/wp\/v2\/media?parent=33528"}],"wp:term":[{"taxonomy":"category","embeddable":true,"href":"https:\/\/goias.gov.br\/procon\/wp-json\/wp\/v2\/categories?post=33528"},{"taxonomy":"post_tag","embeddable":true,"href":"https:\/\/goias.gov.br\/procon\/wp-json\/wp\/v2\/tags?post=33528"}],"curies":[{"name":"wp","href":"https:\/\/api.w.org\/{rel}","templated":true}]}}