
{"id":3333,"date":"2012-03-07T17:44:48","date_gmt":"2012-03-07T20:44:48","guid":{"rendered":"http:\/\/www.procon.go.gov.br\/?p=3333"},"modified":"2012-06-26T11:19:42","modified_gmt":"2012-06-26T14:19:42","slug":"3333","status":"publish","type":"post","link":"https:\/\/goias.gov.br\/procon\/3333\/","title":{"rendered":"Procon Goi\u00e1s realiza eventos para comemorar o Dia Internacional da Mulher"},"content":{"rendered":"<p><a href=\"\/procon\/noticias\/3333.html\/attachment\/images-2\" rel=\"attachment wp-att-3341\"><img decoding=\"async\" class=\"alignleft size-medium wp-image-3341\" title=\"Dia da Mulher\" src=\"\/procon\/wp-content\/uploads\/sites\/19\/2012\/03\/images1-220x164.jpg\" alt=\"\" width=\"220\" height=\"164\" \/><\/a>O Dia Internacional da Mulher \u00e9 comemorado no dia oito de mar\u00e7o. Pensando nisso, e visto que o quadro de funcion\u00e1rios do \u00f3rg\u00e3o \u00e9 composto em grande parte por mulheres, \u00a0o Procon organizou v\u00e1rias atividades especialmente para elas:<\/p>\n<p>&nbsp;<\/p>\n<p><span style=\"color: #0000ff;\">8\/3 \u00e1s 10horas\u2013 Oficina de auto maquiagem que acontece na sede do Procon, situado na rua 8, Setor Central.<\/span><\/p>\n<p><span style=\"color: #0000ff;\">9\/3 \u00e1s 10horasa\u2013 Palestra \u201cPilates e bem estar\u201d, na sede do \u00f3rg\u00e3o, situada na rua 8, Setor Central.<\/span><\/p>\n<p><span style=\"color: #0000ff;\">14\/3 \u00e1s 9horas \u2013 Pensando nas mulheres consumidoras, o \u00f3rg\u00e3o vai divulgar o ranking das empresas mais reclamadas de 2011. Site do Procon Goi\u00e1s.<\/span><\/p>\n<p><span style=\"color: #0000ff;\">16\/3 \u00e1s 9horas\u2013 Palestra: \u201cEconomia dom\u00e9stica e planejamento familiar\u201d, na sede do Procon, situado na rua 8, Setor Central.<\/span><\/p>\n<p>Confira a programa\u00e7\u00e3o dos \u00f3rg\u00e3os que comp\u00f5em a Secretaria de Seguran\u00e7a P\u00fablica e Justi\u00e7a de Goi\u00e1s (SSPJ) \u2013 Pol\u00edcia Militar, Pol\u00edcia Civil, Corpo de Bombeiros Militar, Superintend\u00eancia de Pol\u00edtica T\u00e9cnico Cient\u00edfica (SPTC), Secretaria da Seguran\u00e7a P\u00fablica e Justi\u00e7a (SSPJ), Procon e a Ag\u00eancia Goiana do Sistema de Execu\u00e7\u00e3o Penal (AGSEP):<\/p>\n<p><a title=\"Folder divulga\u00e7\u00e3o frente\" href=\"\/procon\/?attachment_id=3349\" target=\"_blank\">Folder divulga\u00e7\u00e3o frente<\/a><\/p>\n<p>Folder divulga\u00e7\u00e3o verso<\/p>\n<p>&nbsp;<\/p>\n","protected":false},"excerpt":{"rendered":"<p>O Dia Internacional da Mulher \u00e9 comemorado no dia oito de mar\u00e7o. Pensando nisso, e visto que o quadro de funcion\u00e1rios do \u00f3rg\u00e3o \u00e9 composto em grande parte por mulheres, \u00a0o Procon organizou v\u00e1rias atividades especialmente para elas: &nbsp; 8\/3 \u00e1s 10horas\u2013 Oficina de auto maquiagem que acontece na sede do Procon, situado na rua [&hellip;]<\/p>\n","protected":false},"author":2,"featured_media":3341,"comment_status":"closed","ping_status":"closed","sticky":false,"template":"","format":"standard","meta":{"footnotes":""},"categories":[10],"tags":[933],"class_list":["post-3333","post","type-post","status-publish","format-standard","has-post-thumbnail","hentry","category-noticias","tag-procon-goias-mulher-comemoracao-eventos-programacao"],"rttpg_featured_image_url":{"full":["https:\/\/goias.gov.br\/procon\/wp-content\/uploads\/sites\/19\/2012\/03\/images1.jpeg",259,194,false],"landscape":["https:\/\/goias.gov.br\/procon\/wp-content\/uploads\/sites\/19\/2012\/03\/images1.jpeg",259,194,false],"portraits":["https:\/\/goias.gov.br\/procon\/wp-content\/uploads\/sites\/19\/2012\/03\/images1.jpeg",259,194,false],"thumbnail":["https:\/\/goias.gov.br\/procon\/wp-content\/uploads\/sites\/19\/2012\/03\/images1-140x120.jpeg",140,120,true],"medium":["https:\/\/goias.gov.br\/procon\/wp-content\/uploads\/sites\/19\/2012\/03\/images1-220x165.jpeg",220,165,true],"large":["https:\/\/goias.gov.br\/procon\/wp-content\/uploads\/sites\/19\/2012\/03\/images1.jpeg",259,194,false],"1536x1536":["https:\/\/goias.gov.br\/procon\/wp-content\/uploads\/sites\/19\/2012\/03\/images1.jpeg",259,194,false],"2048x2048":["https:\/\/goias.gov.br\/procon\/wp-content\/uploads\/sites\/19\/2012\/03\/images1.jpeg",259,194,false]},"rttpg_author":{"display_name":"rogerioduarte","author_link":"https:\/\/goias.gov.br\/procon\/author\/rogerioduarte\/"},"rttpg_comment":0,"rttpg_category":"<a href=\"https:\/\/goias.gov.br\/procon\/categoria\/noticias\/\" rel=\"category tag\">Not\u00edcias<\/a>","rttpg_excerpt":"O Dia Internacional da Mulher \u00e9 comemorado no dia oito de mar\u00e7o. Pensando nisso, e visto que o quadro de funcion\u00e1rios do \u00f3rg\u00e3o \u00e9 composto em grande parte por mulheres, \u00a0o Procon organizou v\u00e1rias atividades especialmente para elas: &nbsp; 8\/3 \u00e1s 10horas\u2013 Oficina de auto maquiagem que acontece na sede do Procon, situado na rua&hellip;","_links":{"self":[{"href":"https:\/\/goias.gov.br\/procon\/wp-json\/wp\/v2\/posts\/3333","targetHints":{"allow":["GET"]}}],"collection":[{"href":"https:\/\/goias.gov.br\/procon\/wp-json\/wp\/v2\/posts"}],"about":[{"href":"https:\/\/goias.gov.br\/procon\/wp-json\/wp\/v2\/types\/post"}],"author":[{"embeddable":true,"href":"https:\/\/goias.gov.br\/procon\/wp-json\/wp\/v2\/users\/2"}],"replies":[{"embeddable":true,"href":"https:\/\/goias.gov.br\/procon\/wp-json\/wp\/v2\/comments?post=3333"}],"version-history":[{"count":0,"href":"https:\/\/goias.gov.br\/procon\/wp-json\/wp\/v2\/posts\/3333\/revisions"}],"wp:featuredmedia":[{"embeddable":true,"href":"https:\/\/goias.gov.br\/procon\/wp-json\/wp\/v2\/media\/3341"}],"wp:attachment":[{"href":"https:\/\/goias.gov.br\/procon\/wp-json\/wp\/v2\/media?parent=3333"}],"wp:term":[{"taxonomy":"category","embeddable":true,"href":"https:\/\/goias.gov.br\/procon\/wp-json\/wp\/v2\/categories?post=3333"},{"taxonomy":"post_tag","embeddable":true,"href":"https:\/\/goias.gov.br\/procon\/wp-json\/wp\/v2\/tags?post=3333"}],"curies":[{"name":"wp","href":"https:\/\/api.w.org\/{rel}","templated":true}]}}