
{"id":33259,"date":"2017-10-17T08:00:09","date_gmt":"2017-10-17T10:00:09","guid":{"rendered":"http:\/\/www.procon.go.gov.br\/?p=33259"},"modified":"2018-05-25T14:18:11","modified_gmt":"2018-05-25T17:18:11","slug":"procon-goias-participara-da-59a-edicao-do-programa-governo-junto-de-voce","status":"publish","type":"post","link":"https:\/\/goias.gov.br\/procon\/procon-goias-participara-da-59a-edicao-do-programa-governo-junto-de-voce\/","title":{"rendered":"Procon Goi\u00e1s participar\u00e1 da  59\u00aa Edi\u00e7\u00e3o do Programa \u201cGoverno junto de voc\u00ea\u201d"},"content":{"rendered":"<p>&nbsp;<\/p>\n<p><img fetchpriority=\"high\" decoding=\"async\" class=\"size-full wp-image-7963 aligncenter\" src=\"\/procon\/wp-content\/uploads\/sites\/19\/2013\/04\/Governo-Itinerante.jpg\" alt=\"Governo Itinerante\" width=\"460\" height=\"320\" srcset=\"https:\/\/goias.gov.br\/procon\/wp-content\/uploads\/sites\/19\/2013\/04\/Governo-Itinerante.jpg 460w, https:\/\/goias.gov.br\/procon\/wp-content\/uploads\/sites\/19\/2013\/04\/Governo-Itinerante-220x153.jpg 220w, https:\/\/goias.gov.br\/procon\/wp-content\/uploads\/sites\/19\/2013\/04\/Governo-Itinerante-450x313.jpg 450w, https:\/\/goias.gov.br\/procon\/wp-content\/uploads\/sites\/19\/2013\/04\/Governo-Itinerante-400x278.jpg 400w\" sizes=\"(max-width: 460px) 100vw, 460px\" \/><\/p>\n<p><strong>Procon Goi\u00e1s participar\u00e1 da \u00a059\u00aa Edi\u00e7\u00e3o do Programa \u201cGoverno junto de voc\u00ea\u201d<\/strong><\/p>\n<p>O Procon Goi\u00e1s\u00a0participar\u00e1 da\u00a0 59\u00aa Edi\u00e7\u00e3o do Programa \u201cGoverno junto de voc\u00ea\u201d, da Secretaria de Estado do\u00a0Governo. Dessa vez, o evento ser\u00e1 levado para cidade de Aparecida de\u00a0Goi\u00e2nia, entre os dias 19 e 22 de outubro de 2017, na Avenida Santana, esquina com a Rua Piratininga,\u00a0no bairro Jardim Nova Olinda, no campo de futebol, em frente ao CRAS.<\/p>\n<p>A realiza\u00e7\u00e3o do Governo Itinerante busca gerar uma aproxima\u00e7\u00e3o maior com a popula\u00e7\u00e3o, na presta\u00e7\u00e3o de um atendimento de qualidade, estimulando o exerc\u00edcio da cidadania plena. Sendo assim, o Procon Goi\u00e1s levar\u00e1 ao consumidor, servi\u00e7os de atendimento\u00a0dispon\u00edveis da Unidade Padr\u00e3o Vapt Vupt Sede do \u00f3rg\u00e3o.<\/p>\n<p>Aqueles que tiverem d\u00favidas sobre direitos do consumidor ou que querem reclamar quanto \u00e0 m\u00e1 presta\u00e7\u00e3o de um servi\u00e7o ou qualidade de um produto, poder\u00e3o aproveitar a ocasi\u00e3o. Mas, vale lembrar que para formalizar uma reclama\u00e7\u00e3o, o consumidor deve estar munido de documentos pessoais, comprovante de endere\u00e7o e documentos relacionados ao caso.<\/p>\n<p>Para mais informa\u00e7\u00f5es sobre as a\u00e7\u00f5es do Procon Goi\u00e1s durante o Governo Itinerante, basta ligar para o n\u00famero 151 (Goi\u00e2nia) ou 3201-7100 (todo o estado).<\/p>\n<p>&nbsp;<\/p>\n<p>&nbsp;<\/p>\n<p>&nbsp;<\/p>\n","protected":false},"excerpt":{"rendered":"<p>&nbsp; Procon Goi\u00e1s participar\u00e1 da \u00a059\u00aa Edi\u00e7\u00e3o do Programa \u201cGoverno junto de voc\u00ea\u201d O Procon Goi\u00e1s\u00a0participar\u00e1 da\u00a0 59\u00aa Edi\u00e7\u00e3o do Programa \u201cGoverno junto de voc\u00ea\u201d, da Secretaria de Estado do\u00a0Governo. Dessa vez, o evento ser\u00e1 levado para cidade de Aparecida de\u00a0Goi\u00e2nia, entre os dias 19 e 22 de outubro de 2017, na Avenida Santana, esquina [&hellip;]<\/p>\n","protected":false},"author":2,"featured_media":8256,"comment_status":"closed","ping_status":"closed","sticky":false,"template":"","format":"standard","meta":{"footnotes":""},"categories":[10],"tags":[],"class_list":["post-33259","post","type-post","status-publish","format-standard","has-post-thumbnail","hentry","category-noticias"],"rttpg_featured_image_url":{"full":["https:\/\/goias.gov.br\/procon\/wp-content\/uploads\/sites\/19\/2013\/05\/logo-gov-itinerante1.jpg",614,385,false],"landscape":["https:\/\/goias.gov.br\/procon\/wp-content\/uploads\/sites\/19\/2013\/05\/logo-gov-itinerante1.jpg",614,385,false],"portraits":["https:\/\/goias.gov.br\/procon\/wp-content\/uploads\/sites\/19\/2013\/05\/logo-gov-itinerante1.jpg",614,385,false],"thumbnail":["https:\/\/goias.gov.br\/procon\/wp-content\/uploads\/sites\/19\/2013\/05\/logo-gov-itinerante1-140x120.jpg",140,120,true],"medium":["https:\/\/goias.gov.br\/procon\/wp-content\/uploads\/sites\/19\/2013\/05\/logo-gov-itinerante1-220x138.jpg",220,138,true],"large":["https:\/\/goias.gov.br\/procon\/wp-content\/uploads\/sites\/19\/2013\/05\/logo-gov-itinerante1-450x282.jpg",450,282,true],"1536x1536":["https:\/\/goias.gov.br\/procon\/wp-content\/uploads\/sites\/19\/2013\/05\/logo-gov-itinerante1.jpg",614,385,false],"2048x2048":["https:\/\/goias.gov.br\/procon\/wp-content\/uploads\/sites\/19\/2013\/05\/logo-gov-itinerante1.jpg",614,385,false]},"rttpg_author":{"display_name":"rogerioduarte","author_link":"https:\/\/goias.gov.br\/procon\/author\/rogerioduarte\/"},"rttpg_comment":0,"rttpg_category":"<a href=\"https:\/\/goias.gov.br\/procon\/categoria\/noticias\/\" rel=\"category tag\">Not\u00edcias<\/a>","rttpg_excerpt":"&nbsp; Procon Goi\u00e1s participar\u00e1 da \u00a059\u00aa Edi\u00e7\u00e3o do Programa \u201cGoverno junto de voc\u00ea\u201d O Procon Goi\u00e1s\u00a0participar\u00e1 da\u00a0 59\u00aa Edi\u00e7\u00e3o do Programa \u201cGoverno junto de voc\u00ea\u201d, da Secretaria de Estado do\u00a0Governo. Dessa vez, o evento ser\u00e1 levado para cidade de Aparecida de\u00a0Goi\u00e2nia, entre os dias 19 e 22 de outubro de 2017, na Avenida Santana, esquina&hellip;","_links":{"self":[{"href":"https:\/\/goias.gov.br\/procon\/wp-json\/wp\/v2\/posts\/33259","targetHints":{"allow":["GET"]}}],"collection":[{"href":"https:\/\/goias.gov.br\/procon\/wp-json\/wp\/v2\/posts"}],"about":[{"href":"https:\/\/goias.gov.br\/procon\/wp-json\/wp\/v2\/types\/post"}],"author":[{"embeddable":true,"href":"https:\/\/goias.gov.br\/procon\/wp-json\/wp\/v2\/users\/2"}],"replies":[{"embeddable":true,"href":"https:\/\/goias.gov.br\/procon\/wp-json\/wp\/v2\/comments?post=33259"}],"version-history":[{"count":0,"href":"https:\/\/goias.gov.br\/procon\/wp-json\/wp\/v2\/posts\/33259\/revisions"}],"wp:featuredmedia":[{"embeddable":true,"href":"https:\/\/goias.gov.br\/procon\/wp-json\/wp\/v2\/media\/8256"}],"wp:attachment":[{"href":"https:\/\/goias.gov.br\/procon\/wp-json\/wp\/v2\/media?parent=33259"}],"wp:term":[{"taxonomy":"category","embeddable":true,"href":"https:\/\/goias.gov.br\/procon\/wp-json\/wp\/v2\/categories?post=33259"},{"taxonomy":"post_tag","embeddable":true,"href":"https:\/\/goias.gov.br\/procon\/wp-json\/wp\/v2\/tags?post=33259"}],"curies":[{"name":"wp","href":"https:\/\/api.w.org\/{rel}","templated":true}]}}