
{"id":3291,"date":"2012-03-02T11:21:22","date_gmt":"2012-03-02T14:21:22","guid":{"rendered":"http:\/\/www.procon.go.gov.br\/?p=3291"},"modified":"2012-03-02T11:25:48","modified_gmt":"2012-03-02T14:25:48","slug":"tim-e-notificada-pelo-procon-goias","status":"publish","type":"post","link":"https:\/\/goias.gov.br\/procon\/tim-e-notificada-pelo-procon-goias\/","title":{"rendered":"TIM \u00e9 notificada pelo Procon Goi\u00e1s"},"content":{"rendered":"<p style=\"text-align: justify;\"><a href=\"\/procon\/02\/03\/2012\/3291\/tim\/\" rel=\"attachment wp-att-3292\"><img decoding=\"async\" class=\"alignleft size-medium wp-image-3292\" title=\"Tim\" src=\"\/procon\/wp-content\/uploads\/sites\/19\/2012\/03\/Tim-220x169.jpg\" alt=\"\" width=\"220\" height=\"169\" \/><\/a>O disque-den\u00fancia do Procon Goi\u00e1s (<strong>151<\/strong>) come\u00e7ou o dia com uma avalanche de reclama\u00e7\u00f5es contra a operadora de telefonia TIM.<\/p>\n<p style=\"text-align: justify;\">Equipe de fiscais do \u00f3rg\u00e3o est\u00e1 se deslocando, neste momento, at\u00e9 a sede da empresa, em Goi\u00e2nia, para autuar a operadora, uma vez que os consumidores n\u00e3o foram informados previamente sobre a suspens\u00e3o tempor\u00e1ria dos servi\u00e7os.<\/p>\n<p>&nbsp;<\/p>\n<p style=\"text-align: justify;\">Assessoria de Imprensa \u2013 Procon Goi\u00e1s<br \/>\nimprensa@procon.go.gov.br<br \/>\n<strong>3201-7134<\/strong> \/\/\/ 3201-7135<br \/>\nEurico Rocha (8447-1881)<br \/>\nMichelle Rabelo (9926-2522)<\/p>\n","protected":false},"excerpt":{"rendered":"<p>O disque-den\u00fancia do Procon Goi\u00e1s (151) come\u00e7ou o dia com uma avalanche de reclama\u00e7\u00f5es contra a operadora de telefonia TIM. Equipe de fiscais do \u00f3rg\u00e3o est\u00e1 se deslocando, neste momento, at\u00e9 a sede da empresa, em Goi\u00e2nia, para autuar a operadora, uma vez que os consumidores n\u00e3o foram informados previamente sobre a suspens\u00e3o tempor\u00e1ria dos [&hellip;]<\/p>\n","protected":false},"author":2,"featured_media":3292,"comment_status":"closed","ping_status":"closed","sticky":false,"template":"","format":"standard","meta":{"footnotes":""},"categories":[10],"tags":[928,927,929,700,107,926],"class_list":["post-3291","post","type-post","status-publish","format-standard","has-post-thumbnail","hentry","category-noticias","tag-notificada","tag-operadora","tag-pane","tag-reclamacoes","tag-suspensao","tag-tim"],"rttpg_featured_image_url":{"full":["https:\/\/goias.gov.br\/procon\/wp-content\/uploads\/sites\/19\/2012\/03\/Tim.jpg",389,300,false],"landscape":["https:\/\/goias.gov.br\/procon\/wp-content\/uploads\/sites\/19\/2012\/03\/Tim.jpg",389,300,false],"portraits":["https:\/\/goias.gov.br\/procon\/wp-content\/uploads\/sites\/19\/2012\/03\/Tim.jpg",389,300,false],"thumbnail":["https:\/\/goias.gov.br\/procon\/wp-content\/uploads\/sites\/19\/2012\/03\/Tim-140x120.jpg",140,120,true],"medium":["https:\/\/goias.gov.br\/procon\/wp-content\/uploads\/sites\/19\/2012\/03\/Tim-220x170.jpg",220,170,true],"large":["https:\/\/goias.gov.br\/procon\/wp-content\/uploads\/sites\/19\/2012\/03\/Tim.jpg",389,300,false],"1536x1536":["https:\/\/goias.gov.br\/procon\/wp-content\/uploads\/sites\/19\/2012\/03\/Tim.jpg",389,300,false],"2048x2048":["https:\/\/goias.gov.br\/procon\/wp-content\/uploads\/sites\/19\/2012\/03\/Tim.jpg",389,300,false]},"rttpg_author":{"display_name":"rogerioduarte","author_link":"https:\/\/goias.gov.br\/procon\/author\/rogerioduarte\/"},"rttpg_comment":0,"rttpg_category":"<a href=\"https:\/\/goias.gov.br\/procon\/categoria\/noticias\/\" rel=\"category tag\">Not\u00edcias<\/a>","rttpg_excerpt":"O disque-den\u00fancia do Procon Goi\u00e1s (151) come\u00e7ou o dia com uma avalanche de reclama\u00e7\u00f5es contra a operadora de telefonia TIM. Equipe de fiscais do \u00f3rg\u00e3o est\u00e1 se deslocando, neste momento, at\u00e9 a sede da empresa, em Goi\u00e2nia, para autuar a operadora, uma vez que os consumidores n\u00e3o foram informados previamente sobre a suspens\u00e3o tempor\u00e1ria dos&hellip;","_links":{"self":[{"href":"https:\/\/goias.gov.br\/procon\/wp-json\/wp\/v2\/posts\/3291","targetHints":{"allow":["GET"]}}],"collection":[{"href":"https:\/\/goias.gov.br\/procon\/wp-json\/wp\/v2\/posts"}],"about":[{"href":"https:\/\/goias.gov.br\/procon\/wp-json\/wp\/v2\/types\/post"}],"author":[{"embeddable":true,"href":"https:\/\/goias.gov.br\/procon\/wp-json\/wp\/v2\/users\/2"}],"replies":[{"embeddable":true,"href":"https:\/\/goias.gov.br\/procon\/wp-json\/wp\/v2\/comments?post=3291"}],"version-history":[{"count":0,"href":"https:\/\/goias.gov.br\/procon\/wp-json\/wp\/v2\/posts\/3291\/revisions"}],"wp:featuredmedia":[{"embeddable":true,"href":"https:\/\/goias.gov.br\/procon\/wp-json\/wp\/v2\/media\/3292"}],"wp:attachment":[{"href":"https:\/\/goias.gov.br\/procon\/wp-json\/wp\/v2\/media?parent=3291"}],"wp:term":[{"taxonomy":"category","embeddable":true,"href":"https:\/\/goias.gov.br\/procon\/wp-json\/wp\/v2\/categories?post=3291"},{"taxonomy":"post_tag","embeddable":true,"href":"https:\/\/goias.gov.br\/procon\/wp-json\/wp\/v2\/tags?post=3291"}],"curies":[{"name":"wp","href":"https:\/\/api.w.org\/{rel}","templated":true}]}}