
{"id":32855,"date":"2017-09-22T17:35:43","date_gmt":"2017-09-22T20:35:43","guid":{"rendered":"http:\/\/www.procon.go.gov.br\/?p=32855"},"modified":"2018-05-25T14:25:31","modified_gmt":"2018-05-25T17:25:31","slug":"procon-goias-ministra-palestra-para-funcionarios-de-hipermercado-em-goiania","status":"publish","type":"post","link":"https:\/\/goias.gov.br\/procon\/procon-goias-ministra-palestra-para-funcionarios-de-hipermercado-em-goiania\/","title":{"rendered":"Procon Goi\u00e1s ministra palestra para funcion\u00e1rios de hipermercado em Goi\u00e2nia"},"content":{"rendered":"<p>&nbsp;<\/p>\n<p><img fetchpriority=\"high\" decoding=\"async\" class=\"alignleft wp-image-32856\" src=\"\/procon\/wp-content\/uploads\/sites\/19\/2017\/09\/marcospalestra.jpg\" alt=\"marcospalestra\" width=\"450\" height=\"338\" srcset=\"https:\/\/goias.gov.br\/procon\/wp-content\/uploads\/sites\/19\/2017\/09\/marcospalestra.jpg 700w, https:\/\/goias.gov.br\/procon\/wp-content\/uploads\/sites\/19\/2017\/09\/marcospalestra-220x165.jpg 220w, https:\/\/goias.gov.br\/procon\/wp-content\/uploads\/sites\/19\/2017\/09\/marcospalestra-450x338.jpg 450w, https:\/\/goias.gov.br\/procon\/wp-content\/uploads\/sites\/19\/2017\/09\/marcospalestra-400x300.jpg 400w\" sizes=\"(max-width: 450px) 100vw, 450px\" \/>O Procon Goi\u00e1s tem oferecido diversos cursos e palestras a fornecedores e consumidores goianos, em cumprimento a sua atribui\u00e7\u00e3o de equilibrar e aperfei\u00e7oar as rela\u00e7\u00f5es de consumo.<\/p>\n<p>Nos dias 18 e 22 de setembro, o Gerente de Fiscaliza\u00e7\u00e3o do \u00f3rg\u00e3o, Marcos Rosa, ministrou palestras para mais de 110 funcion\u00e1rios da rede de hipermercados Atacad\u00e3o, localizado no Setor Urias Magalh\u00e3es, em Goi\u00e2nia.<\/p>\n<p>Na ocasi\u00e3o, foram expostas as normas sobre as rela\u00e7\u00f5es de consumo, as principais causas de lavraturas de autos de infra\u00e7\u00e3o relacionadas ao segmento de supermercados, assim como os descumprimentos recorrentes ao C\u00f3digo de Defesa do Consumidor (CDC) por parte dos empres\u00e1rios.<\/p>\n<p><b>\u00a0<\/b><\/p>\n","protected":false},"excerpt":{"rendered":"<p>&nbsp; O Procon Goi\u00e1s tem oferecido diversos cursos e palestras a fornecedores e consumidores goianos, em cumprimento a sua atribui\u00e7\u00e3o de equilibrar e aperfei\u00e7oar as rela\u00e7\u00f5es de consumo. Nos dias 18 e 22 de setembro, o Gerente de Fiscaliza\u00e7\u00e3o do \u00f3rg\u00e3o, Marcos Rosa, ministrou palestras para mais de 110 funcion\u00e1rios da rede de hipermercados Atacad\u00e3o, [&hellip;]<\/p>\n","protected":false},"author":2,"featured_media":32856,"comment_status":"closed","ping_status":"closed","sticky":false,"template":"","format":"standard","meta":{"footnotes":""},"categories":[10,2584,1630],"tags":[],"class_list":["post-32855","post","type-post","status-publish","format-standard","has-post-thumbnail","hentry","category-noticias","category-procon-2","category-servicos"],"rttpg_featured_image_url":{"full":["https:\/\/goias.gov.br\/procon\/wp-content\/uploads\/sites\/19\/2017\/09\/marcospalestra.jpg",700,525,false],"landscape":["https:\/\/goias.gov.br\/procon\/wp-content\/uploads\/sites\/19\/2017\/09\/marcospalestra.jpg",700,525,false],"portraits":["https:\/\/goias.gov.br\/procon\/wp-content\/uploads\/sites\/19\/2017\/09\/marcospalestra.jpg",700,525,false],"thumbnail":["https:\/\/goias.gov.br\/procon\/wp-content\/uploads\/sites\/19\/2017\/09\/marcospalestra-140x120.jpg",140,120,true],"medium":["https:\/\/goias.gov.br\/procon\/wp-content\/uploads\/sites\/19\/2017\/09\/marcospalestra-220x165.jpg",220,165,true],"large":["https:\/\/goias.gov.br\/procon\/wp-content\/uploads\/sites\/19\/2017\/09\/marcospalestra-450x338.jpg",450,338,true],"1536x1536":["https:\/\/goias.gov.br\/procon\/wp-content\/uploads\/sites\/19\/2017\/09\/marcospalestra.jpg",700,525,false],"2048x2048":["https:\/\/goias.gov.br\/procon\/wp-content\/uploads\/sites\/19\/2017\/09\/marcospalestra.jpg",700,525,false]},"rttpg_author":{"display_name":"rogerioduarte","author_link":"https:\/\/goias.gov.br\/procon\/author\/rogerioduarte\/"},"rttpg_comment":0,"rttpg_category":"<a href=\"https:\/\/goias.gov.br\/procon\/categoria\/noticias\/\" rel=\"category tag\">Not\u00edcias<\/a> <a href=\"https:\/\/goias.gov.br\/procon\/categoria\/procon-2\/\" rel=\"category tag\">PROCON<\/a> <a href=\"https:\/\/goias.gov.br\/procon\/categoria\/servicos\/\" rel=\"category tag\">Servi\u00e7os<\/a>","rttpg_excerpt":"&nbsp; O Procon Goi\u00e1s tem oferecido diversos cursos e palestras a fornecedores e consumidores goianos, em cumprimento a sua atribui\u00e7\u00e3o de equilibrar e aperfei\u00e7oar as rela\u00e7\u00f5es de consumo. Nos dias 18 e 22 de setembro, o Gerente de Fiscaliza\u00e7\u00e3o do \u00f3rg\u00e3o, Marcos Rosa, ministrou palestras para mais de 110 funcion\u00e1rios da rede de hipermercados Atacad\u00e3o,&hellip;","_links":{"self":[{"href":"https:\/\/goias.gov.br\/procon\/wp-json\/wp\/v2\/posts\/32855","targetHints":{"allow":["GET"]}}],"collection":[{"href":"https:\/\/goias.gov.br\/procon\/wp-json\/wp\/v2\/posts"}],"about":[{"href":"https:\/\/goias.gov.br\/procon\/wp-json\/wp\/v2\/types\/post"}],"author":[{"embeddable":true,"href":"https:\/\/goias.gov.br\/procon\/wp-json\/wp\/v2\/users\/2"}],"replies":[{"embeddable":true,"href":"https:\/\/goias.gov.br\/procon\/wp-json\/wp\/v2\/comments?post=32855"}],"version-history":[{"count":0,"href":"https:\/\/goias.gov.br\/procon\/wp-json\/wp\/v2\/posts\/32855\/revisions"}],"wp:featuredmedia":[{"embeddable":true,"href":"https:\/\/goias.gov.br\/procon\/wp-json\/wp\/v2\/media\/32856"}],"wp:attachment":[{"href":"https:\/\/goias.gov.br\/procon\/wp-json\/wp\/v2\/media?parent=32855"}],"wp:term":[{"taxonomy":"category","embeddable":true,"href":"https:\/\/goias.gov.br\/procon\/wp-json\/wp\/v2\/categories?post=32855"},{"taxonomy":"post_tag","embeddable":true,"href":"https:\/\/goias.gov.br\/procon\/wp-json\/wp\/v2\/tags?post=32855"}],"curies":[{"name":"wp","href":"https:\/\/api.w.org\/{rel}","templated":true}]}}