
{"id":25310,"date":"2016-06-14T08:00:37","date_gmt":"2016-06-14T11:00:37","guid":{"rendered":"http:\/\/www.procon.go.gov.br\/?p=25310"},"modified":"2016-06-13T17:26:25","modified_gmt":"2016-06-13T20:26:25","slug":"anatel-realiza-consulta-publica-sobre-limitacao-de-internet-fixa","status":"publish","type":"post","link":"https:\/\/goias.gov.br\/procon\/anatel-realiza-consulta-publica-sobre-limitacao-de-internet-fixa\/","title":{"rendered":"Anatel realiza consulta p\u00fablica sobre limita\u00e7\u00e3o de internet fixa"},"content":{"rendered":"<p style=\"text-align: justify;\"><img decoding=\"async\" class=\"size-medium wp-image-24758 alignleft\" src=\"\/procon\/wp-content\/uploads\/sites\/19\/2016\/04\/Anatel-220x152.jpg\" alt=\"Anatel\" width=\"220\" height=\"152\" srcset=\"https:\/\/goias.gov.br\/procon\/wp-content\/uploads\/sites\/19\/2016\/04\/Anatel-220x152.jpg 220w, https:\/\/goias.gov.br\/procon\/wp-content\/uploads\/sites\/19\/2016\/04\/Anatel.jpg 232w\" sizes=\"(max-width: 220px) 100vw, 220px\" \/>A Ag\u00eancia Nacional de Telecomunica\u00e7\u00f5es (Anatel) anunciou, na \u00faltima semana, a realiza\u00e7\u00e3o de consultas p\u00fablicas e reuni\u00f5es com especialistas para ouvir a opini\u00e3o da sociedade sobre a franquia de dados da banda larga fixa de internet. A a\u00e7\u00e3o ser\u00e1 realizada durante os pr\u00f3ximos 60 dias. A ideia \u00e9 que o projeto de suporte \u00e0 decis\u00e3o da companhia sobre o assunto. A medida atende solicita\u00e7\u00f5es feitas por diversas entidades durante audi\u00eancia p\u00fablica, em Bras\u00edlia, entre elas o PROCON Goi\u00e1s.<\/p>\n<p style=\"text-align: justify;\">Durante o per\u00edodo aberto \u00e0s consultas p\u00fablicas, a Anatel vai solicitar subs\u00eddios sobre o tema a diversos \u00f3rg\u00e3os como Minist\u00e9rio de Ci\u00eancia, Tecnologia, Inova\u00e7\u00f5es e Comunica\u00e7\u00f5es, Minist\u00e9rio P\u00fablico Federal, Secretaria Nacional do Consumidor, Instituto Brasileiro de Defesa do Consumidor (Idec) e PROCON\u2019s de todo pa\u00eds, al\u00e9m de especialistas das \u00e1reas de direito, economia e tecnologia.<\/p>\n<p style=\"text-align: justify;\">Ap\u00f3s a fase de debates, o material produzido pela entidade a partir das discuss\u00f5es ser\u00e1 encaminhado ao grupo executivo constitu\u00eddo por tr\u00eas superintend\u00eancias da Anatel para realizar a an\u00e1lise de impacto regulat\u00f3rio das a\u00e7\u00f5es relacionadas ao tema.<\/p>\n<p style=\"text-align: justify;\">Segundo a Anatel, enquanto n\u00e3o \u00e9 definida a limita\u00e7\u00e3o ao pacote de dados da internet fixa, continua em vigor, por prazo indeterminado, a proibi\u00e7\u00e3o para que prestadoras com mais de 50 mil assinantes reduzam a velocidade de transmiss\u00e3o de dados, suspendam o servi\u00e7o e cobrem o tr\u00e1fego excedente ap\u00f3s o esgotamento da franquia.<\/p>\n<p style=\"text-align: justify;\"><strong>Orienta\u00e7\u00e3o do PROCON Goi\u00e1s<\/strong><\/p>\n<p style=\"text-align: justify;\">O PROCON Goi\u00e1s ressalta a import\u00e2ncia da participa\u00e7\u00e3o dos consumidores na consulta p\u00fablica, uma vez que a reconsidera\u00e7\u00e3o da Anatel aconteceu em virtude das manifesta\u00e7\u00f5es ocorridas em todos os Estados.<\/p>\n<p style=\"text-align: justify;\">O \u00f3rg\u00e3o de defesa do consumidor de Goi\u00e1s destaca que continua empenhado na causa e tem adotado todas as medidas necess\u00e1rias contra a limita\u00e7\u00e3o do pacote de dados da internet fixa, inclusive participando de audi\u00eancias p\u00fablicas, em Bras\u00edlia.<\/p>\n<p style=\"text-align: justify;\">Os consumidores podem participar da consulta p\u00fablica e obter mais informa\u00e7\u00f5es no pr\u00f3prio site da Anatel.<\/p>\n<p style=\"text-align: justify;\">Segue o link para confer\u00eancia: <a href=\"http:\/\/www.anatel.gov.br\/institucional\/\" target=\"_blank\">http:\/\/www.anatel.gov.br\/<\/a><\/p>\n<p>Fonte:<\/p>\n<p>www.anatel.gov.br<\/p>\n<p>portal.comunique-se.com.br<\/p>\n<p>&nbsp;<\/p>\n<p>Assessoria de imprensa do PROCON Goi\u00e1s<\/p>\n<p>Larissa Oliveira: 3201-7134<\/p>\n","protected":false},"excerpt":{"rendered":"<p>A Ag\u00eancia Nacional de Telecomunica\u00e7\u00f5es (Anatel) anunciou, na \u00faltima semana, a realiza\u00e7\u00e3o de consultas p\u00fablicas e reuni\u00f5es com especialistas para ouvir a opini\u00e3o da sociedade sobre a franquia de dados da banda larga fixa de internet. A a\u00e7\u00e3o ser\u00e1 realizada durante os pr\u00f3ximos 60 dias. A ideia \u00e9 que o projeto de suporte \u00e0 decis\u00e3o [&hellip;]<\/p>\n","protected":false},"author":23,"featured_media":24758,"comment_status":"closed","ping_status":"closed","sticky":false,"template":"","format":"standard","meta":{"footnotes":""},"categories":[10],"tags":[],"class_list":["post-25310","post","type-post","status-publish","format-standard","has-post-thumbnail","hentry","category-noticias"],"rttpg_featured_image_url":{"full":["https:\/\/goias.gov.br\/procon\/wp-content\/uploads\/sites\/19\/2016\/04\/Anatel.jpg",232,160,false],"landscape":["https:\/\/goias.gov.br\/procon\/wp-content\/uploads\/sites\/19\/2016\/04\/Anatel.jpg",232,160,false],"portraits":["https:\/\/goias.gov.br\/procon\/wp-content\/uploads\/sites\/19\/2016\/04\/Anatel.jpg",232,160,false],"thumbnail":["https:\/\/goias.gov.br\/procon\/wp-content\/uploads\/sites\/19\/2016\/04\/Anatel-140x120.jpg",140,120,true],"medium":["https:\/\/goias.gov.br\/procon\/wp-content\/uploads\/sites\/19\/2016\/04\/Anatel-220x152.jpg",220,152,true],"large":["https:\/\/goias.gov.br\/procon\/wp-content\/uploads\/sites\/19\/2016\/04\/Anatel.jpg",232,160,false],"1536x1536":["https:\/\/goias.gov.br\/procon\/wp-content\/uploads\/sites\/19\/2016\/04\/Anatel.jpg",232,160,false],"2048x2048":["https:\/\/goias.gov.br\/procon\/wp-content\/uploads\/sites\/19\/2016\/04\/Anatel.jpg",232,160,false]},"rttpg_author":{"display_name":"claudiacury","author_link":"https:\/\/goias.gov.br\/procon\/author\/claudiacury\/"},"rttpg_comment":0,"rttpg_category":"<a href=\"https:\/\/goias.gov.br\/procon\/categoria\/noticias\/\" rel=\"category tag\">Not\u00edcias<\/a>","rttpg_excerpt":"A Ag\u00eancia Nacional de Telecomunica\u00e7\u00f5es (Anatel) anunciou, na \u00faltima semana, a realiza\u00e7\u00e3o de consultas p\u00fablicas e reuni\u00f5es com especialistas para ouvir a opini\u00e3o da sociedade sobre a franquia de dados da banda larga fixa de internet. A a\u00e7\u00e3o ser\u00e1 realizada durante os pr\u00f3ximos 60 dias. A ideia \u00e9 que o projeto de suporte \u00e0 decis\u00e3o&hellip;","_links":{"self":[{"href":"https:\/\/goias.gov.br\/procon\/wp-json\/wp\/v2\/posts\/25310","targetHints":{"allow":["GET"]}}],"collection":[{"href":"https:\/\/goias.gov.br\/procon\/wp-json\/wp\/v2\/posts"}],"about":[{"href":"https:\/\/goias.gov.br\/procon\/wp-json\/wp\/v2\/types\/post"}],"author":[{"embeddable":true,"href":"https:\/\/goias.gov.br\/procon\/wp-json\/wp\/v2\/users\/23"}],"replies":[{"embeddable":true,"href":"https:\/\/goias.gov.br\/procon\/wp-json\/wp\/v2\/comments?post=25310"}],"version-history":[{"count":0,"href":"https:\/\/goias.gov.br\/procon\/wp-json\/wp\/v2\/posts\/25310\/revisions"}],"wp:featuredmedia":[{"embeddable":true,"href":"https:\/\/goias.gov.br\/procon\/wp-json\/wp\/v2\/media\/24758"}],"wp:attachment":[{"href":"https:\/\/goias.gov.br\/procon\/wp-json\/wp\/v2\/media?parent=25310"}],"wp:term":[{"taxonomy":"category","embeddable":true,"href":"https:\/\/goias.gov.br\/procon\/wp-json\/wp\/v2\/categories?post=25310"},{"taxonomy":"post_tag","embeddable":true,"href":"https:\/\/goias.gov.br\/procon\/wp-json\/wp\/v2\/tags?post=25310"}],"curies":[{"name":"wp","href":"https:\/\/api.w.org\/{rel}","templated":true}]}}