
{"id":1704,"date":"1994-06-11T16:46:57","date_gmt":"1994-06-11T19:46:57","guid":{"rendered":"http:\/\/www.procon.go.gov.br\/?p=1704"},"modified":"2016-05-13T15:52:42","modified_gmt":"2016-05-13T18:52:42","slug":"lei-8-884-11-06-94-transforma-cade-em-autarquia-e-inclui-8078-e-8137","status":"publish","type":"post","link":"https:\/\/goias.gov.br\/procon\/lei-8-884-11-06-94-transforma-cade-em-autarquia-e-inclui-8078-e-8137\/","title":{"rendered":"LEI n\u00ba 8.884 (11\/06\/1994) &#8211; Transforma o Conselho Administrativo de Defesa Econ\u00f4mica (CADE) em Autarquia, disp\u00f5e sobre a preven\u00e7\u00e3o e a repress\u00e3o \u00e0s infra\u00e7\u00f5es contra a ordem econ\u00f4mica e d\u00e1 outras provid\u00eancias"},"content":{"rendered":"<p><a href=\"http:\/\/legislacao.planalto.gov.br\/legisla\/legislacao.nsf\/Viw_Identificacao\/lei%208.884-1994?OpenDocument\" target=\"_blank\">Clique aqui<\/a> para acessar o documento.<\/p>\n","protected":false},"excerpt":{"rendered":"<p>Transforma o Conselho Administrativo de Defesa Econ\u00f4mica &#8211; CADE, em Autarquia, disp\u00f5e sobre a preven\u00e7\u00e3o e a repress\u00e3o as infra\u00e7\u00f5es contra a ordem econ\u00f4mica e d\u00e1 outras provid\u00eancias.<\/p>\n","protected":false},"author":2,"featured_media":0,"comment_status":"closed","ping_status":"closed","sticky":false,"template":"","format":"standard","meta":{"footnotes":""},"categories":[22],"tags":[496,6,5],"class_list":["post-1704","post","type-post","status-publish","format-standard","hentry","category-legislacao-federal","tag-cade","tag-goias","tag-procon"],"rttpg_featured_image_url":null,"rttpg_author":{"display_name":"rogerioduarte","author_link":"https:\/\/goias.gov.br\/procon\/author\/rogerioduarte\/"},"rttpg_comment":0,"rttpg_category":"<a href=\"https:\/\/goias.gov.br\/procon\/categoria\/legislacao\/legislacao-federal\/\" rel=\"category tag\">Legisla\u00e7\u00e3o Federal<\/a>","rttpg_excerpt":"Transforma o Conselho Administrativo de Defesa Econ\u00f4mica - CADE, em Autarquia, disp\u00f5e sobre a preven\u00e7\u00e3o e a repress\u00e3o as infra\u00e7\u00f5es contra a ordem econ\u00f4mica e d\u00e1 outras provid\u00eancias.","_links":{"self":[{"href":"https:\/\/goias.gov.br\/procon\/wp-json\/wp\/v2\/posts\/1704","targetHints":{"allow":["GET"]}}],"collection":[{"href":"https:\/\/goias.gov.br\/procon\/wp-json\/wp\/v2\/posts"}],"about":[{"href":"https:\/\/goias.gov.br\/procon\/wp-json\/wp\/v2\/types\/post"}],"author":[{"embeddable":true,"href":"https:\/\/goias.gov.br\/procon\/wp-json\/wp\/v2\/users\/2"}],"replies":[{"embeddable":true,"href":"https:\/\/goias.gov.br\/procon\/wp-json\/wp\/v2\/comments?post=1704"}],"version-history":[{"count":0,"href":"https:\/\/goias.gov.br\/procon\/wp-json\/wp\/v2\/posts\/1704\/revisions"}],"wp:attachment":[{"href":"https:\/\/goias.gov.br\/procon\/wp-json\/wp\/v2\/media?parent=1704"}],"wp:term":[{"taxonomy":"category","embeddable":true,"href":"https:\/\/goias.gov.br\/procon\/wp-json\/wp\/v2\/categories?post=1704"},{"taxonomy":"post_tag","embeddable":true,"href":"https:\/\/goias.gov.br\/procon\/wp-json\/wp\/v2\/tags?post=1704"}],"curies":[{"name":"wp","href":"https:\/\/api.w.org\/{rel}","templated":true}]}}