
{"id":14838,"date":"2014-12-23T07:26:54","date_gmt":"2014-12-23T09:26:54","guid":{"rendered":"http:\/\/www.procon.go.gov.br\/?p=14838"},"modified":"2014-12-23T07:28:44","modified_gmt":"2014-12-23T09:28:44","slug":"procon-goias-informa-horario-de-funcionamento-no-feriado-de-natal","status":"publish","type":"post","link":"https:\/\/goias.gov.br\/procon\/procon-goias-informa-horario-de-funcionamento-no-feriado-de-natal\/","title":{"rendered":"Procon Goi\u00e1s informa hor\u00e1rio de funcionamento no feriado de Natal"},"content":{"rendered":"<p style=\"text-align: justify;\"><img fetchpriority=\"high\" decoding=\"async\" class=\"alignleft size-full wp-image-14839\" alt=\"Natal\" src=\"\/procon\/wp-content\/uploads\/sites\/19\/2014\/12\/Natal.jpg\" width=\"350\" height=\"218\" srcset=\"https:\/\/goias.gov.br\/procon\/wp-content\/uploads\/sites\/19\/2014\/12\/Natal.jpg 350w, https:\/\/goias.gov.br\/procon\/wp-content\/uploads\/sites\/19\/2014\/12\/Natal-220x137.jpg 220w\" sizes=\"(max-width: 350px) 100vw, 350px\" \/>Devido ao feriado de Natal, o Procon Goi\u00e1s informa que o atendimento ao p\u00fablico ter\u00e1 hor\u00e1rio especial.<\/p>\n<p style=\"text-align: justify;\">Nesta quarta-feira (24\/12), o atendimento ser\u00e1 das 7 \u00e0s 12h, na sede e nos postos de atendimento Vapt Vupt.<\/p>\n<p style=\"text-align: justify;\">Na quinta-feira (25\/12), n\u00e3o haver\u00e1 atendimento ao p\u00fablico em nenhuma das unidades.<\/p>\n<p style=\"text-align: justify;\">Durante esses dois dias (24 e 25), o setor administrativo do Procon n\u00e3o funcionar\u00e1, por conta do ponto facultativo (24\/12), decretado pelo governador do Estado, e do feriado de Natal (25\/12).<\/p>\n<p style=\"text-align: justify;\">J\u00e1 na sexta-feira (26\/12), o atendimento ser\u00e1 normal, tanto no atendimento ao p\u00fablico, quanto no setor administrativo.<\/p>\n<p style=\"text-align: justify;\">23\/12\/2014<\/p>\n<p style=\"text-align: justify;\">Mais informa\u00e7\u00f5es:<br \/>\nAtendimento ao\u00a0<strong>consumidor<\/strong>:<br \/>\n<strong>151<\/strong>\u00a0ou (62)\u00a0<strong>3201-7100<\/strong>\u00a0\/\/\/ 3201-7101 \/\/\/ 3201-7102<br \/>\nAtendimento \u00e0\u00a0<strong>imprensa<\/strong>:<br \/>\nimprensa@procon.go.gov.br<br \/>\n(62)\u00a0<strong>3201-7134<\/strong>\u00a0\/\/\/ 3201-7112<br \/>\nEurico Rocha: 8447-1881<br \/>\nLucas Carvalho: 8197-0470<\/p>\n","protected":false},"excerpt":{"rendered":"<p>Devido ao feriado de Natal, o Procon Goi\u00e1s informa que o atendimento ao p\u00fablico ter\u00e1 hor\u00e1rio especial. Nesta quarta-feira (24\/12), o atendimento ser\u00e1 das 7 \u00e0s 12h, na sede e nos postos de atendimento Vapt Vupt. Na quinta-feira (25\/12), n\u00e3o haver\u00e1 atendimento ao p\u00fablico em nenhuma das unidades. Durante esses dois dias (24 e 25), [&hellip;]<\/p>\n","protected":false},"author":2,"featured_media":14839,"comment_status":"open","ping_status":"closed","sticky":false,"template":"","format":"standard","meta":{"footnotes":""},"categories":[10],"tags":[1820,2649,657,2648],"class_list":["post-14838","post","type-post","status-publish","format-standard","has-post-thumbnail","hentry","category-noticias","tag-feriado","tag-horario-diferenciado","tag-natal","tag-ponto-facultativo"],"rttpg_featured_image_url":{"full":["https:\/\/goias.gov.br\/procon\/wp-content\/uploads\/sites\/19\/2014\/12\/Natal.jpg",350,218,false],"landscape":["https:\/\/goias.gov.br\/procon\/wp-content\/uploads\/sites\/19\/2014\/12\/Natal.jpg",350,218,false],"portraits":["https:\/\/goias.gov.br\/procon\/wp-content\/uploads\/sites\/19\/2014\/12\/Natal.jpg",350,218,false],"thumbnail":["https:\/\/goias.gov.br\/procon\/wp-content\/uploads\/sites\/19\/2014\/12\/Natal-140x120.jpg",140,120,true],"medium":["https:\/\/goias.gov.br\/procon\/wp-content\/uploads\/sites\/19\/2014\/12\/Natal-220x137.jpg",220,137,true],"large":["https:\/\/goias.gov.br\/procon\/wp-content\/uploads\/sites\/19\/2014\/12\/Natal.jpg",350,218,false],"1536x1536":["https:\/\/goias.gov.br\/procon\/wp-content\/uploads\/sites\/19\/2014\/12\/Natal.jpg",350,218,false],"2048x2048":["https:\/\/goias.gov.br\/procon\/wp-content\/uploads\/sites\/19\/2014\/12\/Natal.jpg",350,218,false]},"rttpg_author":{"display_name":"rogerioduarte","author_link":"https:\/\/goias.gov.br\/procon\/author\/rogerioduarte\/"},"rttpg_comment":0,"rttpg_category":"<a href=\"https:\/\/goias.gov.br\/procon\/categoria\/noticias\/\" rel=\"category tag\">Not\u00edcias<\/a>","rttpg_excerpt":"Devido ao feriado de Natal, o Procon Goi\u00e1s informa que o atendimento ao p\u00fablico ter\u00e1 hor\u00e1rio especial. Nesta quarta-feira (24\/12), o atendimento ser\u00e1 das 7 \u00e0s 12h, na sede e nos postos de atendimento Vapt Vupt. Na quinta-feira (25\/12), n\u00e3o haver\u00e1 atendimento ao p\u00fablico em nenhuma das unidades. Durante esses dois dias (24 e 25),&hellip;","_links":{"self":[{"href":"https:\/\/goias.gov.br\/procon\/wp-json\/wp\/v2\/posts\/14838","targetHints":{"allow":["GET"]}}],"collection":[{"href":"https:\/\/goias.gov.br\/procon\/wp-json\/wp\/v2\/posts"}],"about":[{"href":"https:\/\/goias.gov.br\/procon\/wp-json\/wp\/v2\/types\/post"}],"author":[{"embeddable":true,"href":"https:\/\/goias.gov.br\/procon\/wp-json\/wp\/v2\/users\/2"}],"replies":[{"embeddable":true,"href":"https:\/\/goias.gov.br\/procon\/wp-json\/wp\/v2\/comments?post=14838"}],"version-history":[{"count":0,"href":"https:\/\/goias.gov.br\/procon\/wp-json\/wp\/v2\/posts\/14838\/revisions"}],"wp:featuredmedia":[{"embeddable":true,"href":"https:\/\/goias.gov.br\/procon\/wp-json\/wp\/v2\/media\/14839"}],"wp:attachment":[{"href":"https:\/\/goias.gov.br\/procon\/wp-json\/wp\/v2\/media?parent=14838"}],"wp:term":[{"taxonomy":"category","embeddable":true,"href":"https:\/\/goias.gov.br\/procon\/wp-json\/wp\/v2\/categories?post=14838"},{"taxonomy":"post_tag","embeddable":true,"href":"https:\/\/goias.gov.br\/procon\/wp-json\/wp\/v2\/tags?post=14838"}],"curies":[{"name":"wp","href":"https:\/\/api.w.org\/{rel}","templated":true}]}}