
{"id":14572,"date":"2014-12-02T11:09:37","date_gmt":"2014-12-02T13:09:37","guid":{"rendered":"http:\/\/www.procon.go.gov.br\/?p=14572"},"modified":"2014-12-02T11:09:37","modified_gmt":"2014-12-02T13:09:37","slug":"procon-goias-divulga-balanco-sobre-a-black-friday","status":"publish","type":"post","link":"https:\/\/goias.gov.br\/procon\/procon-goias-divulga-balanco-sobre-a-black-friday\/","title":{"rendered":"Procon Goi\u00e1s divulga balan\u00e7o sobre a Black Friday"},"content":{"rendered":"<p style=\"text-align: justify;\"><img fetchpriority=\"high\" decoding=\"async\" class=\"alignleft size-full wp-image-14573\" alt=\"black friday\" src=\"\/procon\/wp-content\/uploads\/sites\/19\/2014\/12\/black-friday.jpg\" width=\"400\" height=\"300\" srcset=\"https:\/\/goias.gov.br\/procon\/wp-content\/uploads\/sites\/19\/2014\/12\/black-friday.jpg 400w, https:\/\/goias.gov.br\/procon\/wp-content\/uploads\/sites\/19\/2014\/12\/black-friday-220x165.jpg 220w\" sizes=\"(max-width: 400px) 100vw, 400px\" \/>Na 5\u00aa edi\u00e7\u00e3o do Black Friday, o Procon Goi\u00e1s visitou 37 lojas do Goi\u00e2nia Shopping, onde fez um trabalho educativo sobre precifica\u00e7\u00e3o e verificou a ocorr\u00eancia da pr\u00e1tica da maquiagem de pre\u00e7os.<\/p>\n<p style=\"text-align: justify;\">As lojas foram notificadas para apresentarem, no prazo de 4 dias, relat\u00f3rio com as especifica\u00e7\u00f5es dos pre\u00e7os originais dos produtos ofertados a partir do dia 14 deste m\u00eas e durante a Black Friday.<\/p>\n<p style=\"text-align: justify;\">A documenta\u00e7\u00e3o apresentada ser\u00e1 analisada e, sendo constatada alguma irregularidade, as empresas ser\u00e3o autuadas e ter\u00e3o o prazo de 10 dias para se defenderem.<\/p>\n<p style=\"text-align: justify;\">Desde o in\u00edcio deste m\u00eas, o Procon Goi\u00e1s vem monitorando os sites mais acessados e os produtos mais pesquisados pelos consumidores, sendo que no dia da promo\u00e7\u00e3o realizou o monitoramento de 16 sites, comparando os pre\u00e7os dos produtos eletr\u00f4nicos, como celulares, tablets e notebooks. Tamb\u00e9m foram monitorados sites que comercializam m\u00f3veis, eletrodom\u00e9sticos, cal\u00e7ados e outros.<\/p>\n<p style=\"text-align: justify;\">Foram autuadas quatro empresas por publicidade enganosa, pois os pre\u00e7os dos produtos ofertados com descontos no dia da promo\u00e7\u00e3o sofreram aumento dias antes de come\u00e7ar a Black Friday.<\/p>\n<p style=\"text-align: justify;\">O Procon Goi\u00e1s recebeu tamb\u00e9m liga\u00e7\u00f5es de consumidores pelo disque den\u00fancia que, entre outras queixas, questionavam sobre a falta dos produtos anunciados em estoque, a maquiagem de pre\u00e7os e a dificuldade de finalizar a compra.<\/p>\n<p style=\"text-align: justify;\">O consumidor que constatar qualquer irregularidade nos pr\u00f3ximos dias com rela\u00e7\u00e3o ao pagamento (cobran\u00e7as indevidas) ou descumprimento dos prazos de entrega dos produtos, pode acionar o Procon Goi\u00e1s por meio do disque den\u00fancias\u00a0<b>151<\/b>\u00a0ou no (62) 3201-7100, ou ainda pessoalmente na sede, que fica na Rua 8 n\u00ba 242, no centro da capital, e em todos os postos de atendimento, instalados nas unidades Vapt Vupts. Outro canal de atendimento \u00e9 o Procon Virtual:\u00a0<a href=\"http:\/\/www.webprocon.com.br\/goias\">www.webprocon.com.br\/goias<\/a>.<\/p>\n<p style=\"text-align: justify;\">Mais informa\u00e7\u00f5es:<br \/>\nAtendimento ao\u00a0<strong>consumidor<\/strong>:<br \/>\n<strong>151<\/strong>\u00a0ou (62)\u00a0<strong>3201-7100<\/strong>\u00a0\/\/\/ 3201-7101 \/\/\/ 3201-7102<br \/>\nAtendimento \u00e0\u00a0<strong>imprensa<\/strong>:<br \/>\nimprensa@procon.go.gov.br<br \/>\n(62)\u00a0<strong>3201-7134<\/strong>\u00a0\/\/\/ 3201-7112<br \/>\nCarolina Oliveira: 8131-4308<br \/>\nEurico Rocha: 8447-1881<br \/>\nLucas Carvalho: 8197-0470<\/p>\n","protected":false},"excerpt":{"rendered":"<p>Na 5\u00aa edi\u00e7\u00e3o do Black Friday, o Procon Goi\u00e1s visitou 37 lojas do Goi\u00e2nia Shopping, onde fez um trabalho educativo sobre precifica\u00e7\u00e3o e verificou a ocorr\u00eancia da pr\u00e1tica da maquiagem de pre\u00e7os. As lojas foram notificadas para apresentarem, no prazo de 4 dias, relat\u00f3rio com as especifica\u00e7\u00f5es dos pre\u00e7os originais dos produtos ofertados a partir [&hellip;]<\/p>\n","protected":false},"author":2,"featured_media":14573,"comment_status":"open","ping_status":"closed","sticky":false,"template":"","format":"standard","meta":{"footnotes":""},"categories":[10],"tags":[1046,1446,341],"class_list":["post-14572","post","type-post","status-publish","format-standard","has-post-thumbnail","hentry","category-noticias","tag-balanco","tag-black-friday","tag-procon-goias"],"rttpg_featured_image_url":{"full":["https:\/\/goias.gov.br\/procon\/wp-content\/uploads\/sites\/19\/2014\/12\/black-friday.jpg",400,300,false],"landscape":["https:\/\/goias.gov.br\/procon\/wp-content\/uploads\/sites\/19\/2014\/12\/black-friday.jpg",400,300,false],"portraits":["https:\/\/goias.gov.br\/procon\/wp-content\/uploads\/sites\/19\/2014\/12\/black-friday.jpg",400,300,false],"thumbnail":["https:\/\/goias.gov.br\/procon\/wp-content\/uploads\/sites\/19\/2014\/12\/black-friday-140x120.jpg",140,120,true],"medium":["https:\/\/goias.gov.br\/procon\/wp-content\/uploads\/sites\/19\/2014\/12\/black-friday-220x165.jpg",220,165,true],"large":["https:\/\/goias.gov.br\/procon\/wp-content\/uploads\/sites\/19\/2014\/12\/black-friday.jpg",400,300,false],"1536x1536":["https:\/\/goias.gov.br\/procon\/wp-content\/uploads\/sites\/19\/2014\/12\/black-friday.jpg",400,300,false],"2048x2048":["https:\/\/goias.gov.br\/procon\/wp-content\/uploads\/sites\/19\/2014\/12\/black-friday.jpg",400,300,false]},"rttpg_author":{"display_name":"rogerioduarte","author_link":"https:\/\/goias.gov.br\/procon\/author\/rogerioduarte\/"},"rttpg_comment":0,"rttpg_category":"<a href=\"https:\/\/goias.gov.br\/procon\/categoria\/noticias\/\" rel=\"category tag\">Not\u00edcias<\/a>","rttpg_excerpt":"Na 5\u00aa edi\u00e7\u00e3o do Black Friday, o Procon Goi\u00e1s visitou 37 lojas do Goi\u00e2nia Shopping, onde fez um trabalho educativo sobre precifica\u00e7\u00e3o e verificou a ocorr\u00eancia da pr\u00e1tica da maquiagem de pre\u00e7os. As lojas foram notificadas para apresentarem, no prazo de 4 dias, relat\u00f3rio com as especifica\u00e7\u00f5es dos pre\u00e7os originais dos produtos ofertados a partir&hellip;","_links":{"self":[{"href":"https:\/\/goias.gov.br\/procon\/wp-json\/wp\/v2\/posts\/14572","targetHints":{"allow":["GET"]}}],"collection":[{"href":"https:\/\/goias.gov.br\/procon\/wp-json\/wp\/v2\/posts"}],"about":[{"href":"https:\/\/goias.gov.br\/procon\/wp-json\/wp\/v2\/types\/post"}],"author":[{"embeddable":true,"href":"https:\/\/goias.gov.br\/procon\/wp-json\/wp\/v2\/users\/2"}],"replies":[{"embeddable":true,"href":"https:\/\/goias.gov.br\/procon\/wp-json\/wp\/v2\/comments?post=14572"}],"version-history":[{"count":0,"href":"https:\/\/goias.gov.br\/procon\/wp-json\/wp\/v2\/posts\/14572\/revisions"}],"wp:featuredmedia":[{"embeddable":true,"href":"https:\/\/goias.gov.br\/procon\/wp-json\/wp\/v2\/media\/14573"}],"wp:attachment":[{"href":"https:\/\/goias.gov.br\/procon\/wp-json\/wp\/v2\/media?parent=14572"}],"wp:term":[{"taxonomy":"category","embeddable":true,"href":"https:\/\/goias.gov.br\/procon\/wp-json\/wp\/v2\/categories?post=14572"},{"taxonomy":"post_tag","embeddable":true,"href":"https:\/\/goias.gov.br\/procon\/wp-json\/wp\/v2\/tags?post=14572"}],"curies":[{"name":"wp","href":"https:\/\/api.w.org\/{rel}","templated":true}]}}