
{"id":1457,"date":"2011-11-07T07:32:36","date_gmt":"2011-11-07T09:32:36","guid":{"rendered":"http:\/\/www.procon.go.gov.br\/?p=1457"},"modified":"2016-01-21T12:36:11","modified_gmt":"2016-01-21T14:36:11","slug":"procon-goias-orienta-pais-sobre-matricula-escolar","status":"publish","type":"post","link":"https:\/\/goias.gov.br\/procon\/procon-goias-orienta-pais-sobre-matricula-escolar\/","title":{"rendered":"Procon Goi\u00e1s orienta pais sobre matr\u00edcula escolar"},"content":{"rendered":"<figure id=\"attachment_1462\" aria-describedby=\"caption-attachment-1462\" style=\"width: 220px\" class=\"wp-caption alignleft\"><a href=\"\/procon\/07\/11\/2011\/1457\/escola1\/\" rel=\"attachment wp-att-1462\"><img decoding=\"async\" class=\"size-medium wp-image-1462\" title=\"escola1\" src=\"\/procon\/wp-content\/uploads\/sites\/19\/2011\/11\/escola1-220x165.jpg\" alt=\"\" width=\"220\" height=\"165\" srcset=\"https:\/\/goias.gov.br\/procon\/wp-content\/uploads\/sites\/19\/2011\/11\/escola1-220x165.jpg 220w, https:\/\/goias.gov.br\/procon\/wp-content\/uploads\/sites\/19\/2011\/11\/escola1.jpg 400w\" sizes=\"(max-width: 220px) 100vw, 220px\" \/><\/a><figcaption id=\"caption-attachment-1462\" class=\"wp-caption-text\">Lista de material escolar n\u00e3o deve ter produtos de uso coletivo<\/figcaption><\/figure>\n<p align=\"justify\">O per\u00edodo de matr\u00edcula escolar est\u00e1 come\u00e7ando. Para muitos pais, come\u00e7a tamb\u00e9m a dor de cabe\u00e7a e muita preocupa\u00e7\u00e3o na hora da escolha do col\u00e9gio dos filhos.<\/p>\n<p align=\"justify\">O Procon Goi\u00e1s est\u00e1 de olho nos abusos. Para isso, elaborou uma lista de recomenda\u00e7\u00f5es para evitar surpresas durante o ano.<\/p>\n<p align=\"justify\">D\u00favidas ou reclama\u00e7\u00f5es podem ser sanadas nos postos de atendimento do Procon e tamb\u00e9m pelo telefone <strong>151<\/strong>.<\/p>\n<p align=\"justify\">\u00a0<\/p>\n<p align=\"justify\">\u00a0<\/p>\n<p align=\"justify\"><strong>Dicas na hora da matr\u00edcula:<\/strong><\/p>\n<ul>\n<li>\n<p align=\"justify\">Visite a escola ainda no per\u00edodo letivo.<\/p>\n<\/li>\n<\/ul>\n<ul>\n<li>\n<p align=\"justify\">Observe as condi\u00e7\u00f5es de higiene e de seguran\u00e7a, assim como o trabalho dos funcion\u00e1rios.<\/p>\n<\/li>\n<li>\n<p align=\"justify\">Pergunte sobre o funcionamento da cantina, obrigatoriedade de uniforme e de atividades extras e a lista de material did\u00e1tico.<\/p>\n<\/li>\n<li>\n<p align=\"justify\">A lista do material escolar n\u00e3o deve conter exageros.<\/p>\n<\/li>\n<li>\n<p align=\"justify\">Materiais de uso coletivo como papel A4, giz, apagador, medicamentos para primeiros socorros, copos descart\u00e1veis, papel higi\u00eancio, \u00e1lcool, algod\u00e3o, etc, s\u00e3o de reponsabilidade da escola, j\u00e1 que s\u00e3o de uso coletivo.<\/p>\n<\/li>\n<\/ul>\n<ul>\n<li>\n<p align=\"justify\">Confira se o servi\u00e7o de transporte esolar est\u00e1 devidamente registrado na Prefeitura.<\/p>\n<\/li>\n<li>\n<p align=\"justify\">Se a escola cobrar taxa para reserva de matr\u00edcula, o valor deve ser abatido na anuidade\/mensalidade.<\/p>\n<\/li>\n<\/ul>\n<ul>\n<li>\n<p align=\"justify\">Se a matr\u00edcula n\u00e3o for efetivada, a escola deve devolver a taxa, com exce\u00e7\u00e3o de despesas administrativas comprovadas.<\/p>\n<\/li>\n<\/ul>\n<ul>\n<li>\n<p align=\"justify\">Leia o contrato com calma, se poss\u00edvel em casa. Tudo que for acordado verbalmente deve estar no documento.<\/p>\n<\/li>\n<\/ul>\n<ul>\n<li>\n<p align=\"justify\">Procure informa\u00e7\u00f5es sobre seguro-escola, que garante a continuidade dos estudos em caso de problemas familiares.<\/p>\n<\/li>\n<\/ul>\n<ul>\n<li>\n<p align=\"justify\">A anuidade, a proposta de contrato \u2013 em linguagem clara \u2013 e o n\u00famero de vagas por sala, devem ser divulgados 45 dias antes da data final para matr\u00edculas.<\/p>\n<\/li>\n<\/ul>\n","protected":false},"excerpt":{"rendered":"<p>O per\u00edodo de matr\u00edcula escolar est\u00e1 come\u00e7ando. Para muitos pais, come\u00e7a tamb\u00e9m a dor de cabe\u00e7a e muita preocupa\u00e7\u00e3o na hora da escolha do col\u00e9gio dos filhos. O Procon Goi\u00e1s est\u00e1 de olho nos abusos. Para isso, elaborou uma lista de recomenda\u00e7\u00f5es para evitar surpresas durante o ano. D\u00favidas ou reclama\u00e7\u00f5es podem ser sanadas nos [&hellip;]<\/p>\n","protected":false},"author":2,"featured_media":1462,"comment_status":"closed","ping_status":"closed","sticky":false,"template":"","format":"standard","meta":{"footnotes":""},"categories":[562,10],"tags":[397,393,395,396,341,394],"class_list":["post-1457","post","type-post","status-publish","format-standard","has-post-thumbnail","hentry","category-dicas-ao-consumidor","category-noticias","tag-anuidade","tag-material-escolar","tag-matricula","tag-mensalidade","tag-procon-goias","tag-reajuste"],"rttpg_featured_image_url":{"full":["https:\/\/goias.gov.br\/procon\/wp-content\/uploads\/sites\/19\/2011\/11\/escola1.jpg",400,300,false],"landscape":["https:\/\/goias.gov.br\/procon\/wp-content\/uploads\/sites\/19\/2011\/11\/escola1.jpg",400,300,false],"portraits":["https:\/\/goias.gov.br\/procon\/wp-content\/uploads\/sites\/19\/2011\/11\/escola1.jpg",400,300,false],"thumbnail":["https:\/\/goias.gov.br\/procon\/wp-content\/uploads\/sites\/19\/2011\/11\/escola1-140x120.jpg",140,120,true],"medium":["https:\/\/goias.gov.br\/procon\/wp-content\/uploads\/sites\/19\/2011\/11\/escola1-220x165.jpg",220,165,true],"large":["https:\/\/goias.gov.br\/procon\/wp-content\/uploads\/sites\/19\/2011\/11\/escola1.jpg",400,300,false],"1536x1536":["https:\/\/goias.gov.br\/procon\/wp-content\/uploads\/sites\/19\/2011\/11\/escola1.jpg",400,300,false],"2048x2048":["https:\/\/goias.gov.br\/procon\/wp-content\/uploads\/sites\/19\/2011\/11\/escola1.jpg",400,300,false]},"rttpg_author":{"display_name":"rogerioduarte","author_link":"https:\/\/goias.gov.br\/procon\/author\/rogerioduarte\/"},"rttpg_comment":0,"rttpg_category":"<a href=\"https:\/\/goias.gov.br\/procon\/categoria\/dicas-ao-consumidor\/\" rel=\"category tag\">Dicas ao Consumidor<\/a> <a href=\"https:\/\/goias.gov.br\/procon\/categoria\/noticias\/\" rel=\"category tag\">Not\u00edcias<\/a>","rttpg_excerpt":"O per\u00edodo de matr\u00edcula escolar est\u00e1 come\u00e7ando. Para muitos pais, come\u00e7a tamb\u00e9m a dor de cabe\u00e7a e muita preocupa\u00e7\u00e3o na hora da escolha do col\u00e9gio dos filhos. O Procon Goi\u00e1s est\u00e1 de olho nos abusos. Para isso, elaborou uma lista de recomenda\u00e7\u00f5es para evitar surpresas durante o ano. D\u00favidas ou reclama\u00e7\u00f5es podem ser sanadas nos&hellip;","_links":{"self":[{"href":"https:\/\/goias.gov.br\/procon\/wp-json\/wp\/v2\/posts\/1457","targetHints":{"allow":["GET"]}}],"collection":[{"href":"https:\/\/goias.gov.br\/procon\/wp-json\/wp\/v2\/posts"}],"about":[{"href":"https:\/\/goias.gov.br\/procon\/wp-json\/wp\/v2\/types\/post"}],"author":[{"embeddable":true,"href":"https:\/\/goias.gov.br\/procon\/wp-json\/wp\/v2\/users\/2"}],"replies":[{"embeddable":true,"href":"https:\/\/goias.gov.br\/procon\/wp-json\/wp\/v2\/comments?post=1457"}],"version-history":[{"count":0,"href":"https:\/\/goias.gov.br\/procon\/wp-json\/wp\/v2\/posts\/1457\/revisions"}],"wp:featuredmedia":[{"embeddable":true,"href":"https:\/\/goias.gov.br\/procon\/wp-json\/wp\/v2\/media\/1462"}],"wp:attachment":[{"href":"https:\/\/goias.gov.br\/procon\/wp-json\/wp\/v2\/media?parent=1457"}],"wp:term":[{"taxonomy":"category","embeddable":true,"href":"https:\/\/goias.gov.br\/procon\/wp-json\/wp\/v2\/categories?post=1457"},{"taxonomy":"post_tag","embeddable":true,"href":"https:\/\/goias.gov.br\/procon\/wp-json\/wp\/v2\/tags?post=1457"}],"curies":[{"name":"wp","href":"https:\/\/api.w.org\/{rel}","templated":true}]}}