
{"id":13588,"date":"2014-10-15T18:04:10","date_gmt":"2014-10-15T21:04:10","guid":{"rendered":"http:\/\/www.procon.go.gov.br\/?p=13588"},"modified":"2014-10-15T18:08:36","modified_gmt":"2014-10-15T21:08:36","slug":"procon-goias-alerta-sobre-reaviso-da-celg","status":"publish","type":"post","link":"https:\/\/goias.gov.br\/procon\/procon-goias-alerta-sobre-reaviso-da-celg\/","title":{"rendered":"Procon Goi\u00e1s alerta sobre reaviso da Celg"},"content":{"rendered":"<figure id=\"attachment_13589\" aria-describedby=\"caption-attachment-13589\" style=\"width: 220px\" class=\"wp-caption alignleft\"><img decoding=\"async\" class=\"size-medium wp-image-13589\" alt=\"Fatura da Celg, com destaque para o reaviso\" src=\"\/procon\/wp-content\/uploads\/sites\/19\/2014\/10\/fatura-celg-2-220x100.jpg\" width=\"220\" height=\"100\" srcset=\"https:\/\/goias.gov.br\/procon\/wp-content\/uploads\/sites\/19\/2014\/10\/fatura-celg-2-220x100.jpg 220w, https:\/\/goias.gov.br\/procon\/wp-content\/uploads\/sites\/19\/2014\/10\/fatura-celg-2-450x205.jpg 450w, https:\/\/goias.gov.br\/procon\/wp-content\/uploads\/sites\/19\/2014\/10\/fatura-celg-2-400x182.jpg 400w, https:\/\/goias.gov.br\/procon\/wp-content\/uploads\/sites\/19\/2014\/10\/fatura-celg-2.jpg 700w\" sizes=\"(max-width: 220px) 100vw, 220px\" \/><figcaption id=\"caption-attachment-13589\" class=\"wp-caption-text\">Fatura da Celg, com destaque para o reaviso em amarelo<\/figcaption><\/figure>\n<p style=\"text-align: justify;\">Para evitar transtornos aos consumidores de energia el\u00e9trica do Estado de Goi\u00e1s, o Procon Goi\u00e1s alerta sobre a nova forma do reaviso de conta em atraso.<\/p>\n<p style=\"text-align: justify;\">A Celg n\u00e3o envia mais o reaviso separadamente, sendo que o mesmo vem na pr\u00f3pria fatura, destacado em um campo amarelo. O consumidor precisa estar atento para evitar o corte.<\/p>\n<p style=\"text-align: justify;\">A resolu\u00e7\u00e3o n\u00ba 414, de 9 de setembro de 2010, da ANEEL, prev\u00ea em seu artigo n\u00ba 173 a possibilidade da Celg enviar o aviso de corte na pr\u00f3pria fatura ou separadamente.<\/p>\n<p style=\"text-align: justify;\">Em rela\u00e7\u00e3o \u00e0 religa\u00e7\u00e3o, a companhia tem, ap\u00f3s a confirma\u00e7\u00e3o do pagamento, at\u00e9 24 horas para restabelecer o fornecimento de energia na zona urbana e at\u00e9 48 horas na zona rural. Neste caso, a religa\u00e7\u00e3o n\u00e3o tem custo para o consumidor.<\/p>\n<p style=\"text-align: justify;\">Caso o consumidor solicite a religa\u00e7\u00e3o na central de atendimento, ter\u00e1 de pagar uma taxa de R$ 6,11. J\u00e1 o valor de religa\u00e7\u00e3o de urg\u00eancia custa R$ 30,65, sendo que o valor \u00e9 cobrado na pr\u00f3xima fatura.<\/p>\n<p style=\"text-align: justify;\">Mais Informa\u00e7\u00f5es:<br \/>\nAssessoria de Imprensa \u2013 Procon Goi\u00e1s<br \/>\nimprensa@procon.go.gov.br<br \/>\n(62)\u00a03201-7134 \/\/\/ 3201-7112<br \/>\nCarolina Oliveira: 8131-4308<br \/>\nEurico Rocha: 8529-1065 \/\/\/ 8447-1881<br \/>\nLucas Carvalho: 8197-0470<\/p>\n","protected":false},"excerpt":{"rendered":"<p>Para evitar transtornos aos consumidores de energia el\u00e9trica do Estado de Goi\u00e1s, o Procon Goi\u00e1s alerta sobre a nova forma do reaviso de conta em atraso. A Celg n\u00e3o envia mais o reaviso separadamente, sendo que o mesmo vem na pr\u00f3pria fatura, destacado em um campo amarelo. O consumidor precisa estar atento para evitar o [&hellip;]<\/p>\n","protected":false},"author":2,"featured_media":13589,"comment_status":"open","ping_status":"closed","sticky":false,"template":"","format":"standard","meta":{"footnotes":""},"categories":[10],"tags":[2403,563,2404,1386,2402],"class_list":["post-13588","post","type-post","status-publish","format-standard","has-post-thumbnail","hentry","category-noticias","tag-aneel","tag-celg","tag-corte","tag-fatura","tag-reaviso"],"rttpg_featured_image_url":{"full":["https:\/\/goias.gov.br\/procon\/wp-content\/uploads\/sites\/19\/2014\/10\/fatura-celg-2.jpg",700,319,false],"landscape":["https:\/\/goias.gov.br\/procon\/wp-content\/uploads\/sites\/19\/2014\/10\/fatura-celg-2.jpg",700,319,false],"portraits":["https:\/\/goias.gov.br\/procon\/wp-content\/uploads\/sites\/19\/2014\/10\/fatura-celg-2.jpg",700,319,false],"thumbnail":["https:\/\/goias.gov.br\/procon\/wp-content\/uploads\/sites\/19\/2014\/10\/fatura-celg-2-140x120.jpg",140,120,true],"medium":["https:\/\/goias.gov.br\/procon\/wp-content\/uploads\/sites\/19\/2014\/10\/fatura-celg-2-220x100.jpg",220,100,true],"large":["https:\/\/goias.gov.br\/procon\/wp-content\/uploads\/sites\/19\/2014\/10\/fatura-celg-2-450x205.jpg",450,205,true],"1536x1536":["https:\/\/goias.gov.br\/procon\/wp-content\/uploads\/sites\/19\/2014\/10\/fatura-celg-2.jpg",700,319,false],"2048x2048":["https:\/\/goias.gov.br\/procon\/wp-content\/uploads\/sites\/19\/2014\/10\/fatura-celg-2.jpg",700,319,false]},"rttpg_author":{"display_name":"rogerioduarte","author_link":"https:\/\/goias.gov.br\/procon\/author\/rogerioduarte\/"},"rttpg_comment":0,"rttpg_category":"<a href=\"https:\/\/goias.gov.br\/procon\/categoria\/noticias\/\" rel=\"category tag\">Not\u00edcias<\/a>","rttpg_excerpt":"Para evitar transtornos aos consumidores de energia el\u00e9trica do Estado de Goi\u00e1s, o Procon Goi\u00e1s alerta sobre a nova forma do reaviso de conta em atraso. A Celg n\u00e3o envia mais o reaviso separadamente, sendo que o mesmo vem na pr\u00f3pria fatura, destacado em um campo amarelo. O consumidor precisa estar atento para evitar o&hellip;","_links":{"self":[{"href":"https:\/\/goias.gov.br\/procon\/wp-json\/wp\/v2\/posts\/13588","targetHints":{"allow":["GET"]}}],"collection":[{"href":"https:\/\/goias.gov.br\/procon\/wp-json\/wp\/v2\/posts"}],"about":[{"href":"https:\/\/goias.gov.br\/procon\/wp-json\/wp\/v2\/types\/post"}],"author":[{"embeddable":true,"href":"https:\/\/goias.gov.br\/procon\/wp-json\/wp\/v2\/users\/2"}],"replies":[{"embeddable":true,"href":"https:\/\/goias.gov.br\/procon\/wp-json\/wp\/v2\/comments?post=13588"}],"version-history":[{"count":0,"href":"https:\/\/goias.gov.br\/procon\/wp-json\/wp\/v2\/posts\/13588\/revisions"}],"wp:featuredmedia":[{"embeddable":true,"href":"https:\/\/goias.gov.br\/procon\/wp-json\/wp\/v2\/media\/13589"}],"wp:attachment":[{"href":"https:\/\/goias.gov.br\/procon\/wp-json\/wp\/v2\/media?parent=13588"}],"wp:term":[{"taxonomy":"category","embeddable":true,"href":"https:\/\/goias.gov.br\/procon\/wp-json\/wp\/v2\/categories?post=13588"},{"taxonomy":"post_tag","embeddable":true,"href":"https:\/\/goias.gov.br\/procon\/wp-json\/wp\/v2\/tags?post=13588"}],"curies":[{"name":"wp","href":"https:\/\/api.w.org\/{rel}","templated":true}]}}