
{"id":11409,"date":"2013-12-03T15:49:59","date_gmt":"2013-12-03T17:49:59","guid":{"rendered":"http:\/\/www.procon.go.gov.br\/?p=11409"},"modified":"2013-12-03T21:13:50","modified_gmt":"2013-12-03T23:13:50","slug":"procon-goias-participa-de-cafe-da-manha-na-sapejus","status":"publish","type":"post","link":"https:\/\/goias.gov.br\/procon\/procon-goias-participa-de-cafe-da-manha-na-sapejus\/","title":{"rendered":"Procon Goi\u00e1s participa de caf\u00e9 da manh\u00e3 na SAPEJUS"},"content":{"rendered":"<p style=\"text-align: justify;\"><img decoding=\"async\" class=\"alignleft size-medium wp-image-11410\" title=\"visita sapejus\" src=\"\/procon\/wp-content\/uploads\/sites\/19\/2013\/12\/visita-sapejus-220x149.jpg\" alt=\"\" width=\"220\" height=\"149\" srcset=\"https:\/\/goias.gov.br\/procon\/wp-content\/uploads\/sites\/19\/2013\/12\/visita-sapejus-220x149.jpg 220w, https:\/\/goias.gov.br\/procon\/wp-content\/uploads\/sites\/19\/2013\/12\/visita-sapejus.jpg 700w, https:\/\/goias.gov.br\/procon\/wp-content\/uploads\/sites\/19\/2013\/12\/visita-sapejus-450x305.jpg 450w, https:\/\/goias.gov.br\/procon\/wp-content\/uploads\/sites\/19\/2013\/12\/visita-sapejus-620x420.jpg 620w, https:\/\/goias.gov.br\/procon\/wp-content\/uploads\/sites\/19\/2013\/12\/visita-sapejus-400x271.jpg 400w\" sizes=\"(max-width: 220px) 100vw, 220px\" \/>Representando o Procon Goi\u00e1s, a superintendente Darlene Ara\u00fajo, participou, nesta ter\u00e7a-feira (3\/12), de um caf\u00e9 da manh\u00e3 promovido pela Secret\u00e1ria da Administra\u00e7\u00e3o Penitenci\u00e1ria e Justi\u00e7a (SAPEJUS), pasta da qual o \u00f3rg\u00e3o estadual de defesa do consumidor faz parte.<\/p>\n<p style=\"text-align: justify;\">Na ocasi\u00e3o, o secret\u00e1rio, Edemundo Dias de Oliveira Filho, apresentou um relat\u00f3rio com o balan\u00e7o das realiza\u00e7\u00f5es da pasta no ano de 2013. A apresenta\u00e7\u00e3o aconteceu no Complexo Prisional, em Aparecida de Goi\u00e2nia.<\/p>\n<p style=\"text-align: justify;\">Darlene Ara\u00fajo tamb\u00e9m falou com a imprensa sobre as a\u00e7\u00f5es do Procon Goi\u00e1s, em especial sobre o aumento dos combust\u00edveis no Estado, que vem sendo analisado de perto pelo \u00f3rg\u00e3o estadual de defesa do consumidor. Vale lembrar que a equipe de fiscaliza\u00e7\u00e3o do Procon Goi\u00e1s cumpre diariamente um cronograma de visitas a postos da capital e do interior.<\/p>\n<p style=\"text-align: justify;\">Al\u00e9m disso, o \u00f3rg\u00e3o fiscaliza periodicamente, com o intuito de fazer cumprir o que prev\u00ea o C\u00f3digo de Defesa do Consumidor (CDC), estabelecimentos diversos como supermercados, ag\u00eancias banc\u00e1rias, lojas comerciais e estabelecimentos aliment\u00edcios. Os consumidores podem solicitar a visita dos fiscais por meio do Disque Den\u00fancia, no telefone <strong>151<\/strong>.<\/p>\n<p>Mais informa\u00e7\u00f5es:<br \/>\nAssessoria de Imprensa \u2013 Procon Goi\u00e1s<br \/>\n(62)<strong> 3201-7134<\/strong><br \/>\nimprensa@procon.go.gov.br<br \/>\nMichelle Rabelo: 9926-2522<br \/>\nEurico Rocha: 8529-1065 \/\/\/ 8447-1881<\/p>\n","protected":false},"excerpt":{"rendered":"<p>Representando o Procon Goi\u00e1s, a superintendente Darlene Ara\u00fajo, participou, nesta ter\u00e7a-feira (3\/12), de um caf\u00e9 da manh\u00e3 promovido pela Secret\u00e1ria da Administra\u00e7\u00e3o Penitenci\u00e1ria e Justi\u00e7a (SAPEJUS), pasta da qual o \u00f3rg\u00e3o estadual de defesa do consumidor faz parte. Na ocasi\u00e3o, o secret\u00e1rio, Edemundo Dias de Oliveira Filho, apresentou um relat\u00f3rio com o balan\u00e7o das realiza\u00e7\u00f5es [&hellip;]<\/p>\n","protected":false},"author":2,"featured_media":11410,"comment_status":"open","ping_status":"closed","sticky":false,"template":"","format":"standard","meta":{"footnotes":""},"categories":[10],"tags":[2011],"class_list":["post-11409","post","type-post","status-publish","format-standard","has-post-thumbnail","hentry","category-noticias","tag-procon-goias-participacao-cafe-da-manha-sapejus"],"rttpg_featured_image_url":{"full":["https:\/\/goias.gov.br\/procon\/wp-content\/uploads\/sites\/19\/2013\/12\/visita-sapejus.jpg",700,475,false],"landscape":["https:\/\/goias.gov.br\/procon\/wp-content\/uploads\/sites\/19\/2013\/12\/visita-sapejus.jpg",700,475,false],"portraits":["https:\/\/goias.gov.br\/procon\/wp-content\/uploads\/sites\/19\/2013\/12\/visita-sapejus.jpg",700,475,false],"thumbnail":["https:\/\/goias.gov.br\/procon\/wp-content\/uploads\/sites\/19\/2013\/12\/visita-sapejus-140x120.jpg",140,120,true],"medium":["https:\/\/goias.gov.br\/procon\/wp-content\/uploads\/sites\/19\/2013\/12\/visita-sapejus-220x149.jpg",220,149,true],"large":["https:\/\/goias.gov.br\/procon\/wp-content\/uploads\/sites\/19\/2013\/12\/visita-sapejus-450x305.jpg",450,305,true],"1536x1536":["https:\/\/goias.gov.br\/procon\/wp-content\/uploads\/sites\/19\/2013\/12\/visita-sapejus.jpg",700,475,false],"2048x2048":["https:\/\/goias.gov.br\/procon\/wp-content\/uploads\/sites\/19\/2013\/12\/visita-sapejus.jpg",700,475,false]},"rttpg_author":{"display_name":"rogerioduarte","author_link":"https:\/\/goias.gov.br\/procon\/author\/rogerioduarte\/"},"rttpg_comment":0,"rttpg_category":"<a href=\"https:\/\/goias.gov.br\/procon\/categoria\/noticias\/\" rel=\"category tag\">Not\u00edcias<\/a>","rttpg_excerpt":"Representando o Procon Goi\u00e1s, a superintendente Darlene Ara\u00fajo, participou, nesta ter\u00e7a-feira (3\/12), de um caf\u00e9 da manh\u00e3 promovido pela Secret\u00e1ria da Administra\u00e7\u00e3o Penitenci\u00e1ria e Justi\u00e7a (SAPEJUS), pasta da qual o \u00f3rg\u00e3o estadual de defesa do consumidor faz parte. Na ocasi\u00e3o, o secret\u00e1rio, Edemundo Dias de Oliveira Filho, apresentou um relat\u00f3rio com o balan\u00e7o das realiza\u00e7\u00f5es&hellip;","_links":{"self":[{"href":"https:\/\/goias.gov.br\/procon\/wp-json\/wp\/v2\/posts\/11409","targetHints":{"allow":["GET"]}}],"collection":[{"href":"https:\/\/goias.gov.br\/procon\/wp-json\/wp\/v2\/posts"}],"about":[{"href":"https:\/\/goias.gov.br\/procon\/wp-json\/wp\/v2\/types\/post"}],"author":[{"embeddable":true,"href":"https:\/\/goias.gov.br\/procon\/wp-json\/wp\/v2\/users\/2"}],"replies":[{"embeddable":true,"href":"https:\/\/goias.gov.br\/procon\/wp-json\/wp\/v2\/comments?post=11409"}],"version-history":[{"count":0,"href":"https:\/\/goias.gov.br\/procon\/wp-json\/wp\/v2\/posts\/11409\/revisions"}],"wp:featuredmedia":[{"embeddable":true,"href":"https:\/\/goias.gov.br\/procon\/wp-json\/wp\/v2\/media\/11410"}],"wp:attachment":[{"href":"https:\/\/goias.gov.br\/procon\/wp-json\/wp\/v2\/media?parent=11409"}],"wp:term":[{"taxonomy":"category","embeddable":true,"href":"https:\/\/goias.gov.br\/procon\/wp-json\/wp\/v2\/categories?post=11409"},{"taxonomy":"post_tag","embeddable":true,"href":"https:\/\/goias.gov.br\/procon\/wp-json\/wp\/v2\/tags?post=11409"}],"curies":[{"name":"wp","href":"https:\/\/api.w.org\/{rel}","templated":true}]}}