
{"id":11073,"date":"2013-11-06T15:30:30","date_gmt":"2013-11-06T17:30:30","guid":{"rendered":"http:\/\/www.procon.go.gov.br\/?p=11073"},"modified":"2013-11-07T10:06:58","modified_gmt":"2013-11-07T12:06:58","slug":"procon-goias-orienta-consumidor-que-pretende-usar-o-13o-salario-para-quitar-dividas","status":"publish","type":"post","link":"https:\/\/goias.gov.br\/procon\/procon-goias-orienta-consumidor-que-pretende-usar-o-13o-salario-para-quitar-dividas\/","title":{"rendered":"Procon Goi\u00e1s orienta consumidor que pretende usar o 13\u00ba sal\u00e1rio para quitar d\u00edvidas"},"content":{"rendered":"<p style=\"text-align: justify;\"><img decoding=\"async\" class=\"alignleft size-medium wp-image-11074\" title=\"NOT-natal-empresas-sao-obrigadas-a-pagar-o-13-salario-nessa-quarta1322656802\" src=\"\/procon\/wp-content\/uploads\/sites\/19\/2013\/11\/NOT-natal-empresas-sao-obrigadas-a-pagar-o-13-salario-nessa-quarta1322656802-220x148.jpg\" alt=\"\" width=\"220\" height=\"148\" \/>Com a proximidade do pagamento do 13\u00ba sal\u00e1rio e, de acordo com estat\u00edsticas do Procon Goi\u00e1s, que mostram que muitos consumidores pretendem utilizar o dinheiro extra para ficar livre de empr\u00e9stimos ou financiamentos, o \u00f3rg\u00e3o estadual de defesa do consumidor orienta sobre a maneira correta de quitar os d\u00e9bitos. A inten\u00e7\u00e3o tamb\u00e9m \u00e9 conscientizar o consumidor sobre a import\u00e2ncia de quitar suas d\u00edvidas em dia.<\/p>\n<p style=\"text-align: justify;\">Para isso, o Procon Goi\u00e1s tem um departamento exclusivo de Renegocia\u00e7\u00e3o de D\u00edvidas, que fica na sede do \u00f3rg\u00e3o na Rua 8, n\u00ba 242, Edif\u00edcio Torres, no centro de Goi\u00e2nia.<\/p>\n<p style=\"text-align: justify;\">Sobre a renegocia\u00e7\u00e3o, o Procon Goi\u00e1s alerta: com intuito de limpar o nome, muitas vezes, apenas a primeira parcela \u00e9 paga, n\u00e3o se preocupando com as parcelas futuras. A popula\u00e7\u00e3o em geral j\u00e1 conhece alguns dos seus direitos e tem o conhecimento que em caso de parcelamento da d\u00edvida, a partir do pagamento da primeira parcela, o nome do consumidor j\u00e1 deve ser exclu\u00eddo dos \u00f3rg\u00e3os de prote\u00e7\u00e3o ao cr\u00e9dito, como SPC e Serasa.<\/p>\n<p style=\"text-align: justify;\"><strong>Antecipa\u00e7\u00e3o<\/strong><\/p>\n<p style=\"text-align: justify;\">Dados analisados pelo Procon Goi\u00e1s mostram tamb\u00e9m que cresceu o n\u00famero de consumidores que pretendem quitar antecipadamente as d\u00edvidas, com o 13\u00ba sal\u00e1rio.<\/p>\n<p style=\"text-align: justify;\">Essa conclus\u00e3o se deve ao fato do n\u00famero de c\u00e1lculos realizados para consumidores interessados em saber o saldo devedor de um empr\u00e9stimo ou financiamento, ter sofrido um acr\u00e9scimo de 55,75%, somente no m\u00eas de outubro, se comparado com os dados do m\u00eas de setembro de 2013.<\/p>\n<p style=\"text-align: justify;\">Para quem possui d\u00edvidas, o dinheiro extra \u00e9 uma boa alternativa para ser utilizado no pagamento e, ainda, conseguir o desconto previsto em Lei para pagamento antecipado da d\u00edvida. A quantidade de c\u00e1lculos realizados pelo \u00f3rg\u00e3o para consumidores interessados em saber o saldo devedor da d\u00edvida, ou at\u00e9 mesmo para comparar com o saldo apresentado pelo banco ou financeira, passou de 852 para 1.327.<\/p>\n<p style=\"text-align: justify;\"><strong>Senacon<\/strong><\/p>\n<p style=\"text-align: justify;\">Tamb\u00e9m com o objetivo de conscientizar as pessoas sobre os direitos e deveres de cada um na hora de adquirir produtos e servi\u00e7os, a Secretaria Nacional do Consumidor, do Minist\u00e9rio da Justi\u00e7a, lan\u00e7ou nesta ter\u00e7a-feira (5\/11) uma campanha voltada prioritariamente para a chamada nova classe m\u00e9dia, segmento que atualmente corresponde a mais de 50% da popula\u00e7\u00e3o brasileira.<\/p>\n<p><img fetchpriority=\"high\" decoding=\"async\" class=\"aligncenter size-large wp-image-11080\" title=\"campanha MJ\" src=\"\/procon\/wp-content\/uploads\/sites\/19\/2013\/11\/campanha-MJ-450x145.jpg\" alt=\"\" width=\"450\" height=\"145\" srcset=\"https:\/\/goias.gov.br\/procon\/wp-content\/uploads\/sites\/19\/2013\/11\/campanha-MJ-450x145.jpg 450w, https:\/\/goias.gov.br\/procon\/wp-content\/uploads\/sites\/19\/2013\/11\/campanha-MJ-220x71.jpg 220w, https:\/\/goias.gov.br\/procon\/wp-content\/uploads\/sites\/19\/2013\/11\/campanha-MJ-60x19.jpg 60w, https:\/\/goias.gov.br\/procon\/wp-content\/uploads\/sites\/19\/2013\/11\/campanha-MJ.jpg 700w\" sizes=\"(max-width: 450px) 100vw, 450px\" \/><\/p>\n<p>Com o lema &#8220;Voc\u00ea sabe o valor do seu dinheiro&#8221;, a campanha \u00e9 a primeira iniciativa nacional de conscientiza\u00e7\u00e3o sobre o tema.<\/p>\n<p>Mais informa\u00e7\u00f5es:<br \/>\nAssessoria de Imprensa \u2013 Procon Goi\u00e1s<br \/>\n<strong>imprensa@procon.go.gov.br<\/strong><br \/>\n(62) <strong>3201-7134<\/strong><br \/>\nMichelle Rabelo: 9926-2522<br \/>\nEurico Rocha: 8529-1065 \/\/\/ 8447-1881<\/p>\n","protected":false},"excerpt":{"rendered":"<p>Com a proximidade do pagamento do 13\u00ba sal\u00e1rio e, de acordo com estat\u00edsticas do Procon Goi\u00e1s, que mostram que muitos consumidores pretendem utilizar o dinheiro extra para ficar livre de empr\u00e9stimos ou financiamentos, o \u00f3rg\u00e3o estadual de defesa do consumidor orienta sobre a maneira correta de quitar os d\u00e9bitos. A inten\u00e7\u00e3o tamb\u00e9m \u00e9 conscientizar o [&hellip;]<\/p>\n","protected":false},"author":2,"featured_media":11074,"comment_status":"open","ping_status":"closed","sticky":false,"template":"","format":"standard","meta":{"footnotes":""},"categories":[10],"tags":[1958],"class_list":["post-11073","post","type-post","status-publish","format-standard","has-post-thumbnail","hentry","category-noticias","tag-procon-goias-orientacao-consumidor-13o-salario-quitacao-dividas"],"rttpg_featured_image_url":{"full":["https:\/\/goias.gov.br\/procon\/wp-content\/uploads\/sites\/19\/2013\/11\/NOT-natal-empresas-sao-obrigadas-a-pagar-o-13-salario-nessa-quarta1322656802.jpg",400,270,false],"landscape":["https:\/\/goias.gov.br\/procon\/wp-content\/uploads\/sites\/19\/2013\/11\/NOT-natal-empresas-sao-obrigadas-a-pagar-o-13-salario-nessa-quarta1322656802.jpg",400,270,false],"portraits":["https:\/\/goias.gov.br\/procon\/wp-content\/uploads\/sites\/19\/2013\/11\/NOT-natal-empresas-sao-obrigadas-a-pagar-o-13-salario-nessa-quarta1322656802.jpg",400,270,false],"thumbnail":["https:\/\/goias.gov.br\/procon\/wp-content\/uploads\/sites\/19\/2013\/11\/NOT-natal-empresas-sao-obrigadas-a-pagar-o-13-salario-nessa-quarta1322656802-140x120.jpg",140,120,true],"medium":["https:\/\/goias.gov.br\/procon\/wp-content\/uploads\/sites\/19\/2013\/11\/NOT-natal-empresas-sao-obrigadas-a-pagar-o-13-salario-nessa-quarta1322656802-220x149.jpg",220,149,true],"large":["https:\/\/goias.gov.br\/procon\/wp-content\/uploads\/sites\/19\/2013\/11\/NOT-natal-empresas-sao-obrigadas-a-pagar-o-13-salario-nessa-quarta1322656802.jpg",400,270,false],"1536x1536":["https:\/\/goias.gov.br\/procon\/wp-content\/uploads\/sites\/19\/2013\/11\/NOT-natal-empresas-sao-obrigadas-a-pagar-o-13-salario-nessa-quarta1322656802.jpg",400,270,false],"2048x2048":["https:\/\/goias.gov.br\/procon\/wp-content\/uploads\/sites\/19\/2013\/11\/NOT-natal-empresas-sao-obrigadas-a-pagar-o-13-salario-nessa-quarta1322656802.jpg",400,270,false]},"rttpg_author":{"display_name":"rogerioduarte","author_link":"https:\/\/goias.gov.br\/procon\/author\/rogerioduarte\/"},"rttpg_comment":0,"rttpg_category":"<a href=\"https:\/\/goias.gov.br\/procon\/categoria\/noticias\/\" rel=\"category tag\">Not\u00edcias<\/a>","rttpg_excerpt":"Com a proximidade do pagamento do 13\u00ba sal\u00e1rio e, de acordo com estat\u00edsticas do Procon Goi\u00e1s, que mostram que muitos consumidores pretendem utilizar o dinheiro extra para ficar livre de empr\u00e9stimos ou financiamentos, o \u00f3rg\u00e3o estadual de defesa do consumidor orienta sobre a maneira correta de quitar os d\u00e9bitos. A inten\u00e7\u00e3o tamb\u00e9m \u00e9 conscientizar o&hellip;","_links":{"self":[{"href":"https:\/\/goias.gov.br\/procon\/wp-json\/wp\/v2\/posts\/11073","targetHints":{"allow":["GET"]}}],"collection":[{"href":"https:\/\/goias.gov.br\/procon\/wp-json\/wp\/v2\/posts"}],"about":[{"href":"https:\/\/goias.gov.br\/procon\/wp-json\/wp\/v2\/types\/post"}],"author":[{"embeddable":true,"href":"https:\/\/goias.gov.br\/procon\/wp-json\/wp\/v2\/users\/2"}],"replies":[{"embeddable":true,"href":"https:\/\/goias.gov.br\/procon\/wp-json\/wp\/v2\/comments?post=11073"}],"version-history":[{"count":0,"href":"https:\/\/goias.gov.br\/procon\/wp-json\/wp\/v2\/posts\/11073\/revisions"}],"wp:featuredmedia":[{"embeddable":true,"href":"https:\/\/goias.gov.br\/procon\/wp-json\/wp\/v2\/media\/11074"}],"wp:attachment":[{"href":"https:\/\/goias.gov.br\/procon\/wp-json\/wp\/v2\/media?parent=11073"}],"wp:term":[{"taxonomy":"category","embeddable":true,"href":"https:\/\/goias.gov.br\/procon\/wp-json\/wp\/v2\/categories?post=11073"},{"taxonomy":"post_tag","embeddable":true,"href":"https:\/\/goias.gov.br\/procon\/wp-json\/wp\/v2\/tags?post=11073"}],"curies":[{"name":"wp","href":"https:\/\/api.w.org\/{rel}","templated":true}]}}