
{"id":10296,"date":"2013-08-22T08:45:28","date_gmt":"2013-08-22T11:45:28","guid":{"rendered":"http:\/\/www.procon.go.gov.br\/?p=10296"},"modified":"2013-10-30T10:59:56","modified_gmt":"2013-10-30T12:59:56","slug":"procon-goias-divulga-pesquisa-de-precos-de-pao-e-leite-3","status":"publish","type":"post","link":"https:\/\/goias.gov.br\/procon\/procon-goias-divulga-pesquisa-de-precos-de-pao-e-leite-3\/","title":{"rendered":"Procon Goi\u00e1s divulga pesquisa de pre\u00e7os de p\u00e3o e leite"},"content":{"rendered":"<p style=\"text-align: justify;\" align=\"center\"><strong><img decoding=\"async\" class=\"alignleft size-medium wp-image-10299\" title=\"p\u00e3o\" src=\"\/procon\/wp-content\/uploads\/sites\/19\/2013\/08\/p\u00e3o1-220x147.jpg\" alt=\"\" width=\"220\" height=\"147\" srcset=\"https:\/\/goias.gov.br\/procon\/wp-content\/uploads\/sites\/19\/2013\/08\/p\u00e3o1-220x147.jpg 220w, https:\/\/goias.gov.br\/procon\/wp-content\/uploads\/sites\/19\/2013\/08\/p\u00e3o1-450x302.jpg 450w, https:\/\/goias.gov.br\/procon\/wp-content\/uploads\/sites\/19\/2013\/08\/p\u00e3o1-150x100.jpg 150w, https:\/\/goias.gov.br\/procon\/wp-content\/uploads\/sites\/19\/2013\/08\/p\u00e3o1-400x268.jpg 400w, https:\/\/goias.gov.br\/procon\/wp-content\/uploads\/sites\/19\/2013\/08\/p\u00e3o1.jpg 555w\" sizes=\"(max-width: 220px) 100vw, 220px\" \/>Procon Goi\u00e1s divulga pesquisa de pre\u00e7os de p\u00e3o e leite<\/strong><\/p>\n<p style=\"text-align: justify;\"><strong><em>Em apenas quatro meses, litro do leite teve aumento de quase 25,00%<\/em><\/strong><\/p>\n<p style=\"text-align: justify;\"><strong><em>Peso do caf\u00e9 da manh\u00e3 para o trabalhador assalariado passou de 15,54% para 19,05%, sem nenhuma altera\u00e7\u00e3o de sal\u00e1rio no per\u00edodo (4 meses)<\/em><\/strong><\/p>\n<p style=\"text-align: justify;\"><strong><em>P\u00e3o franc\u00eas pode variar at\u00e9 81,97% entre menor e maior pre\u00e7o<\/em><\/strong><\/p>\n<p style=\"text-align: justify;\">Com os sucessivos aumentos registrados nos \u00faltimos meses, em dois dos principais itens do caf\u00e9 da manh\u00e3 (p\u00e3o e leite), o Procon Goi\u00e1s realizou uma pesquisa de pre\u00e7os com 11 (onze) itens como p\u00e3es (franc\u00eas, mandi, milho, queijo) e leites longa vida integral e tipo C, de diferentes marcas, com intuito de apurar os percentuais de reajustes nesses produtos, bem como, orientar e alertar os consumidores goianos, sobre a import\u00e2ncia de pesquisar e procurar promo\u00e7\u00f5es, para reduzir o impacto do custo destes produtos no bolso do consumidor.<\/p>\n<p style=\"text-align: justify;\">A coleta de pre\u00e7os foi realizada em 23 estabelecimentos da capital, divididos por segmentos, sendo 10 supermercados e 13 panificadoras, facilitando, desta forma, a pesquisa de pre\u00e7os pelo consumidor, de acordo com a prefer\u00eancia na hora de adquirir estes produtos.<\/p>\n<p style=\"text-align: justify;\"><strong>Em apenas quatro meses p\u00e3o e leite registraram aumento m\u00e9dio de 18,56% e 24,88%, respectivamente<\/strong><\/p>\n<p style=\"text-align: justify;\">N\u00e3o \u00e9 nenhuma novidade para as donas de casa e consumidores em geral. Os dois itens essenciais no caf\u00e9 da manh\u00e3 do brasileiro est\u00e3o pesando mais no bolso do trabalhador. Vale ressaltar, que n\u00e3o se trata de aumento m\u00e9dio <strong><em>anual<\/em><\/strong><em>, <\/em>mas sim de aumento m\u00e9dio, considerando apenas os quatro \u00faltimos meses.<\/p>\n<p style=\"text-align: justify;\">Nas panificadoras, o aumento m\u00e9dio no pre\u00e7o do quilo do p\u00e3ozinho franc\u00eas, foi de <strong>18,56%<\/strong>, passando de R$ 8,57 em abril\/13, para R$ 10,16 neste m\u00eas de agosto.<\/p>\n<p style=\"text-align: justify;\">Outro item com aumento consider\u00e1vel, praticado nas panificadoras, foi do leite longa vida integral da marca Piracanjuba. Neste item, o aumento chegou a <strong>24,88%<\/strong>, passando do pre\u00e7o m\u00e9dio de R$ 2,97, praticado em 04\/13, para R$ 3,71 neste m\u00eas. Vale ressaltar que se trata de pre\u00e7o m\u00e9dio, pois considerando os pre\u00e7os individuais, foi encontrado estabelecimento praticando o pre\u00e7o deste item a R$ 4,20 nas panificadoras.<\/p>\n<p style=\"text-align: justify;\">Vale destacar, tamb\u00e9m, o aumento m\u00e9dio registrado no quilo do biscoito de queijo assado, que chegou a <strong>11,66%<\/strong>.<\/p>\n<p style=\"text-align: justify;\"><strong>Mesmo sem altera\u00e7\u00e3o, peso do caf\u00e9 da manh\u00e3, nos \u00faltimos quatro meses, passou de 15,54%, para 19,05% no sal\u00e1rio m\u00ednimo<\/strong><\/p>\n<p style=\"text-align: justify;\">Considerando uma fam\u00edlia com apenas tr\u00eas indiv\u00edduos adultos, consumindo apenas a quantidade de leite previsto pelo DIEESE na cesta b\u00e1sica nacional, 22,5 litros\/m\u00eas, e apenas um p\u00e3ozinho franc\u00eas por indiv\u00edduo, 4,5 kg\/m\u00eas, levando em conta o pre\u00e7o m\u00e9dio de cada item, ter\u00e1 no final do m\u00eas um custo de <strong>R$ 129,19<\/strong>, o que representa um peso de <strong>19,05%<\/strong> no valor do sal\u00e1rio m\u00ednimo. Em abril de 2013, esse peso era de <strong>15,54%<\/strong>.<\/p>\n<p style=\"text-align: justify;\"><strong>Em tempos de infla\u00e7\u00e3o, ficar de olho nas promo\u00e7\u00f5es e ter como h\u00e1bito a pesquisa de pre\u00e7os pode fazer muita diferen\u00e7a no bolso do consumidor<\/strong><\/p>\n<p style=\"text-align: justify;\">Com intuito de facilitar a pesquisa de pre\u00e7os, de acordo com a prefer\u00eancia do consumidor, o Procon Goi\u00e1s dividiu os pre\u00e7os por segmentos, panificadoras e supermercados.<\/p>\n<p style=\"text-align: justify;\">Sem desconsiderar a qualidade do produto, que deve ser um fator primordial, o consumidor dever\u00e1 procurar aliar essa qualidade ao pre\u00e7o. Contudo, algumas considera\u00e7\u00f5es, verificadas na pesquisa, devem ser repassadas ao consumidor.<\/p>\n<p style=\"text-align: justify;\">Todos os itens pesquisados, os pre\u00e7os mais atrativos foram verificados nos supermercados, tanto relacionado ao p\u00e3o franc\u00eas quanto ao leite. \u00c9 sabido que pelo fato destes dois itens n\u00e3o ser o carro chefe, estes segmentos podem vender esses produtos com pre\u00e7os mais atrativos como forma de atrair os consumidores at\u00e9 o estabelecimento. Vale ressaltar, tamb\u00e9m, que uma das formas de economizar, \u00e9 ficar atento \u00e0s promo\u00e7\u00f5es, frequentes, principalmente relacionado ao leite, neste tipo de segmento.<\/p>\n<p style=\"text-align: justify;\">As varia\u00e7\u00f5es entre menor e maior pre\u00e7o, abaixo citadas, se referem aos pre\u00e7os praticados em ambos segmentos, panificadoras e supermercados.<\/p>\n<p style=\"text-align: justify;\"><strong>81,97%<\/strong> foi a varia\u00e7\u00e3o apurada no quilo do tradicional p\u00e3o franc\u00eas, onde os pre\u00e7os variaram entre R$ 5,99 (supermercados) e R$ 10,90 (panificadoras).<\/p>\n<p style=\"text-align: justify;\">No caso do quilo do mini p\u00e3o franc\u00eas, os pre\u00e7os oscilaram entre R$ 6,28 (supermercados) e R$ 14,80 (panificadoras), varia\u00e7\u00e3o de <strong>135,66%<\/strong>.<\/p>\n<p style=\"text-align: justify;\">Com <strong>93,05%<\/strong> de varia\u00e7\u00e3o, o quilo do p\u00e3o mandi foi encontrado ao menor pre\u00e7o de R$ 9,79 (supermercados) at\u00e9 R$ 18,90 (panificadoras).<\/p>\n<p style=\"text-align: justify;\">O destaque, por\u00e9m, ficou com o biscoito de queijo assado (quilo), com <strong>187,77%<\/strong> de varia\u00e7\u00e3o. Neste item, os pre\u00e7os oscilaram entre R$ 13,90 nos supermercados e de at\u00e9 R$ 40,00 nas panificadoras.<\/p>\n<p style=\"text-align: justify;\"><strong>50,53%<\/strong> foi a varia\u00e7\u00e3o no litro do leite longa vida integral da marca Piracanjuba. Os pre\u00e7os variaram entre R$ 2,79 (supermercados) e de at\u00e9 R$ 4,20 (panificadoras).<\/p>\n<p style=\"text-align: justify;\">O leite longa vida integral \u2013 Compleite \u2013 (litro), foi encontrado ao menor pre\u00e7o de R$ 2,38 (supermercados) chegando a atingir o pre\u00e7o de R$ 3,50 nas panificadoras. Varia\u00e7\u00e3o de <strong>47,06%<\/strong>.<\/p>\n<p style=\"text-align: justify;\"><strong>Aten\u00e7\u00e3o \u00e0s promo\u00e7\u00f5es <\/strong><\/p>\n<p style=\"text-align: justify;\">Ficar atento \u00e0s promo\u00e7\u00f5es realizadas pelos estabelecimentos comerciais \u00e9 uma boa dica de economia. No entanto, \u00e9 interessante adquirir somente o produto com pre\u00e7o promocional, pois \u00e9 uma t\u00e1tica do estabelecimento para atrair o consumidor, que se n\u00e3o ficar atento ao adquirir outros produtos, poder\u00e1 deixar a economia no pr\u00f3prio estabelecimento.<\/p>\n<p style=\"text-align: justify;\">Muitos estabelecimentos cobrem a oferta anunciado, portanto, dependendo do estabelecimento, essa oferta pode ser adquirida em estabelecimento pr\u00f3ximo da resid\u00eancia do consumidor, evitando, inclusive, custos com transporte. Tenha o h\u00e1bito de denunciar no dique den\u00fancia, 151, em caso de descumprimento da oferta.<\/p>\n<p style=\"text-align: justify;\"><strong>Orienta\u00e7\u00f5es gerais<\/strong><\/p>\n<p style=\"text-align: justify;\">Qualidade, higiene e pre\u00e7o, devem andar juntos, principalmente quando se tratar de produtos de alimenta\u00e7\u00e3o.<\/p>\n<p style=\"text-align: justify;\">Aten\u00e7\u00e3o especial tamb\u00e9m \u00e0 higiene tanto do local, quanto dos funcion\u00e1rios que v\u00e3o manusear os produtos, e, ainda, exigir que a pesagem do p\u00e3o seja feita \u00e0 vista do cliente.<\/p>\n<p style=\"text-align: justify;\">O consumidor deve ter bastante aten\u00e7\u00e3o \u00e0 data de vencimento desses produtos, atentando ainda para a apar\u00eancia do produto, pois muitas vezes, devido \u00e0 m\u00e1 conserva\u00e7\u00e3o, mesmo estando dentro do prazo de validade, a qualidade pode estar comprometida.<\/p>\n<p style=\"text-align: justify;\">Acesse aqui o\u00a0<a href=\"\/procon\/wp-content\/uploads\/sites\/19\/2013\/08\/RELAT\u00d3RIO1.pdf\">RELAT\u00d3RIO<\/a> completo da pesquisa.<\/p>\n<p style=\"text-align: justify;\">Acesse aqui a\u00a0<a href=\"\/procon\/wp-content\/uploads\/sites\/19\/2013\/08\/PLANILHA.pdf\">PLANILHA<\/a> completa da pesquisa.<\/p>\n<p><strong>Mais Informa\u00e7\u00f5es:<\/strong><br \/>\nAssessoria de Imprensa \u2013 Procon Goi\u00e1s<br \/>\n<strong>3201-7134<\/strong><br \/>\nimprensa@procon.go.gov.br<br \/>\nMichelle Rabelo: 9926-2522<br \/>\nLucas Santos: 8210-2973 \/\/\/ 8116-6192<br \/>\nEurico Rocha: 8529-1065 \/\/\/ 8447-1881<\/p>\n","protected":false},"excerpt":{"rendered":"<p>Procon Goi\u00e1s divulga pesquisa de pre\u00e7os de p\u00e3o e leite Em apenas quatro meses, litro do leite teve aumento de quase 25,00% Peso do caf\u00e9 da manh\u00e3 para o trabalhador assalariado passou de 15,54% para 19,05%, sem nenhuma altera\u00e7\u00e3o de sal\u00e1rio no per\u00edodo (4 meses) P\u00e3o franc\u00eas pode variar at\u00e9 81,97% entre menor e maior [&hellip;]<\/p>\n","protected":false},"author":2,"featured_media":10299,"comment_status":"open","ping_status":"closed","sticky":false,"template":"","format":"standard","meta":{"footnotes":""},"categories":[10,1186],"tags":[1094,741,740,1093,1850,341],"class_list":["post-10296","post","type-post","status-publish","format-standard","has-post-thumbnail","hentry","category-noticias","category-pesquisas","tag-leite","tag-maior-preco","tag-menor-preco","tag-pao","tag-pequisa-de-precos","tag-procon-goias"],"rttpg_featured_image_url":{"full":["https:\/\/goias.gov.br\/procon\/wp-content\/uploads\/sites\/19\/2013\/08\/p\u00e3o1.jpg",555,372,false],"landscape":["https:\/\/goias.gov.br\/procon\/wp-content\/uploads\/sites\/19\/2013\/08\/p\u00e3o1.jpg",555,372,false],"portraits":["https:\/\/goias.gov.br\/procon\/wp-content\/uploads\/sites\/19\/2013\/08\/p\u00e3o1.jpg",555,372,false],"thumbnail":["https:\/\/goias.gov.br\/procon\/wp-content\/uploads\/sites\/19\/2013\/08\/p\u00e3o1-140x120.jpg",140,120,true],"medium":["https:\/\/goias.gov.br\/procon\/wp-content\/uploads\/sites\/19\/2013\/08\/p\u00e3o1-220x147.jpg",220,147,true],"large":["https:\/\/goias.gov.br\/procon\/wp-content\/uploads\/sites\/19\/2013\/08\/p\u00e3o1-450x302.jpg",450,302,true],"1536x1536":["https:\/\/goias.gov.br\/procon\/wp-content\/uploads\/sites\/19\/2013\/08\/p\u00e3o1.jpg",555,372,false],"2048x2048":["https:\/\/goias.gov.br\/procon\/wp-content\/uploads\/sites\/19\/2013\/08\/p\u00e3o1.jpg",555,372,false]},"rttpg_author":{"display_name":"rogerioduarte","author_link":"https:\/\/goias.gov.br\/procon\/author\/rogerioduarte\/"},"rttpg_comment":0,"rttpg_category":"<a href=\"https:\/\/goias.gov.br\/procon\/categoria\/noticias\/\" rel=\"category tag\">Not\u00edcias<\/a> <a href=\"https:\/\/goias.gov.br\/procon\/categoria\/pesquisas\/\" rel=\"category tag\">Pesquisas<\/a>","rttpg_excerpt":"Procon Goi\u00e1s divulga pesquisa de pre\u00e7os de p\u00e3o e leite Em apenas quatro meses, litro do leite teve aumento de quase 25,00% Peso do caf\u00e9 da manh\u00e3 para o trabalhador assalariado passou de 15,54% para 19,05%, sem nenhuma altera\u00e7\u00e3o de sal\u00e1rio no per\u00edodo (4 meses) P\u00e3o franc\u00eas pode variar at\u00e9 81,97% entre menor e maior&hellip;","_links":{"self":[{"href":"https:\/\/goias.gov.br\/procon\/wp-json\/wp\/v2\/posts\/10296","targetHints":{"allow":["GET"]}}],"collection":[{"href":"https:\/\/goias.gov.br\/procon\/wp-json\/wp\/v2\/posts"}],"about":[{"href":"https:\/\/goias.gov.br\/procon\/wp-json\/wp\/v2\/types\/post"}],"author":[{"embeddable":true,"href":"https:\/\/goias.gov.br\/procon\/wp-json\/wp\/v2\/users\/2"}],"replies":[{"embeddable":true,"href":"https:\/\/goias.gov.br\/procon\/wp-json\/wp\/v2\/comments?post=10296"}],"version-history":[{"count":0,"href":"https:\/\/goias.gov.br\/procon\/wp-json\/wp\/v2\/posts\/10296\/revisions"}],"wp:featuredmedia":[{"embeddable":true,"href":"https:\/\/goias.gov.br\/procon\/wp-json\/wp\/v2\/media\/10299"}],"wp:attachment":[{"href":"https:\/\/goias.gov.br\/procon\/wp-json\/wp\/v2\/media?parent=10296"}],"wp:term":[{"taxonomy":"category","embeddable":true,"href":"https:\/\/goias.gov.br\/procon\/wp-json\/wp\/v2\/categories?post=10296"},{"taxonomy":"post_tag","embeddable":true,"href":"https:\/\/goias.gov.br\/procon\/wp-json\/wp\/v2\/tags?post=10296"}],"curies":[{"name":"wp","href":"https:\/\/api.w.org\/{rel}","templated":true}]}}