

{"id":92753,"date":"2025-07-01T09:57:16","date_gmt":"2025-07-01T12:57:16","guid":{"rendered":"https:\/\/www.pm.go.gov.br\/?p=92753"},"modified":"2025-07-01T09:57:16","modified_gmt":"2025-07-01T12:57:16","slug":"termo-de-adesao-a-ata-de-registro-de-precos-no-10-2024-ifes","status":"publish","type":"post","link":"https:\/\/goias.gov.br\/policiamilitar\/termo-de-adesao-a-ata-de-registro-de-precos-no-10-2024-ifes\/","title":{"rendered":"TERMO DE ADES\u00c3O \u00c0 ATA DE REGISTRO DE PRE\u00c7OS N\u00ba 10\/2024 &#8211; IFES"},"content":{"rendered":"<p class=\"Texto_Centralizado_Maiusculas\" style=\"text-align: center\" data-c=\"1\"><strong><u>TERMO DE ADES\u00c3O \u00c0 ATA DE REGISTRO DE PRE\u00c7OS N\u00ba 10\/2024 &#8211; IFES<\/u><\/strong><\/p>\n<p class=\"Texto_Centralizado_Maiusculas\" data-c=\"2\">\n<p class=\"Texto_Centralizado_Maiusculas\" style=\"text-align: center\" data-c=\"3\"><strong><u>\u00d3RG\u00c3O GERENCIADOR:\u00a0INSTITUTO FEDERAL DE EDUCA\u00c7\u00c3O, CI\u00caNCIA E TECNOLOGIA DO ESP\u00cdRITO SANTO &#8211; IFES<\/u><\/strong><\/p>\n<p data-c=\"4\">\n<p class=\"Texto_Justificado_Recuo_Primeira_Linha_Esp15\" style=\"text-align: justify\" data-c=\"5\"><strong>O Secret\u00e1rio de Estado da Seguran\u00e7a P\u00fablica de Goi\u00e1s<\/strong>, no exerc\u00edcio da compet\u00eancia conferida pelo Decreto Estadual n\u00ba 9.690 de 06 de julho de 2020 e o\u00a0<strong>Comandante-Geral da PMGO<\/strong>,<strong>\u00a0<\/strong>no exerc\u00edcio da compet\u00eancia conferida pela Lei Estadual n\u00ba 8.125 de 18 de junho de 1976, e ainda em conformidade com a Lei n\u00ba 14.133\/21 e Lei n\u00ba 17.928\/2012, bem como demais normas atinentes.<\/p>\n<p class=\"Texto_Justificado_Recuo_Primeira_Linha_Esp15\" data-c=\"6\">\n<p class=\"Texto_Justificado_Recuo_Primeira_Linha_Esp15\" style=\"text-align: justify\" data-c=\"7\"><strong>Considerando<\/strong>\u00a0o que consta no Processo Administrativo n\u00ba\u00a0<span><a id=\"lnkSei75881734\" class=\"ancora_sei\" href=\"https:\/\/sei.go.gov.br\/sei\/controlador.php?acao=protocolo_visualizar&amp;id_protocolo=75881734&amp;id_procedimento_atual=75881734&amp;infra_sistema=100000100&amp;infra_unidade_atual=18881&amp;infra_hash=578e0d800653d53f08d98d957008aa9db5de489627046a4e96bb20b9edb01c7ba37c7327d8442cd9970d56a4bb2937cff015458b8dcd0270956253c9c072d9d14519436c9fdcbfdd01ee416e0678e5b0f0f0aef1634f4c60b49af1b8069ea279\" target=\"_blank\" rel=\"noopener\">202500002045342<\/a><\/span>, especialmente no\u00a0Estudo T\u00e9cnico Preliminar (SEI &#8211;\u00a0<span><a id=\"lnkSei75886392\" class=\"ancora_sei\" href=\"https:\/\/sei.go.gov.br\/sei\/controlador.php?acao=protocolo_visualizar&amp;id_protocolo=75886392&amp;id_procedimento_atual=75881734&amp;infra_sistema=100000100&amp;infra_unidade_atual=18881&amp;infra_hash=977be8dc98ed6191eb0d9eaa82573b8c7192a55feb2499bbc741363ced231f29a37c7327d8442cd9970d56a4bb2937cff015458b8dcd0270956253c9c072d9d14519436c9fdcbfdd01ee416e0678e5b0f0f0aef1634f4c60b49af1b8069ea279\" target=\"_blank\" rel=\"noopener\">72873788<\/a><\/span>),\u00a0Or\u00e7amento Estimado (SEI &#8211;\u00a0<span><a id=\"lnkSei75885311\" class=\"ancora_sei\" href=\"https:\/\/sei.go.gov.br\/sei\/controlador.php?acao=protocolo_visualizar&amp;id_protocolo=75885311&amp;id_procedimento_atual=75881734&amp;infra_sistema=100000100&amp;infra_unidade_atual=18881&amp;infra_hash=59d06388a99b51f3d2df761518b3d9c28a8ad8b836c76822bb2bc2044f42d7a8a37c7327d8442cd9970d56a4bb2937cff015458b8dcd0270956253c9c072d9d14519436c9fdcbfdd01ee416e0678e5b0f0f0aef1634f4c60b49af1b8069ea279\" target=\"_blank\" rel=\"noopener\">72872809<\/a><\/span>) no Termo de Refer\u00eancia (SEI &#8211;\u00a0<span><a id=\"lnkSei75882279\" class=\"ancora_sei\" href=\"https:\/\/sei.go.gov.br\/sei\/controlador.php?acao=protocolo_visualizar&amp;id_protocolo=75882279&amp;id_procedimento_atual=75881734&amp;infra_sistema=100000100&amp;infra_unidade_atual=18881&amp;infra_hash=e09c8e37e6d63604549995b310aa92469af90ad82981bd41c44a5ae31afc7f67a37c7327d8442cd9970d56a4bb2937cff015458b8dcd0270956253c9c072d9d14519436c9fdcbfdd01ee416e0678e5b0f0f0aef1634f4c60b49af1b8069ea279\" target=\"_blank\" rel=\"noopener\">72870064<\/a><\/span>),\u00a0a autoriza\u00e7\u00e3o do senhor Secret\u00e1rio de Estado da Seguran\u00e7a P\u00fablica para a referida aquisi\u00e7\u00e3o (SEI &#8211;\u00a0<span><a id=\"lnkSei78887753\" class=\"ancora_sei\" href=\"https:\/\/sei.go.gov.br\/sei\/controlador.php?acao=protocolo_visualizar&amp;id_protocolo=78887753&amp;id_procedimento_atual=75881734&amp;infra_sistema=100000100&amp;infra_unidade_atual=18881&amp;infra_hash=672e9c6ac06f3b876195f93424e613a3f7c7b4655dddd04e4f6398a910e69de2a37c7327d8442cd9970d56a4bb2937cff015458b8dcd0270956253c9c072d9d14519436c9fdcbfdd01ee416e0678e5b0f0f0aef1634f4c60b49af1b8069ea279\" target=\"_blank\" rel=\"noopener\">75603089<\/a><\/span>), bem como, solicita\u00e7\u00e3o\u00a0de ades\u00e3o enviada ao \u00d3rg\u00e3o Gerenciador \u00a0e a resposta afirmativa por meio da Autoriza\u00e7\u00e3o de Ades\u00e3o (SEI &#8211;<span><a id=\"lnkSei77249411\" class=\"ancora_sei\" href=\"https:\/\/sei.go.gov.br\/sei\/controlador.php?acao=protocolo_visualizar&amp;id_protocolo=77249411&amp;id_procedimento_atual=75881734&amp;infra_sistema=100000100&amp;infra_unidade_atual=18881&amp;infra_hash=2c0a176807acab2d488b4b9c5002c1d9e7a965e7917688594b34eee76198d12da37c7327d8442cd9970d56a4bb2937cff015458b8dcd0270956253c9c072d9d14519436c9fdcbfdd01ee416e0678e5b0f0f0aef1634f4c60b49af1b8069ea279\" target=\"_blank\" rel=\"noopener\">74112831<\/a><\/span>) e autoriza\u00e7\u00e3o da empresa X-OFFICE SERVI LTDA \u2013 ME, CNPJ:\u00a015.362.598.0001-36, atrav\u00e9s da manifesta\u00e7\u00e3o positiva com a Autoriza\u00e7\u00e3o para Ades\u00e3o a Ata de Registro de Pre\u00e7os (SEI &#8211;\u00a0<span><a id=\"lnkSei75882925\" class=\"ancora_sei\" href=\"https:\/\/sei.go.gov.br\/sei\/controlador.php?acao=protocolo_visualizar&amp;id_protocolo=75882925&amp;id_procedimento_atual=75881734&amp;infra_sistema=100000100&amp;infra_unidade_atual=18881&amp;infra_hash=3d578d86f59e74046c62cb4f5ac5b6316deff0f671f8e0a000ba49e53101a77ea37c7327d8442cd9970d56a4bb2937cff015458b8dcd0270956253c9c072d9d14519436c9fdcbfdd01ee416e0678e5b0f0f0aef1634f4c60b49af1b8069ea279\" target=\"_blank\" rel=\"noopener\">72870659<\/a><\/span>),\u00a0<strong>Autoriza a Ades\u00e3o a Ata de Registro de Pre\u00e7os n.\u00ba 139\/2023 do Preg\u00e3o Eletr\u00f4nico n\u00ba 90011\/2024, UASG: 158151,\u00a0<\/strong>empreendida e gerenciada pelo\u00a0<strong>IFES (Instituto Federal de Educa\u00e7\u00e3o, Ci\u00eancia e Tecnologia do Esp\u00edrito Santo-Reitoria)<\/strong>, nos termos seguintes:<\/p>\n<p class=\"Texto_Justificado_Recuo_Primeira_Linha_Esp15\" data-c=\"8\"><strong>1 \u2013 N\u00famero da Ata de Registro de Pre\u00e7o:<\/strong>\u00a0Ata de Registro de Pre\u00e7os n\u00ba 139\/2023 do Preg\u00e3o Eletr\u00f4nico n\u00ba 90011\/2024, UASG: 158151;<\/p>\n<p class=\"Texto_Justificado_Recuo_Primeira_Linha_Esp15\" data-c=\"9\"><strong>2 \u2013 \u00d3rg\u00e3o gerenciador:<\/strong>\u00a0IFES (Instituto Federal de Educa\u00e7\u00e3o, Ci\u00eancia e Tecnologia do Esp\u00edrito Santo-Reitoria;<\/p>\n<p class=\"Texto_Justificado_Recuo_Primeira_Linha_Esp15\" data-c=\"10\"><strong>3 \u2013 Vig\u00eancia da Ata:<\/strong>\u00a028\/10\/2024 at\u00e9 28\/10\/2025\u00a0;<\/p>\n<p class=\"Texto_Justificado_Recuo_Primeira_Linha_Esp15\" data-c=\"11\"><strong>4 \u2013 \u00d3rg\u00e3o Aderente:<\/strong>\u00a0Pol\u00edcia Militar do Estado de Goi\u00e1s;<\/p>\n<p class=\"Texto_Justificado_Recuo_Primeira_Linha_Esp15\" data-c=\"12\"><strong>5 \u2013 Objeto:<\/strong>\u00a0Confec\u00e7\u00e3o de M\u00f3veis Sob Medida (Sem Vidro),\u00a0atrav\u00e9s de Ades\u00e3o \u00e0 Ata de Registro de Pre\u00e7o;<\/p>\n<table border=\"1\" cellspacing=\"1\" cellpadding=\"1\" data-c=\"14\">\n<tbody>\n<tr>\n<td colspan=\"7\" data-c=\"15\">\n<p class=\"Texto_Centralizado\" data-c=\"16\"><strong>ARP oriunda do P.E. N\u00ba 16\/2024 &#8211; UASG 158151 IFES\u00a0<\/strong>(SEI &#8211;\u00a0<span><a id=\"lnkSei75883225\" class=\"ancora_sei\" href=\"https:\/\/sei.go.gov.br\/sei\/controlador.php?acao=protocolo_visualizar&amp;id_protocolo=75883225&amp;id_procedimento_atual=75881734&amp;infra_sistema=100000100&amp;infra_unidade_atual=18881&amp;infra_hash=7f20fb8445cad5586462a1f02ca497bec6a876ba0840cfbbd863b3ba2d811a62a37c7327d8442cd9970d56a4bb2937cff015458b8dcd0270956253c9c072d9d14519436c9fdcbfdd01ee416e0678e5b0f0f0aef1634f4c60b49af1b8069ea279\" target=\"_blank\" rel=\"noopener\">72870937<\/a><\/span>)<\/p>\n<\/td>\n<\/tr>\n<tr>\n<td data-c=\"17\">\n<p class=\"Texto_Centralizado\" data-c=\"18\"><strong>ITEM\u00a0<\/strong><\/p>\n<\/td>\n<td data-c=\"19\">\n<p class=\"Texto_Centralizado\" data-c=\"20\"><strong>DISCRIMINA\u00c7\u00c3O<\/strong><\/p>\n<\/td>\n<td data-c=\"21\">\n<p class=\"Texto_Centralizado\" data-c=\"22\"><strong>QUANTIDADE EM ATA<\/strong><\/p>\n<\/td>\n<td data-c=\"23\">\n<p class=\"Texto_Centralizado\" data-c=\"24\"><strong>VALOR UNIT\u00c1RIO EM ATA<\/strong><\/p>\n<\/td>\n<td data-c=\"25\">\n<p class=\"Tabela_Texto_Centralizado\" data-c=\"26\"><strong>QUANTIDADE M\u00b2<\/strong><\/p>\n<\/td>\n<td data-c=\"27\">\n<p class=\"Texto_Centralizado\" data-c=\"28\"><strong>VALOR M\u00b2<\/strong><\/p>\n<\/td>\n<td data-c=\"31\">\n<p class=\"Texto_Centralizado\" data-c=\"32\"><strong>VALOR TOTAL<\/strong><\/p>\n<\/td>\n<\/tr>\n<tr>\n<td colspan=\"1\" rowspan=\"1\" data-c=\"33\">\n<p class=\"Texto_Centralizado\" data-c=\"34\">\n<p class=\"Texto_Centralizado\" data-c=\"35\">01<\/p>\n<p class=\"Texto_Centralizado\" data-c=\"36\">\n<\/td>\n<td data-c=\"37\">\n<p class=\"Tabela_Texto_Centralizado\" data-c=\"38\">CONFEC\u00c7\u00c3O DE M\u00d3VEIS SOB MEDIDA (SEM VIDRO) Tampo: Em madeira MDF de 25 mm de espessura, revestida em laminado melam\u00ednico de baixa press\u00e3o texturizado em ambas as faces. As bordas do tampo possuem acabamento em fita de PVC de 3 mm de espessura, colada a quente pelo sistema tipo hot-melt, com raio m\u00ednimo de 2,5 mm em todo seu per\u00edmetro. A base possui bordas com acabamento em fita de PVC de 2 mm de espessura, colada a quente pelo sistema hot-melt de acordo com as Normas de Ergonomia NR-17, colada por meio de adesivo hot melt. Sapatas reguladoras de n\u00edvel encaixadas e fixadas na base atrav\u00e9s de parafusos permitindo a regulagem da mesma tanto na parte interna como externa do arm\u00e1rio. Prateleiras, Laterais ou Portas: Madeira MDF de 18 mm de espessura, revestida em laminado melam\u00ednico de baixa press\u00e3o texturizado em ambas as faces e\/ou em MDF Cru com Superf\u00edcies pintadas em tinta gofratto. Borda, frontal lateral e Posterior com acabamento em fita de PVC de 2,5 mm de espessura a quente pelo sistema holt-melt, em todo seu per\u00edmetro, ou quando em MDF Cru com superf\u00edcie pintada em tinta gofratto, colada. Jun\u00e7\u00e3o das pe\u00e7as atrav\u00e9s de Parafusos de a\u00e7o e buchas met\u00e1licas.<\/p>\n<\/td>\n<td data-c=\"39\">\n<p class=\"Tabela_Texto_Centralizado\" data-c=\"40\">4870<\/p>\n<\/td>\n<td data-c=\"41\">\n<p class=\"Tabela_Texto_Centralizado\" data-c=\"42\">R$ 2.450,71<\/p>\n<\/td>\n<td data-c=\"43\">\n<p class=\"Tabela_Texto_Centralizado\" data-c=\"44\">306,0<\/p>\n<\/td>\n<td data-c=\"45\">\n<p class=\"Tabela_Texto_Centralizado\" data-c=\"46\">R$ 2.450,71<\/p>\n<\/td>\n<td data-c=\"49\">\n<p class=\"Texto_Centralizado\" data-c=\"50\">R$ 749.917,26<\/p>\n<\/td>\n<\/tr>\n<tr>\n<td colspan=\"6\" rowspan=\"1\" data-c=\"51\">\n<p class=\"Texto_Centralizado\" data-c=\"52\"><strong>VALOR TOTAL<\/strong><\/p>\n<\/td>\n<td data-c=\"53\">\n<p class=\"Texto_Centralizado\" data-c=\"54\"><strong>R$ 749.917,26<\/strong><\/p>\n<\/td>\n<\/tr>\n<\/tbody>\n<\/table>\n<p>&nbsp;<\/p>\n<p class=\"Texto_Justificado_Recuo_Primeira_Linha_Esp15\" style=\"text-align: justify\" data-c=\"81\">Conforme especifica\u00e7\u00e3o constante do Termo de Refer\u00eancia (SEI &#8211;\u00a0<span><a id=\"lnkSei75882279\" class=\"ancora_sei\" href=\"https:\/\/sei.go.gov.br\/sei\/controlador.php?acao=protocolo_visualizar&amp;id_protocolo=75882279&amp;id_procedimento_atual=75881734&amp;infra_sistema=100000100&amp;infra_unidade_atual=18881&amp;infra_hash=e09c8e37e6d63604549995b310aa92469af90ad82981bd41c44a5ae31afc7f67a37c7327d8442cd9970d56a4bb2937cff015458b8dcd0270956253c9c072d9d14519436c9fdcbfdd01ee416e0678e5b0f0f0aef1634f4c60b49af1b8069ea279\" target=\"_blank\" rel=\"noopener\">72870064<\/a><\/span>),\u00a0elaborado com base no Edital do Preg\u00e3o Eletr\u00f4nico (SRP) n\u00ba 16\/2024 &#8211; UASG 158151 IFES<strong>\u00a0<\/strong>(SEI &#8211;\u00a0<span><a id=\"lnkSei75883225\" class=\"ancora_sei\" href=\"https:\/\/sei.go.gov.br\/sei\/controlador.php?acao=protocolo_visualizar&amp;id_protocolo=75883225&amp;id_procedimento_atual=75881734&amp;infra_sistema=100000100&amp;infra_unidade_atual=18881&amp;infra_hash=7f20fb8445cad5586462a1f02ca497bec6a876ba0840cfbbd863b3ba2d811a62a37c7327d8442cd9970d56a4bb2937cff015458b8dcd0270956253c9c072d9d14519436c9fdcbfdd01ee416e0678e5b0f0f0aef1634f4c60b49af1b8069ea279\" target=\"_blank\" rel=\"noopener\">72870937<\/a><\/span>) do\u00a0Instituto Federal de Educa\u00e7\u00e3o, Ci\u00eancia e Tecnologia do Esp\u00edrito Santo-Reitoria, Processo n.\u00ba23147.006909\/2024-98,\u00a0que deu origem a Ata de Registro de Pre\u00e7os 10\/2024\/IFES (SEI &#8211;\u00a0<span><a id=\"lnkSei75884101\" class=\"ancora_sei\" href=\"https:\/\/sei.go.gov.br\/sei\/controlador.php?acao=protocolo_visualizar&amp;id_protocolo=75884101&amp;id_procedimento_atual=75881734&amp;infra_sistema=100000100&amp;infra_unidade_atual=18881&amp;infra_hash=54707dcf4788a57c409663d1904aab4fbffd8b0543155210afae6effbcf33dafa37c7327d8442cd9970d56a4bb2937cff015458b8dcd0270956253c9c072d9d14519436c9fdcbfdd01ee416e0678e5b0f0f0aef1634f4c60b49af1b8069ea279\" target=\"_blank\" rel=\"noopener\">72871710<\/a><\/span>).<\/p>\n<p class=\"Texto_Justificado_Recuo_Primeira_Linha_Esp15\" style=\"text-align: justify\" data-c=\"56\">\n<p class=\"Texto_Justificado_Recuo_Primeira_Linha_Esp15\" style=\"text-align: justify\" data-c=\"57\"><strong>6 \u2013 Fonte de Recurso:\u00a0<\/strong>15000100 &#8211; RECURSOS N\u00c3O VINCULADOS DE IMPOSTOS &#8211; RECEITAS ORDIN\u00c1RIAS.<\/p>\n<p class=\"Texto_Justificado_Recuo_Primeira_Linha_Esp15\" style=\"text-align: justify\" data-c=\"58\"><strong>7 &#8211; Dota\u00e7\u00e3o Or\u00e7ament\u00e1ria:\u00a0<\/strong>\u00a02025.29.02.06.122.4200.4243.04 -POL\u00cdCIA MILITAR.<\/p>\n<p class=\"Texto_Justificado_Recuo_Primeira_Linha_Esp15\" style=\"text-align: justify\" data-c=\"59\"><strong>8 \u2013 Valor:\u00a0<\/strong>R$ 749.917,26 (setecentos e quarenta e nove mil novecentos e dezessete reais e vinte e seis centavos).<\/p>\n<p class=\"Texto_Justificado_Recuo_Primeira_Linha_Esp15\" style=\"text-align: justify\" data-c=\"60\"><strong>9 \u2013 Titular do Registro\/Fornecedor:\u00a0<\/strong>A empresa X- OFFICE SERVI\u00c7OS LTDA, pessoa jur\u00eddica de direito privado, inscrita no CNPJ: 15.362.598\/0001-36 com sede na Avenida Segunda Avenida, Quadra 01B, Lote 42E, Sala 19, 2\u00ba Andar, Cidade Vera Cruz, Aparecida de Goi\u00e2nia\/GO &#8211; CEP 74934-605 Telefone: (62) 3983-3375, neste ato representada pelo Sr. Gilmar da Silva de Souza, brasileiro, inscrito no CPF\/MF n\u00ba XXX.793.751-XX, com endere\u00e7o profissional no endere\u00e7o da contratada.<\/p>\n<p class=\"Texto_Justificado_Recuo_Primeira_Linha_Esp15\" style=\"text-align: justify\" data-c=\"61\">\n<p class=\"Texto_Justificado_Recuo_Primeira_Linha_Esp15\" data-c=\"62\">Publique-se.<\/p>\n<p class=\"Texto_Justificado_Recuo_Primeira_Linha\" data-c=\"63\">\n<p class=\"Texto_Alinhado_Direita\" style=\"text-align: right\" data-c=\"64\">Goi\u00e2nia, em 30 de junho de 2025.<\/p>\n<p class=\"Tabela_Texto_Centralizado\" data-c=\"65\">\n<p class=\"Tabela_Texto_Centralizado\" data-c=\"66\">\n<p class=\"Tabela_Texto_Centralizado\" data-c=\"67\">\n<p class=\"Texto_Centralizado\" style=\"text-align: center\" data-c=\"68\"><strong>MARCELO GRANJA \u2013 CORONEL PM<\/strong><br \/>\n<strong>Comandante-Geral da Pol\u00edcia Militar do Estado de Goi\u00e1s<\/strong><\/p>\n<p class=\"Texto_Centralizado\" style=\"text-align: center\" data-c=\"69\">\n<p class=\"Texto_Centralizado\" style=\"text-align: center\" data-c=\"70\">\n<p class=\"Texto_Centralizado\" style=\"text-align: center\" data-c=\"71\"><strong>DE ACORDO:<\/strong><\/p>\n<p class=\"Texto_Centralizado\" style=\"text-align: center\" data-c=\"72\">\n<p class=\"Texto_Centralizado\" style=\"text-align: center\" data-c=\"73\">\n<p class=\"Texto_Centralizado\" style=\"text-align: center\" data-c=\"74\"><strong>RENATO BRUM DOS SANTOS<\/strong><\/p>\n<p class=\"Texto_Centralizado\" style=\"text-align: center\" data-c=\"75\"><strong>Secret\u00e1rio de Estado da Seguran\u00e7a P\u00fablica<\/strong><\/p>\n","protected":false},"excerpt":{"rendered":"<p>TERMO DE ADES\u00c3O \u00c0 ATA DE REGISTRO DE PRE\u00c7OS N\u00ba 10\/2024 &#8211; IFES \u00d3RG\u00c3O GERENCIADOR:\u00a0INSTITUTO FEDERAL DE EDUCA\u00c7\u00c3O, CI\u00caNCIA E TECNOLOGIA DO ESP\u00cdRITO SANTO &#8211; IFES O Secret\u00e1rio de Estado da Seguran\u00e7a P\u00fablica de Goi\u00e1s, no exerc\u00edcio da compet\u00eancia conferida pelo Decreto Estadual n\u00ba 9.690 de 06 de julho de 2020 e o\u00a0Comandante-Geral da PMGO,\u00a0no [&hellip;]<\/p>\n","protected":false},"author":77,"featured_media":92754,"comment_status":"closed","ping_status":"closed","sticky":false,"template":"","format":"standard","meta":{"footnotes":""},"categories":[161,1],"tags":[],"class_list":["post-92753","post","type-post","status-publish","format-standard","has-post-thumbnail","hentry","category-adesao-de-atas-e-registro-de-precos","category-noticias"],"rttpg_featured_image_url":{"full":["https:\/\/goias.gov.br\/policiamilitar\/wp-content\/uploads\/sites\/67\/2025\/07\/termo-de-adesao-a-ata-de-registro-de-precos-no-102024-ifes-1.png",489,256,false],"landscape":["https:\/\/goias.gov.br\/policiamilitar\/wp-content\/uploads\/sites\/67\/2025\/07\/termo-de-adesao-a-ata-de-registro-de-precos-no-102024-ifes-1.png",489,256,false],"portraits":["https:\/\/goias.gov.br\/policiamilitar\/wp-content\/uploads\/sites\/67\/2025\/07\/termo-de-adesao-a-ata-de-registro-de-precos-no-102024-ifes-1.png",489,256,false],"thumbnail":["https:\/\/goias.gov.br\/policiamilitar\/wp-content\/uploads\/sites\/67\/2025\/07\/termo-de-adesao-a-ata-de-registro-de-precos-no-102024-ifes-1-150x150.png",150,150,true],"medium":["https:\/\/goias.gov.br\/policiamilitar\/wp-content\/uploads\/sites\/67\/2025\/07\/termo-de-adesao-a-ata-de-registro-de-precos-no-102024-ifes-1-300x157.png",300,157,true],"large":["https:\/\/goias.gov.br\/policiamilitar\/wp-content\/uploads\/sites\/67\/2025\/07\/termo-de-adesao-a-ata-de-registro-de-precos-no-102024-ifes-1.png",489,256,false],"1536x1536":["https:\/\/goias.gov.br\/policiamilitar\/wp-content\/uploads\/sites\/67\/2025\/07\/termo-de-adesao-a-ata-de-registro-de-precos-no-102024-ifes-1.png",489,256,false],"2048x2048":["https:\/\/goias.gov.br\/policiamilitar\/wp-content\/uploads\/sites\/67\/2025\/07\/termo-de-adesao-a-ata-de-registro-de-precos-no-102024-ifes-1.png",489,256,false]},"rttpg_author":{"display_name":"barbaragodoy","author_link":"https:\/\/goias.gov.br\/policiamilitar\/author\/barbaragodoy\/"},"rttpg_comment":0,"rttpg_category":"<a href=\"https:\/\/goias.gov.br\/policiamilitar\/categoria\/adesao-de-atas-e-registro-de-precos\/\" rel=\"category tag\">Ades\u00e3o de Atas e Registro de Pre\u00e7os<\/a> <a href=\"https:\/\/goias.gov.br\/policiamilitar\/categoria\/noticias\/\" rel=\"category tag\">Not\u00edcias<\/a>","rttpg_excerpt":"TERMO DE ADES\u00c3O \u00c0 ATA DE REGISTRO DE PRE\u00c7OS N\u00ba 10\/2024 &#8211; IFES \u00d3RG\u00c3O GERENCIADOR:\u00a0INSTITUTO FEDERAL DE EDUCA\u00c7\u00c3O, CI\u00caNCIA E TECNOLOGIA DO ESP\u00cdRITO SANTO &#8211; IFES O Secret\u00e1rio de Estado da Seguran\u00e7a P\u00fablica de Goi\u00e1s, no exerc\u00edcio da compet\u00eancia conferida pelo Decreto Estadual n\u00ba 9.690 de 06 de julho de 2020 e o\u00a0Comandante-Geral da PMGO,\u00a0no&hellip;","_links":{"self":[{"href":"https:\/\/goias.gov.br\/policiamilitar\/wp-json\/wp\/v2\/posts\/92753","targetHints":{"allow":["GET"]}}],"collection":[{"href":"https:\/\/goias.gov.br\/policiamilitar\/wp-json\/wp\/v2\/posts"}],"about":[{"href":"https:\/\/goias.gov.br\/policiamilitar\/wp-json\/wp\/v2\/types\/post"}],"author":[{"embeddable":true,"href":"https:\/\/goias.gov.br\/policiamilitar\/wp-json\/wp\/v2\/users\/77"}],"replies":[{"embeddable":true,"href":"https:\/\/goias.gov.br\/policiamilitar\/wp-json\/wp\/v2\/comments?post=92753"}],"version-history":[{"count":0,"href":"https:\/\/goias.gov.br\/policiamilitar\/wp-json\/wp\/v2\/posts\/92753\/revisions"}],"wp:featuredmedia":[{"embeddable":true,"href":"https:\/\/goias.gov.br\/policiamilitar\/wp-json\/wp\/v2\/media\/92754"}],"wp:attachment":[{"href":"https:\/\/goias.gov.br\/policiamilitar\/wp-json\/wp\/v2\/media?parent=92753"}],"wp:term":[{"taxonomy":"category","embeddable":true,"href":"https:\/\/goias.gov.br\/policiamilitar\/wp-json\/wp\/v2\/categories?post=92753"},{"taxonomy":"post_tag","embeddable":true,"href":"https:\/\/goias.gov.br\/policiamilitar\/wp-json\/wp\/v2\/tags?post=92753"}],"curies":[{"name":"wp","href":"https:\/\/api.w.org\/{rel}","templated":true}]}}