

{"id":89288,"date":"2025-04-10T07:25:26","date_gmt":"2025-04-10T10:25:26","guid":{"rendered":"https:\/\/goias.gov.br\/policiamilitar\/?p=89288"},"modified":"2025-04-10T08:47:30","modified_gmt":"2025-04-10T11:47:30","slug":"edital-do-3o-curso-de-comunicacao-social","status":"publish","type":"post","link":"https:\/\/goias.gov.br\/policiamilitar\/edital-do-3o-curso-de-comunicacao-social\/","title":{"rendered":"EDITAL DO 3\u00ba CURSO DE COMUNICA\u00c7\u00c3O SOCIAL DA PMGO"},"content":{"rendered":"<p style=\"text-align: justify\">O Comando de Gest\u00e3o e Finan\u00e7as, por meio da Terceira Se\u00e7\u00e3o de Recursos Humanos-SRH\/3, divulga o edital do 3\u00ba Curso de Comunica\u00e7\u00e3o Social.<\/p>\n<p style=\"text-align: justify\">Per\u00edodo de Inscri\u00e7\u00f5es: 01\/04\/2025 a 10\/04\/2025 (CRPM\/Grande Comando enviar\u00e1 os nomes dos indicados ao\u00a0SEI n\u00ba 09273 da PM\/5).<\/p>\n<p>&nbsp;<\/p>\n<p class=\"Texto_Justificado\"><strong>DAS INSCRI\u00c7\u00d5ES E REQUISITOS EXIGIDOS:<\/strong><\/p>\n<p class=\"Texto_Justificado\">Ser\u00e3o abertas as inscri\u00e7\u00f5es para a Sele\u00e7\u00e3o do 3\u00b0 Curso de Comunica\u00e7\u00e3o Social &#8211; 3\u00ba CCS, categoria Oficiais\/Pra\u00e7as, conforme cronograma do ANEXO I, visando o preenchimento de 45 (quarenta e vagas) vagas, sendo:<\/p>\n<p class=\"Texto_Justificado\">&#8211; 07 vagas para 5\u00aa Se\u00e7\u00e3o do Estado-Maior da PMGO (PM\/5);<\/p>\n<p class=\"Texto_Justificado\">&#8211; 01 vaga para cada Comando Regional da PMGO (total de 20 vagas);<\/p>\n<p class=\"Texto_Justificado\">&#8211; 01 vaga para o Comando de Miss\u00f5es Especiais (CME);<\/p>\n<p class=\"Texto_Justificado\">&#8211; 01 vaga para o Comando de Opera\u00e7\u00f5es de Cerrado (COC);<\/p>\n<p class=\"Texto_Justificado\">&#8211; 01 vaga para o Comando de Policiamento Rodovi\u00e1rio (CPR);<\/p>\n<p class=\"Texto_Justificado\">&#8211; 01 vaga para o Comando da Academia da Pol\u00edcia Militar (CAPM);<\/p>\n<p class=\"Texto_Justificado\">&#8211; 01 vaga para o Comando de Correi\u00e7\u00f5es e Disciplina da Pol\u00edcia Militar (CCDPM);<\/p>\n<p class=\"Texto_Justificado\">&#8211; 01 vaga para o Comando de Sa\u00fade (CS);<\/p>\n<p class=\"Texto_Justificado\">&#8211; 01 vaga para o Comando de Gest\u00e3o e Finan\u00e7as (CGF);<\/p>\n<p class=\"Texto_Justificado\">&#8211; 11 vagas para institui\u00e7\u00f5es coirm\u00e3s.<\/p>\n<p>&nbsp;<\/p>\n<p><strong><a href=\"https:\/\/goias.gov.br\/policiamilitar\/wp-content\/uploads\/sites\/67\/2025\/03\/edital-do-3-curso-de-comunicacao-social.pdf\">EDITAL DO 3\u00b0 CURSO DE COMUNICA\u00c7\u00c3O SOCIAL<\/a><\/strong><\/p>\n<p>&nbsp;<\/p>\n<p style=\"text-align: center\">J\u00falio C\u00e9sar Alves Souza &#8211; Tenente-Coronel QOPM<\/p>\n<p style=\"text-align: center\">Chefe da SRH\/3<\/p>\n","protected":false},"excerpt":{"rendered":"<p>O Comando de Gest\u00e3o e Finan\u00e7as, por meio da Terceira Se\u00e7\u00e3o de Recursos Humanos-SRH\/3, divulga o edital do 3\u00ba Curso de Comunica\u00e7\u00e3o Social. Per\u00edodo de Inscri\u00e7\u00f5es: 01\/04\/2025 a 10\/04\/2025 (CRPM\/Grande Comando enviar\u00e1 os nomes dos indicados ao\u00a0SEI n\u00ba 09273 da PM\/5). &nbsp; DAS INSCRI\u00c7\u00d5ES E REQUISITOS EXIGIDOS: Ser\u00e3o abertas as inscri\u00e7\u00f5es para a Sele\u00e7\u00e3o do [&hellip;]<\/p>\n","protected":false},"author":81,"featured_media":89310,"comment_status":"closed","ping_status":"closed","sticky":false,"template":"","format":"standard","meta":{"footnotes":""},"categories":[15],"tags":[],"class_list":["post-89288","post","type-post","status-publish","format-standard","has-post-thumbnail","hentry","category-destaques"],"rttpg_featured_image_url":{"full":["https:\/\/goias.gov.br\/policiamilitar\/wp-content\/uploads\/sites\/67\/2025\/03\/edital-do-3o-curso-de-comunicacao-social.png",1920,1027,false],"landscape":["https:\/\/goias.gov.br\/policiamilitar\/wp-content\/uploads\/sites\/67\/2025\/03\/edital-do-3o-curso-de-comunicacao-social.png",1920,1027,false],"portraits":["https:\/\/goias.gov.br\/policiamilitar\/wp-content\/uploads\/sites\/67\/2025\/03\/edital-do-3o-curso-de-comunicacao-social.png",1920,1027,false],"thumbnail":["https:\/\/goias.gov.br\/policiamilitar\/wp-content\/uploads\/sites\/67\/2025\/03\/edital-do-3o-curso-de-comunicacao-social-400x400.png",150,150,true],"medium":["https:\/\/goias.gov.br\/policiamilitar\/wp-content\/uploads\/sites\/67\/2025\/03\/edital-do-3o-curso-de-comunicacao-social-800x428.png",300,161,true],"large":["https:\/\/goias.gov.br\/policiamilitar\/wp-content\/uploads\/sites\/67\/2025\/03\/edital-do-3o-curso-de-comunicacao-social-1080x578.png",1024,548,true],"1536x1536":["https:\/\/goias.gov.br\/policiamilitar\/wp-content\/uploads\/sites\/67\/2025\/03\/edital-do-3o-curso-de-comunicacao-social-1536x822.png",1536,822,true],"2048x2048":["https:\/\/goias.gov.br\/policiamilitar\/wp-content\/uploads\/sites\/67\/2025\/03\/edital-do-3o-curso-de-comunicacao-social.png",1920,1027,false]},"rttpg_author":{"display_name":"marciofreitas","author_link":"https:\/\/goias.gov.br\/policiamilitar\/author\/marciofreitas\/"},"rttpg_comment":0,"rttpg_category":"<a href=\"https:\/\/goias.gov.br\/policiamilitar\/categoria\/noticias\/destaques\/\" rel=\"category tag\">Not\u00edcias em Destaque<\/a>","rttpg_excerpt":"O Comando de Gest\u00e3o e Finan\u00e7as, por meio da Terceira Se\u00e7\u00e3o de Recursos Humanos-SRH\/3, divulga o edital do 3\u00ba Curso de Comunica\u00e7\u00e3o Social. Per\u00edodo de Inscri\u00e7\u00f5es: 01\/04\/2025 a 10\/04\/2025 (CRPM\/Grande Comando enviar\u00e1 os nomes dos indicados ao\u00a0SEI n\u00ba 09273 da PM\/5). &nbsp; DAS INSCRI\u00c7\u00d5ES E REQUISITOS EXIGIDOS: Ser\u00e3o abertas as inscri\u00e7\u00f5es para a Sele\u00e7\u00e3o do&hellip;","_links":{"self":[{"href":"https:\/\/goias.gov.br\/policiamilitar\/wp-json\/wp\/v2\/posts\/89288","targetHints":{"allow":["GET"]}}],"collection":[{"href":"https:\/\/goias.gov.br\/policiamilitar\/wp-json\/wp\/v2\/posts"}],"about":[{"href":"https:\/\/goias.gov.br\/policiamilitar\/wp-json\/wp\/v2\/types\/post"}],"author":[{"embeddable":true,"href":"https:\/\/goias.gov.br\/policiamilitar\/wp-json\/wp\/v2\/users\/81"}],"replies":[{"embeddable":true,"href":"https:\/\/goias.gov.br\/policiamilitar\/wp-json\/wp\/v2\/comments?post=89288"}],"version-history":[{"count":6,"href":"https:\/\/goias.gov.br\/policiamilitar\/wp-json\/wp\/v2\/posts\/89288\/revisions"}],"predecessor-version":[{"id":89429,"href":"https:\/\/goias.gov.br\/policiamilitar\/wp-json\/wp\/v2\/posts\/89288\/revisions\/89429"}],"wp:featuredmedia":[{"embeddable":true,"href":"https:\/\/goias.gov.br\/policiamilitar\/wp-json\/wp\/v2\/media\/89310"}],"wp:attachment":[{"href":"https:\/\/goias.gov.br\/policiamilitar\/wp-json\/wp\/v2\/media?parent=89288"}],"wp:term":[{"taxonomy":"category","embeddable":true,"href":"https:\/\/goias.gov.br\/policiamilitar\/wp-json\/wp\/v2\/categories?post=89288"},{"taxonomy":"post_tag","embeddable":true,"href":"https:\/\/goias.gov.br\/policiamilitar\/wp-json\/wp\/v2\/tags?post=89288"}],"curies":[{"name":"wp","href":"https:\/\/api.w.org\/{rel}","templated":true}]}}