

{"id":87994,"date":"2025-03-05T14:51:31","date_gmt":"2025-03-05T17:51:31","guid":{"rendered":"https:\/\/goias.gov.br\/policiamilitar\/?p=87994"},"modified":"2025-03-05T14:51:31","modified_gmt":"2025-03-05T17:51:31","slug":"oferta-de-vagas-curso-de-formacao-de-multiplicadores-de-atendimento-aos-povos-indigenas-1a-edicao","status":"publish","type":"post","link":"https:\/\/goias.gov.br\/policiamilitar\/oferta-de-vagas-curso-de-formacao-de-multiplicadores-de-atendimento-aos-povos-indigenas-1a-edicao\/","title":{"rendered":"Oferta de vagas &#8211; Curso de Forma\u00e7\u00e3o de Multiplicadores de Atendimento aos Povos Ind\u00edgenas &#8211; 1\u00aa Edi\u00e7\u00e3o."},"content":{"rendered":"<p class=\"Paragrafo_Numerado_Nivel1\" style=\"text-align: justify\">O Comando de Gest\u00e3o e Finan\u00e7as, por meio da Terceira Se\u00e7\u00e3o de Recursos Humanos, informa que a Secretaria Nacional de Seguran\u00e7a P\u00fablica realizar\u00e1 a 1\u00aa Edi\u00e7\u00e3o do Curso de Forma\u00e7\u00e3o de Multiplicadores de Atendimento aos Povos Ind\u00edgenas, no per\u00edodo de 12 a 23 de maio de 2025, na cidade de Bras\u00edlia\/DF.<\/p>\n<p class=\"Paragrafo_Numerado_Nivel1\" style=\"text-align: justify\">\u00a0O curso, com\u00a0carga hor\u00e1ria de 80\u00a0(oitenta)\u00a0horas-aula, na modalidade de ensino presencial,\u00a0\u00e9 destinado a profissionais\u00a0do Sistema \u00danico de Seguran\u00e7a P\u00fablica (Susp)\u00a0para atuarem de forma eficaz e respeitosa com povos ind\u00edgenas e em territ\u00f3rios ind\u00edgenas, garantindo o respeito \u00e0 diversidade cultural e aos direitos humanos, bem como para investigar il\u00edcitos que afetam essas comunidades, conforme suas compet\u00eancias.<\/p>\n<p class=\"Paragrafo_Numerado_Nivel1\" style=\"text-align: justify\">Nesse sentido, oferto\u00a0<strong>1 (uma)\u00a0vaga<\/strong>\u00a0a essa unidade federativa, para composi\u00e7\u00e3o do corpo discente da capacita\u00e7\u00e3o. \u00c9 necess\u00e1rio que o(a) indicado(a) atenda ao seguinte perfil:<\/p>\n<p class=\"Item_Alinea_Letra\">ser servidor(a) da Seguran\u00e7a P\u00fablica na ativa;<\/p>\n<p class=\"Item_Alinea_Letra\">ter Carteira Nacional de Habilita\u00e7\u00e3o (CNH) categoria m\u00ednima &#8220;B&#8221; no prazo de validade;<\/p>\n<p class=\"Item_Alinea_Letra\">n\u00e3o estar respondendo a nenhuma medida administrativa que o impe\u00e7a de dirigir conforme o C\u00f3digo de Tr\u00e2nsito Brasileiro (CTB);<\/p>\n<p class=\"Item_Alinea_Letra\">n\u00e3o ter sido punido por infra\u00e7\u00e3o disciplinar de natureza grave nos \u00faltimos 05 anos de servi\u00e7o;<\/p>\n<p class=\"Item_Alinea_Letra\">n\u00e3o ter sido condenado na justi\u00e7a comum e\/ou militar nos \u00faltimos 05 anos; e<\/p>\n<p class=\"Item_Alinea_Letra\">ter cadastro no Sinesp, com acesso \u00e0 Rede EaD Senasp habilitado.<\/p>\n<p class=\"Paragrafo_Numerado_Nivel1\" style=\"text-align: justify\">Registro que esta Secretaria arcar\u00e1 com as expensas relativas \u00e0s di\u00e1rias e passagens a\u00e9reas decorrentes da participa\u00e7\u00e3o, nos termos da Lei n.\u00ba 8.162, de 8 de setembro de 1991, regulamentada pelo Decreto n.\u00ba 11.872, de 29 de dezembro de 2023.<\/p>\n<p class=\"Paragrafo_Numerado_Nivel1\" style=\"text-align: justify\">Com vistas ao perfeito planejamento da a\u00e7\u00e3o educacional, solicito que o of\u00edcio resposta\u00a0contendo nome, CPF, telefone\u00a0e e-mail dos indicados seja encaminhado, juntamente com a\u00a0ficha\u00a0de inscri\u00e7\u00e3o (<u>com o preenchimento de todos os dados em fonte\u00a0Arial, tamanho\u00a011\u00a0(onze), mai\u00fascula, assinado e em formato PDF<\/u>), cujo modelo segue anexo e enviado ao <strong>SEI DA SRH\/3 (09348) at\u00e9 o dia 06\/03\/2025.<\/strong><\/p>\n<p class=\"Paragrafo_Numerado_Nivel1\" style=\"text-align: justify\">Para maiores esclarecimentos, disponibilizo o contato da Diretoria de Ensino e Pesquisa: (61) 2025-9346 ou e-mail ensino.senasp@mj.gov.br.<\/p>\n<p><a href=\"https:\/\/goias.gov.br\/policiamilitar\/wp-content\/uploads\/sites\/67\/2025\/03\/oferta-de-vagas-curso-de-formacao-de-multiplicadores-de-atendimento-aos-povos-indigenas-1a-edicao.pdf\">Of\u00edcio 1749-2025<\/a><\/p>\n<p><a href=\"https:\/\/goias.gov.br\/policiamilitar\/wp-content\/uploads\/sites\/67\/2025\/03\/oferta-de-vagas-curso-de-formacao-de-multiplicadores-de-atendimento-aos-povos-indigenas-1a-edicao.docx\">Ficha_de_Inscricao<\/a><\/p>\n<p style=\"text-align: center\">J\u00falio C\u00e9sar Alves Souza &#8211; Tenente Coronel QOPM<\/p>\n<p style=\"text-align: center\">Chefe da SRH\/3<\/p>\n","protected":false},"excerpt":{"rendered":"<p>O Comando de Gest\u00e3o e Finan\u00e7as, por meio da Terceira Se\u00e7\u00e3o de Recursos Humanos, informa que a Secretaria Nacional de Seguran\u00e7a P\u00fablica realizar\u00e1 a 1\u00aa Edi\u00e7\u00e3o do Curso de Forma\u00e7\u00e3o de Multiplicadores de Atendimento aos Povos Ind\u00edgenas, no per\u00edodo de 12 a 23 de maio de 2025, na cidade de Bras\u00edlia\/DF. \u00a0O curso, com\u00a0carga hor\u00e1ria [&hellip;]<\/p>\n","protected":false},"author":81,"featured_media":87997,"comment_status":"closed","ping_status":"closed","sticky":false,"template":"","format":"standard","meta":{"footnotes":""},"categories":[1,15],"tags":[],"class_list":["post-87994","post","type-post","status-publish","format-standard","has-post-thumbnail","hentry","category-noticias","category-destaques"],"rttpg_featured_image_url":{"full":["https:\/\/goias.gov.br\/policiamilitar\/wp-content\/uploads\/sites\/67\/2025\/03\/oferta-de-vagas-curso-de-formacao-de-multiplicadores-de-atendimento-aos-povos-indigenas-1a-edicao.jpg",700,380,false],"landscape":["https:\/\/goias.gov.br\/policiamilitar\/wp-content\/uploads\/sites\/67\/2025\/03\/oferta-de-vagas-curso-de-formacao-de-multiplicadores-de-atendimento-aos-povos-indigenas-1a-edicao.jpg",700,380,false],"portraits":["https:\/\/goias.gov.br\/policiamilitar\/wp-content\/uploads\/sites\/67\/2025\/03\/oferta-de-vagas-curso-de-formacao-de-multiplicadores-de-atendimento-aos-povos-indigenas-1a-edicao.jpg",700,380,false],"thumbnail":["https:\/\/goias.gov.br\/policiamilitar\/wp-content\/uploads\/sites\/67\/2025\/03\/oferta-de-vagas-curso-de-formacao-de-multiplicadores-de-atendimento-aos-povos-indigenas-1a-edicao-400x380.jpg",150,143,true],"medium":["https:\/\/goias.gov.br\/policiamilitar\/wp-content\/uploads\/sites\/67\/2025\/03\/oferta-de-vagas-curso-de-formacao-de-multiplicadores-de-atendimento-aos-povos-indigenas-1a-edicao.jpg",300,163,false],"large":["https:\/\/goias.gov.br\/policiamilitar\/wp-content\/uploads\/sites\/67\/2025\/03\/oferta-de-vagas-curso-de-formacao-de-multiplicadores-de-atendimento-aos-povos-indigenas-1a-edicao.jpg",700,380,false],"1536x1536":["https:\/\/goias.gov.br\/policiamilitar\/wp-content\/uploads\/sites\/67\/2025\/03\/oferta-de-vagas-curso-de-formacao-de-multiplicadores-de-atendimento-aos-povos-indigenas-1a-edicao.jpg",700,380,false],"2048x2048":["https:\/\/goias.gov.br\/policiamilitar\/wp-content\/uploads\/sites\/67\/2025\/03\/oferta-de-vagas-curso-de-formacao-de-multiplicadores-de-atendimento-aos-povos-indigenas-1a-edicao.jpg",700,380,false]},"rttpg_author":{"display_name":"marciofreitas","author_link":"https:\/\/goias.gov.br\/policiamilitar\/author\/marciofreitas\/"},"rttpg_comment":0,"rttpg_category":"<a href=\"https:\/\/goias.gov.br\/policiamilitar\/categoria\/noticias\/\" rel=\"category tag\">Not\u00edcias<\/a> <a href=\"https:\/\/goias.gov.br\/policiamilitar\/categoria\/noticias\/destaques\/\" rel=\"category tag\">Not\u00edcias em Destaque<\/a>","rttpg_excerpt":"O Comando de Gest\u00e3o e Finan\u00e7as, por meio da Terceira Se\u00e7\u00e3o de Recursos Humanos, informa que a Secretaria Nacional de Seguran\u00e7a P\u00fablica realizar\u00e1 a 1\u00aa Edi\u00e7\u00e3o do Curso de Forma\u00e7\u00e3o de Multiplicadores de Atendimento aos Povos Ind\u00edgenas, no per\u00edodo de 12 a 23 de maio de 2025, na cidade de Bras\u00edlia\/DF. \u00a0O curso, com\u00a0carga hor\u00e1ria&hellip;","_links":{"self":[{"href":"https:\/\/goias.gov.br\/policiamilitar\/wp-json\/wp\/v2\/posts\/87994","targetHints":{"allow":["GET"]}}],"collection":[{"href":"https:\/\/goias.gov.br\/policiamilitar\/wp-json\/wp\/v2\/posts"}],"about":[{"href":"https:\/\/goias.gov.br\/policiamilitar\/wp-json\/wp\/v2\/types\/post"}],"author":[{"embeddable":true,"href":"https:\/\/goias.gov.br\/policiamilitar\/wp-json\/wp\/v2\/users\/81"}],"replies":[{"embeddable":true,"href":"https:\/\/goias.gov.br\/policiamilitar\/wp-json\/wp\/v2\/comments?post=87994"}],"version-history":[{"count":2,"href":"https:\/\/goias.gov.br\/policiamilitar\/wp-json\/wp\/v2\/posts\/87994\/revisions"}],"predecessor-version":[{"id":87999,"href":"https:\/\/goias.gov.br\/policiamilitar\/wp-json\/wp\/v2\/posts\/87994\/revisions\/87999"}],"wp:featuredmedia":[{"embeddable":true,"href":"https:\/\/goias.gov.br\/policiamilitar\/wp-json\/wp\/v2\/media\/87997"}],"wp:attachment":[{"href":"https:\/\/goias.gov.br\/policiamilitar\/wp-json\/wp\/v2\/media?parent=87994"}],"wp:term":[{"taxonomy":"category","embeddable":true,"href":"https:\/\/goias.gov.br\/policiamilitar\/wp-json\/wp\/v2\/categories?post=87994"},{"taxonomy":"post_tag","embeddable":true,"href":"https:\/\/goias.gov.br\/policiamilitar\/wp-json\/wp\/v2\/tags?post=87994"}],"curies":[{"name":"wp","href":"https:\/\/api.w.org\/{rel}","templated":true}]}}