

{"id":87348,"date":"2025-02-17T11:38:04","date_gmt":"2025-02-17T14:38:04","guid":{"rendered":"https:\/\/goias.gov.br\/policiamilitar\/?p=87348"},"modified":"2025-02-18T10:09:35","modified_gmt":"2025-02-18T13:09:35","slug":"convocacao-avaliacao-psicologica-cpt-8o-crpm-rio-verde","status":"publish","type":"post","link":"https:\/\/goias.gov.br\/policiamilitar\/convocacao-avaliacao-psicologica-cpt-8o-crpm-rio-verde\/","title":{"rendered":"Convoca\u00e7\u00e3o Avalia\u00e7\u00e3o Psicol\u00f3gica &#8211; CPT 8\u00ba CRPM (Rio Verde)"},"content":{"rendered":"<p style=\"text-align: justify\">O Comando de Gest\u00e3o e Finan\u00e7as, por meio da SRH\/3, divulga a convoca\u00e7\u00e3o para Avalia\u00e7\u00e3o Psicol\u00f3gica do CPT 8\u00ba CRPM (Rio Verde) e informa que a avalia\u00e7\u00e3o ser\u00e1 no dia 19\/02\/2025 (Quarta-feira) \u00e1s 8h e 10h, no CEPMG Carlos Cunha Filho (Rio Verde), conforme Link abaixo.<\/p>\n<p>D\u00favidas, nos seguintes contatos; \u00a0(64) 3620-0900 \/ Celular: (64) 99274-0200.<\/p>\n<p><a href=\"https:\/\/goias.gov.br\/policiamilitar\/wp-content\/uploads\/sites\/67\/2025\/02\/convocacao-avaliacao-psicologica-cpt-8o-crpm-rio-verde.pdf\">Convoca\u00e7\u00e3o Avalia\u00e7\u00e3o Psicol\u00f3gica &#8211; CPT 8\u00ba CRPM (Rio Verde).<\/a><\/p>\n<p align=\"center\"><span style=\"font-size: medium\"><strong><span style=\"color: #222222\"><span style=\"font-family: Georgia, serif\"><span style=\"font-size: large\">J\u00falio C\u00e9sar Aves Sousa \u2013 Tenente-coronel QOPM<\/span><\/span><\/span><\/strong><\/span><\/p>\n<p align=\"center\"><span style=\"font-size: medium\"><strong><span style=\"color: #222222\"><span style=\"font-family: Georgia, serif\"><span style=\"font-size: large\">Chefe da SRH\/3<\/span><\/span><\/span><\/strong><\/span><\/p>\n<p>&nbsp;<\/p>\n","protected":false},"excerpt":{"rendered":"<p>O Comando de Gest\u00e3o e Finan\u00e7as, por meio da SRH\/3, divulga a convoca\u00e7\u00e3o para Avalia\u00e7\u00e3o Psicol\u00f3gica do CPT 8\u00ba CRPM (Rio Verde) e informa que a avalia\u00e7\u00e3o ser\u00e1 no dia 19\/02\/2025 (Quarta-feira) \u00e1s 8h e 10h, no CEPMG Carlos Cunha Filho (Rio Verde), conforme Link abaixo. D\u00favidas, nos seguintes contatos; \u00a0(64) 3620-0900 \/ Celular: (64) [&hellip;]<\/p>\n","protected":false},"author":72,"featured_media":87350,"comment_status":"closed","ping_status":"closed","sticky":false,"template":"","format":"standard","meta":{"footnotes":""},"categories":[15],"tags":[],"class_list":["post-87348","post","type-post","status-publish","format-standard","has-post-thumbnail","hentry","category-destaques"],"rttpg_featured_image_url":{"full":["https:\/\/goias.gov.br\/policiamilitar\/wp-content\/uploads\/sites\/67\/2025\/02\/convocacao-avaliacao-psicologica-cpt-8o-crpm-1.jpg",800,450,false],"landscape":["https:\/\/goias.gov.br\/policiamilitar\/wp-content\/uploads\/sites\/67\/2025\/02\/convocacao-avaliacao-psicologica-cpt-8o-crpm-1.jpg",800,450,false],"portraits":["https:\/\/goias.gov.br\/policiamilitar\/wp-content\/uploads\/sites\/67\/2025\/02\/convocacao-avaliacao-psicologica-cpt-8o-crpm-1.jpg",800,450,false],"thumbnail":["https:\/\/goias.gov.br\/policiamilitar\/wp-content\/uploads\/sites\/67\/2025\/02\/convocacao-avaliacao-psicologica-cpt-8o-crpm-1-400x400.jpg",150,150,true],"medium":["https:\/\/goias.gov.br\/policiamilitar\/wp-content\/uploads\/sites\/67\/2025\/02\/convocacao-avaliacao-psicologica-cpt-8o-crpm-1.jpg",300,169,false],"large":["https:\/\/goias.gov.br\/policiamilitar\/wp-content\/uploads\/sites\/67\/2025\/02\/convocacao-avaliacao-psicologica-cpt-8o-crpm-1.jpg",800,450,false],"1536x1536":["https:\/\/goias.gov.br\/policiamilitar\/wp-content\/uploads\/sites\/67\/2025\/02\/convocacao-avaliacao-psicologica-cpt-8o-crpm-1.jpg",800,450,false],"2048x2048":["https:\/\/goias.gov.br\/policiamilitar\/wp-content\/uploads\/sites\/67\/2025\/02\/convocacao-avaliacao-psicologica-cpt-8o-crpm-1.jpg",800,450,false]},"rttpg_author":{"display_name":"fredericoborges","author_link":"https:\/\/goias.gov.br\/policiamilitar\/author\/fredericoborges\/"},"rttpg_comment":0,"rttpg_category":"<a href=\"https:\/\/goias.gov.br\/policiamilitar\/categoria\/noticias\/destaques\/\" rel=\"category tag\">Not\u00edcias em Destaque<\/a>","rttpg_excerpt":"O Comando de Gest\u00e3o e Finan\u00e7as, por meio da SRH\/3, divulga a convoca\u00e7\u00e3o para Avalia\u00e7\u00e3o Psicol\u00f3gica do CPT 8\u00ba CRPM (Rio Verde) e informa que a avalia\u00e7\u00e3o ser\u00e1 no dia 19\/02\/2025 (Quarta-feira) \u00e1s 8h e 10h, no CEPMG Carlos Cunha Filho (Rio Verde), conforme Link abaixo. D\u00favidas, nos seguintes contatos; \u00a0(64) 3620-0900 \/ Celular: (64)&hellip;","_links":{"self":[{"href":"https:\/\/goias.gov.br\/policiamilitar\/wp-json\/wp\/v2\/posts\/87348","targetHints":{"allow":["GET"]}}],"collection":[{"href":"https:\/\/goias.gov.br\/policiamilitar\/wp-json\/wp\/v2\/posts"}],"about":[{"href":"https:\/\/goias.gov.br\/policiamilitar\/wp-json\/wp\/v2\/types\/post"}],"author":[{"embeddable":true,"href":"https:\/\/goias.gov.br\/policiamilitar\/wp-json\/wp\/v2\/users\/72"}],"replies":[{"embeddable":true,"href":"https:\/\/goias.gov.br\/policiamilitar\/wp-json\/wp\/v2\/comments?post=87348"}],"version-history":[{"count":5,"href":"https:\/\/goias.gov.br\/policiamilitar\/wp-json\/wp\/v2\/posts\/87348\/revisions"}],"predecessor-version":[{"id":87485,"href":"https:\/\/goias.gov.br\/policiamilitar\/wp-json\/wp\/v2\/posts\/87348\/revisions\/87485"}],"wp:featuredmedia":[{"embeddable":true,"href":"https:\/\/goias.gov.br\/policiamilitar\/wp-json\/wp\/v2\/media\/87350"}],"wp:attachment":[{"href":"https:\/\/goias.gov.br\/policiamilitar\/wp-json\/wp\/v2\/media?parent=87348"}],"wp:term":[{"taxonomy":"category","embeddable":true,"href":"https:\/\/goias.gov.br\/policiamilitar\/wp-json\/wp\/v2\/categories?post=87348"},{"taxonomy":"post_tag","embeddable":true,"href":"https:\/\/goias.gov.br\/policiamilitar\/wp-json\/wp\/v2\/tags?post=87348"}],"curies":[{"name":"wp","href":"https:\/\/api.w.org\/{rel}","templated":true}]}}