

{"id":79037,"date":"2024-06-02T10:42:41","date_gmt":"2024-06-02T13:42:41","guid":{"rendered":"https:\/\/goias.gov.br\/policiamilitar\/?p=79037"},"modified":"2024-06-02T10:42:41","modified_gmt":"2024-06-02T13:42:41","slug":"nota-de-falecimento-soldado-atenival-rodrigues-de-oliveira","status":"publish","type":"post","link":"https:\/\/goias.gov.br\/policiamilitar\/nota-de-falecimento-soldado-atenival-rodrigues-de-oliveira\/","title":{"rendered":"Nota de Falecimento &#8211; Soldado Atenival Rodrigues de Oliveira"},"content":{"rendered":"<p style=\"text-align: justify\">Com tristeza e imenso pesar, a Pol\u00edcia Militar de Goi\u00e1s comunica o falecimento do Policial Militar Veterano Soldado Atenival Rodrigues de Oliveira, RG 9.776, nascido em 17\/05\/1956.<\/p>\n<p style=\"text-align: justify\">O falecimento ocorreu neste domingo, 02\/06\/2024, no Hospital Santa B\u00e1rbara.<\/p>\n<p style=\"text-align: justify\">O vel\u00f3rio e o sepultamento, em hor\u00e1rio e local a serem definidos, ser\u00e3o realizados na cidade de Dian\u00f3polis, no estado do Tocantins.<\/p>\n<p style=\"text-align: justify\">Fonte de informa\u00e7\u00e3o: CASO<\/p>\n","protected":false},"excerpt":{"rendered":"<p>Com tristeza e imenso pesar, a Pol\u00edcia Militar de Goi\u00e1s comunica o falecimento do Policial Militar Veterano Soldado Atenival Rodrigues de Oliveira, RG 9.776, nascido em 17\/05\/1956. O falecimento ocorreu neste domingo, 02\/06\/2024, no Hospital Santa B\u00e1rbara. O vel\u00f3rio e o sepultamento, em hor\u00e1rio e local a serem definidos, ser\u00e3o realizados na cidade de Dian\u00f3polis, [&hellip;]<\/p>\n","protected":false},"author":79,"featured_media":79038,"comment_status":"closed","ping_status":"closed","sticky":false,"template":"","format":"standard","meta":{"footnotes":""},"categories":[15],"tags":[],"class_list":["post-79037","post","type-post","status-publish","format-standard","has-post-thumbnail","hentry","category-destaques"],"rttpg_featured_image_url":{"full":["https:\/\/goias.gov.br\/policiamilitar\/wp-content\/uploads\/sites\/67\/2024\/06\/nota-de-falecimento-policial-soldado-atenival-rodrigues-de-oliveira.png",1200,642,false],"landscape":["https:\/\/goias.gov.br\/policiamilitar\/wp-content\/uploads\/sites\/67\/2024\/06\/nota-de-falecimento-policial-soldado-atenival-rodrigues-de-oliveira.png",1200,642,false],"portraits":["https:\/\/goias.gov.br\/policiamilitar\/wp-content\/uploads\/sites\/67\/2024\/06\/nota-de-falecimento-policial-soldado-atenival-rodrigues-de-oliveira.png",1200,642,false],"thumbnail":["https:\/\/goias.gov.br\/policiamilitar\/wp-content\/uploads\/sites\/67\/2024\/06\/nota-de-falecimento-policial-soldado-atenival-rodrigues-de-oliveira-400x400.png",150,150,true],"medium":["https:\/\/goias.gov.br\/policiamilitar\/wp-content\/uploads\/sites\/67\/2024\/06\/nota-de-falecimento-policial-soldado-atenival-rodrigues-de-oliveira-800x428.png",300,161,true],"large":["https:\/\/goias.gov.br\/policiamilitar\/wp-content\/uploads\/sites\/67\/2024\/06\/nota-de-falecimento-policial-soldado-atenival-rodrigues-de-oliveira-1080x578.png",1024,548,true],"1536x1536":["https:\/\/goias.gov.br\/policiamilitar\/wp-content\/uploads\/sites\/67\/2024\/06\/nota-de-falecimento-policial-soldado-atenival-rodrigues-de-oliveira.png",1200,642,false],"2048x2048":["https:\/\/goias.gov.br\/policiamilitar\/wp-content\/uploads\/sites\/67\/2024\/06\/nota-de-falecimento-policial-soldado-atenival-rodrigues-de-oliveira.png",1200,642,false]},"rttpg_author":{"display_name":"isabeldias","author_link":"https:\/\/goias.gov.br\/policiamilitar\/author\/isabeldias\/"},"rttpg_comment":0,"rttpg_category":"<a href=\"https:\/\/goias.gov.br\/policiamilitar\/categoria\/noticias\/destaques\/\" rel=\"category tag\">Not\u00edcias em Destaque<\/a>","rttpg_excerpt":"Com tristeza e imenso pesar, a Pol\u00edcia Militar de Goi\u00e1s comunica o falecimento do Policial Militar Veterano Soldado Atenival Rodrigues de Oliveira, RG 9.776, nascido em 17\/05\/1956. O falecimento ocorreu neste domingo, 02\/06\/2024, no Hospital Santa B\u00e1rbara. O vel\u00f3rio e o sepultamento, em hor\u00e1rio e local a serem definidos, ser\u00e3o realizados na cidade de Dian\u00f3polis,&hellip;","_links":{"self":[{"href":"https:\/\/goias.gov.br\/policiamilitar\/wp-json\/wp\/v2\/posts\/79037","targetHints":{"allow":["GET"]}}],"collection":[{"href":"https:\/\/goias.gov.br\/policiamilitar\/wp-json\/wp\/v2\/posts"}],"about":[{"href":"https:\/\/goias.gov.br\/policiamilitar\/wp-json\/wp\/v2\/types\/post"}],"author":[{"embeddable":true,"href":"https:\/\/goias.gov.br\/policiamilitar\/wp-json\/wp\/v2\/users\/79"}],"replies":[{"embeddable":true,"href":"https:\/\/goias.gov.br\/policiamilitar\/wp-json\/wp\/v2\/comments?post=79037"}],"version-history":[{"count":1,"href":"https:\/\/goias.gov.br\/policiamilitar\/wp-json\/wp\/v2\/posts\/79037\/revisions"}],"predecessor-version":[{"id":79039,"href":"https:\/\/goias.gov.br\/policiamilitar\/wp-json\/wp\/v2\/posts\/79037\/revisions\/79039"}],"wp:featuredmedia":[{"embeddable":true,"href":"https:\/\/goias.gov.br\/policiamilitar\/wp-json\/wp\/v2\/media\/79038"}],"wp:attachment":[{"href":"https:\/\/goias.gov.br\/policiamilitar\/wp-json\/wp\/v2\/media?parent=79037"}],"wp:term":[{"taxonomy":"category","embeddable":true,"href":"https:\/\/goias.gov.br\/policiamilitar\/wp-json\/wp\/v2\/categories?post=79037"},{"taxonomy":"post_tag","embeddable":true,"href":"https:\/\/goias.gov.br\/policiamilitar\/wp-json\/wp\/v2\/tags?post=79037"}],"curies":[{"name":"wp","href":"https:\/\/api.w.org\/{rel}","templated":true}]}}