

{"id":78800,"date":"2024-05-27T14:47:42","date_gmt":"2024-05-27T17:47:42","guid":{"rendered":"https:\/\/goias.gov.br\/policiamilitar\/?p=78800"},"modified":"2024-05-27T14:48:06","modified_gmt":"2024-05-27T17:48:06","slug":"78800-2","status":"publish","type":"post","link":"https:\/\/goias.gov.br\/policiamilitar\/78800-2\/","title":{"rendered":"Nota de Falecimento &#8211; Soldado Caio Aleff Alves Pires"},"content":{"rendered":"<p style=\"text-align: justify\">\u00c9 com profundo pesar, comunicamos o falecimento do Soldado Caio Aleff Alves Pires, RG 24.939, nascido em 10\/05\/1994. O falecimento ocorreu hoje, 27\/05\/2024, em Urua\u00e7u-GO.<\/p>\n<p>&nbsp;<\/p>\n<p style=\"text-align: justify\">Informamos que o vel\u00f3rio e sepultamento ainda ser\u00e3o definidos.<\/p>\n<p>&nbsp;<\/p>\n<p style=\"text-align: justify\">Nossos mais sinceros sentimentos aos familiares, amigos e colegas de farda neste momento dif\u00edcil.<\/p>\n<p>&nbsp;<\/p>\n<p>Fonte de informa\u00e7\u00e3o: CASO<\/p>\n","protected":false},"excerpt":{"rendered":"<p>\u00c9 com profundo pesar, comunicamos o falecimento do Soldado Caio Aleff Alves Pires, RG 24.939, nascido em 10\/05\/1994. O falecimento ocorreu hoje, 27\/05\/2024, em Urua\u00e7u-GO. &nbsp; Informamos que o vel\u00f3rio e sepultamento ainda ser\u00e3o definidos. &nbsp; Nossos mais sinceros sentimentos aos familiares, amigos e colegas de farda neste momento dif\u00edcil. &nbsp; Fonte de informa\u00e7\u00e3o: CASO<\/p>\n","protected":false},"author":119,"featured_media":78801,"comment_status":"closed","ping_status":"closed","sticky":false,"template":"","format":"standard","meta":{"footnotes":""},"categories":[15],"tags":[],"class_list":["post-78800","post","type-post","status-publish","format-standard","has-post-thumbnail","hentry","category-destaques"],"rttpg_featured_image_url":{"full":["https:\/\/goias.gov.br\/policiamilitar\/wp-content\/uploads\/sites\/67\/2024\/05\/novo-luto-veterano-site.png",1200,642,false],"landscape":["https:\/\/goias.gov.br\/policiamilitar\/wp-content\/uploads\/sites\/67\/2024\/05\/novo-luto-veterano-site.png",1200,642,false],"portraits":["https:\/\/goias.gov.br\/policiamilitar\/wp-content\/uploads\/sites\/67\/2024\/05\/novo-luto-veterano-site.png",1200,642,false],"thumbnail":["https:\/\/goias.gov.br\/policiamilitar\/wp-content\/uploads\/sites\/67\/2024\/05\/novo-luto-veterano-site-400x400.png",150,150,true],"medium":["https:\/\/goias.gov.br\/policiamilitar\/wp-content\/uploads\/sites\/67\/2024\/05\/novo-luto-veterano-site-800x428.png",300,161,true],"large":["https:\/\/goias.gov.br\/policiamilitar\/wp-content\/uploads\/sites\/67\/2024\/05\/novo-luto-veterano-site-1080x578.png",1024,548,true],"1536x1536":["https:\/\/goias.gov.br\/policiamilitar\/wp-content\/uploads\/sites\/67\/2024\/05\/novo-luto-veterano-site.png",1200,642,false],"2048x2048":["https:\/\/goias.gov.br\/policiamilitar\/wp-content\/uploads\/sites\/67\/2024\/05\/novo-luto-veterano-site.png",1200,642,false]},"rttpg_author":{"display_name":"wivianealves","author_link":"https:\/\/goias.gov.br\/policiamilitar\/author\/wivianealves\/"},"rttpg_comment":0,"rttpg_category":"<a href=\"https:\/\/goias.gov.br\/policiamilitar\/categoria\/noticias\/destaques\/\" rel=\"category tag\">Not\u00edcias em Destaque<\/a>","rttpg_excerpt":"\u00c9 com profundo pesar, comunicamos o falecimento do Soldado Caio Aleff Alves Pires, RG 24.939, nascido em 10\/05\/1994. O falecimento ocorreu hoje, 27\/05\/2024, em Urua\u00e7u-GO. &nbsp; Informamos que o vel\u00f3rio e sepultamento ainda ser\u00e3o definidos. &nbsp; Nossos mais sinceros sentimentos aos familiares, amigos e colegas de farda neste momento dif\u00edcil. &nbsp; Fonte de informa\u00e7\u00e3o: CASO","_links":{"self":[{"href":"https:\/\/goias.gov.br\/policiamilitar\/wp-json\/wp\/v2\/posts\/78800","targetHints":{"allow":["GET"]}}],"collection":[{"href":"https:\/\/goias.gov.br\/policiamilitar\/wp-json\/wp\/v2\/posts"}],"about":[{"href":"https:\/\/goias.gov.br\/policiamilitar\/wp-json\/wp\/v2\/types\/post"}],"author":[{"embeddable":true,"href":"https:\/\/goias.gov.br\/policiamilitar\/wp-json\/wp\/v2\/users\/119"}],"replies":[{"embeddable":true,"href":"https:\/\/goias.gov.br\/policiamilitar\/wp-json\/wp\/v2\/comments?post=78800"}],"version-history":[{"count":2,"href":"https:\/\/goias.gov.br\/policiamilitar\/wp-json\/wp\/v2\/posts\/78800\/revisions"}],"predecessor-version":[{"id":78803,"href":"https:\/\/goias.gov.br\/policiamilitar\/wp-json\/wp\/v2\/posts\/78800\/revisions\/78803"}],"wp:featuredmedia":[{"embeddable":true,"href":"https:\/\/goias.gov.br\/policiamilitar\/wp-json\/wp\/v2\/media\/78801"}],"wp:attachment":[{"href":"https:\/\/goias.gov.br\/policiamilitar\/wp-json\/wp\/v2\/media?parent=78800"}],"wp:term":[{"taxonomy":"category","embeddable":true,"href":"https:\/\/goias.gov.br\/policiamilitar\/wp-json\/wp\/v2\/categories?post=78800"},{"taxonomy":"post_tag","embeddable":true,"href":"https:\/\/goias.gov.br\/policiamilitar\/wp-json\/wp\/v2\/tags?post=78800"}],"curies":[{"name":"wp","href":"https:\/\/api.w.org\/{rel}","templated":true}]}}