

{"id":71416,"date":"2023-10-23T17:07:27","date_gmt":"2023-10-23T20:07:27","guid":{"rendered":"https:\/\/goias.gov.br\/policiamilitar\/?p=71416"},"modified":"2023-10-23T17:07:27","modified_gmt":"2023-10-23T20:07:27","slug":"estado-de-goias-institui-o-termo-veterano-para-militares-da-reserva-remunerada-e-reformados","status":"publish","type":"post","link":"https:\/\/goias.gov.br\/policiamilitar\/estado-de-goias-institui-o-termo-veterano-para-militares-da-reserva-remunerada-e-reformados\/","title":{"rendered":"Estado de Goi\u00e1s institui o termo &#8220;Veterano&#8221; para militares da reserva remunerada e reformados"},"content":{"rendered":"<p style=\"text-align: justify\">De acordo com a Lei n\u00ba 22.329, de 18 de outubro de 2023, o Estado de Goi\u00e1s instituiu o tratamento \u201cVeterano\u201d aos policiais militares, bombeiros militares e militares das For\u00e7as Armadas da reserva remunerada ou reformados.<\/p>\n<p style=\"text-align: justify\">Ficam assegurados ao Veterano a contin\u00eancia, e os sinais de respeito e apre\u00e7o devidos ao militar da ativa.<\/p>\n<p style=\"text-align: justify\">Al\u00e9m disso, os desfiles militares e c\u00edvico-militares poder\u00e3o contar com a participa\u00e7\u00e3o de grupamento de policiais militares ou bombeiros militares veteranos, volunt\u00e1rios, conforme regulamentado pela respectiva corpora\u00e7\u00e3o.<\/p>\n<p style=\"text-align: justify\">Esta iniciativa, al\u00e9m de materializar o reconhecimento pelos relevantes servi\u00e7os prestados em benef\u00edcio da sociedade, refor\u00e7a a valoriza\u00e7\u00e3o dos militares que se encontram na reserva remunerada e reformados.<\/p>\n<p style=\"text-align: justify\">\n<p style=\"text-align: justify\">Aos senhores Veteranos, nossa profunda gratid\u00e3o e contin\u00eancia!<\/p>\n","protected":false},"excerpt":{"rendered":"<p>De acordo com a Lei n\u00ba 22.329, de 18 de outubro de 2023, o Estado de Goi\u00e1s instituiu o tratamento \u201cVeterano\u201d aos policiais militares, bombeiros militares e militares das For\u00e7as Armadas da reserva remunerada ou reformados. Ficam assegurados ao Veterano a contin\u00eancia, e os sinais de respeito e apre\u00e7o devidos ao militar da ativa. Al\u00e9m [&hellip;]<\/p>\n","protected":false},"author":119,"featured_media":71418,"comment_status":"closed","ping_status":"closed","sticky":false,"template":"","format":"standard","meta":{"footnotes":""},"categories":[15],"tags":[],"class_list":["post-71416","post","type-post","status-publish","format-standard","has-post-thumbnail","hentry","category-destaques"],"rttpg_featured_image_url":{"full":["https:\/\/goias.gov.br\/policiamilitar\/wp-content\/uploads\/sites\/67\/2023\/10\/estado-de-goias-institui-o-termo-veterano-para-militares-da-reserva-remunerada-e-reformados-1.jpeg",1200,642,false],"landscape":["https:\/\/goias.gov.br\/policiamilitar\/wp-content\/uploads\/sites\/67\/2023\/10\/estado-de-goias-institui-o-termo-veterano-para-militares-da-reserva-remunerada-e-reformados-1.jpeg",1200,642,false],"portraits":["https:\/\/goias.gov.br\/policiamilitar\/wp-content\/uploads\/sites\/67\/2023\/10\/estado-de-goias-institui-o-termo-veterano-para-militares-da-reserva-remunerada-e-reformados-1.jpeg",1200,642,false],"thumbnail":["https:\/\/goias.gov.br\/policiamilitar\/wp-content\/uploads\/sites\/67\/2023\/10\/estado-de-goias-institui-o-termo-veterano-para-militares-da-reserva-remunerada-e-reformados-1-400x400.jpeg",150,150,true],"medium":["https:\/\/goias.gov.br\/policiamilitar\/wp-content\/uploads\/sites\/67\/2023\/10\/estado-de-goias-institui-o-termo-veterano-para-militares-da-reserva-remunerada-e-reformados-1-800x428.jpeg",300,161,true],"large":["https:\/\/goias.gov.br\/policiamilitar\/wp-content\/uploads\/sites\/67\/2023\/10\/estado-de-goias-institui-o-termo-veterano-para-militares-da-reserva-remunerada-e-reformados-1-1080x578.jpeg",1024,548,true],"1536x1536":["https:\/\/goias.gov.br\/policiamilitar\/wp-content\/uploads\/sites\/67\/2023\/10\/estado-de-goias-institui-o-termo-veterano-para-militares-da-reserva-remunerada-e-reformados-1.jpeg",1200,642,false],"2048x2048":["https:\/\/goias.gov.br\/policiamilitar\/wp-content\/uploads\/sites\/67\/2023\/10\/estado-de-goias-institui-o-termo-veterano-para-militares-da-reserva-remunerada-e-reformados-1.jpeg",1200,642,false]},"rttpg_author":{"display_name":"wivianealves","author_link":"https:\/\/goias.gov.br\/policiamilitar\/author\/wivianealves\/"},"rttpg_comment":0,"rttpg_category":"<a href=\"https:\/\/goias.gov.br\/policiamilitar\/categoria\/noticias\/destaques\/\" rel=\"category tag\">Not\u00edcias em Destaque<\/a>","rttpg_excerpt":"De acordo com a Lei n\u00ba 22.329, de 18 de outubro de 2023, o Estado de Goi\u00e1s instituiu o tratamento \u201cVeterano\u201d aos policiais militares, bombeiros militares e militares das For\u00e7as Armadas da reserva remunerada ou reformados. Ficam assegurados ao Veterano a contin\u00eancia, e os sinais de respeito e apre\u00e7o devidos ao militar da ativa. Al\u00e9m&hellip;","_links":{"self":[{"href":"https:\/\/goias.gov.br\/policiamilitar\/wp-json\/wp\/v2\/posts\/71416","targetHints":{"allow":["GET"]}}],"collection":[{"href":"https:\/\/goias.gov.br\/policiamilitar\/wp-json\/wp\/v2\/posts"}],"about":[{"href":"https:\/\/goias.gov.br\/policiamilitar\/wp-json\/wp\/v2\/types\/post"}],"author":[{"embeddable":true,"href":"https:\/\/goias.gov.br\/policiamilitar\/wp-json\/wp\/v2\/users\/119"}],"replies":[{"embeddable":true,"href":"https:\/\/goias.gov.br\/policiamilitar\/wp-json\/wp\/v2\/comments?post=71416"}],"version-history":[{"count":1,"href":"https:\/\/goias.gov.br\/policiamilitar\/wp-json\/wp\/v2\/posts\/71416\/revisions"}],"predecessor-version":[{"id":71419,"href":"https:\/\/goias.gov.br\/policiamilitar\/wp-json\/wp\/v2\/posts\/71416\/revisions\/71419"}],"wp:featuredmedia":[{"embeddable":true,"href":"https:\/\/goias.gov.br\/policiamilitar\/wp-json\/wp\/v2\/media\/71418"}],"wp:attachment":[{"href":"https:\/\/goias.gov.br\/policiamilitar\/wp-json\/wp\/v2\/media?parent=71416"}],"wp:term":[{"taxonomy":"category","embeddable":true,"href":"https:\/\/goias.gov.br\/policiamilitar\/wp-json\/wp\/v2\/categories?post=71416"},{"taxonomy":"post_tag","embeddable":true,"href":"https:\/\/goias.gov.br\/policiamilitar\/wp-json\/wp\/v2\/tags?post=71416"}],"curies":[{"name":"wp","href":"https:\/\/api.w.org\/{rel}","templated":true}]}}