

{"id":61728,"date":"2023-05-26T17:54:05","date_gmt":"2023-05-26T20:54:05","guid":{"rendered":"https:\/\/goias.gov.br\/policiamilitar\/?p=61728"},"modified":"2023-05-26T17:54:59","modified_gmt":"2023-05-26T20:54:59","slug":"51a-edicao-do-forum-nacional-dos-juizados-especiais-em-florianopolis-sc","status":"publish","type":"post","link":"https:\/\/goias.gov.br\/policiamilitar\/51a-edicao-do-forum-nacional-dos-juizados-especiais-em-florianopolis-sc\/","title":{"rendered":"51\u00aa Edi\u00e7\u00e3o do F\u00f3rum Nacional dos Juizados Especiais em Florian\u00f3polis &#8211; SC"},"content":{"rendered":"<p style=\"text-align: justify\">No dia 25 de maio foi realizada a 51\u00aa edi\u00e7\u00e3o do F\u00f3rum Nacional dos Juizados Especiais, em Florian\u00f3polis.<\/p>\n<p style=\"text-align: justify\">O evento contou com a participa\u00e7\u00e3o do Major PMPR Valter Ribeiro da Silva e Tenente PMGO Nair Bastos de Rezende Godinho no f\u00f3rum de debates sobre o juizado especial criminal.<br \/>\nA Tenente Nair apresentou a pesquisa sobre o Mapeamento da gest\u00e3o do termo circunstanciado de ocorr\u00eancia nas pol\u00edcias militares do Brasil e o Major Valter prop\u00f4s o debate sobre enunciados referentes ao tema, os quais haviam sido debatidos no F\u00f3rum Nacional do Tco &#8211; Fonatco.<\/p>\n<p style=\"text-align: justify\">A participa\u00e7\u00e3o de representantes da Pol\u00edcia Militar nesse Fonaje, conta com o apoio da Federe\u00e7ao Nacional das Entidades de Oficiais Militares Estaduais &#8211; FENEME e Conselho Nacional de Comandantes Gerais &#8211; CNCG e demonstra a preocupa\u00e7\u00e3o com um procedimento de qualidade desde o seu atendimento policial at\u00e9 a resolu\u00e7\u00e3o judicial concretizando uma integra\u00e7\u00e3o eficaz em prol da comunidade.<\/p>\n<p>Pol\u00edcia Militar de Goi\u00e1s: Patrim\u00f4nio dos Goianos!<\/p>\n<p>&nbsp;<\/p>\n<div class=\"post-cats-list\"><\/div>\n","protected":false},"excerpt":{"rendered":"<p>No dia 25 de maio foi realizada a 51\u00aa edi\u00e7\u00e3o do F\u00f3rum Nacional dos Juizados Especiais, em Florian\u00f3polis. O evento contou com a participa\u00e7\u00e3o do Major PMPR Valter Ribeiro da Silva e Tenente PMGO Nair Bastos de Rezende Godinho no f\u00f3rum de debates sobre o juizado especial criminal. A Tenente Nair apresentou a pesquisa sobre [&hellip;]<\/p>\n","protected":false},"author":79,"featured_media":0,"comment_status":"closed","ping_status":"closed","sticky":false,"template":"","format":"standard","meta":{"footnotes":""},"categories":[15],"tags":[],"class_list":["post-61728","post","type-post","status-publish","format-standard","hentry","category-destaques"],"rttpg_featured_image_url":null,"rttpg_author":{"display_name":"isabeldias","author_link":"https:\/\/goias.gov.br\/policiamilitar\/author\/isabeldias\/"},"rttpg_comment":0,"rttpg_category":"<a href=\"https:\/\/goias.gov.br\/policiamilitar\/categoria\/noticias\/destaques\/\" rel=\"category tag\">Not\u00edcias em Destaque<\/a>","rttpg_excerpt":"No dia 25 de maio foi realizada a 51\u00aa edi\u00e7\u00e3o do F\u00f3rum Nacional dos Juizados Especiais, em Florian\u00f3polis. O evento contou com a participa\u00e7\u00e3o do Major PMPR Valter Ribeiro da Silva e Tenente PMGO Nair Bastos de Rezende Godinho no f\u00f3rum de debates sobre o juizado especial criminal. A Tenente Nair apresentou a pesquisa sobre&hellip;","_links":{"self":[{"href":"https:\/\/goias.gov.br\/policiamilitar\/wp-json\/wp\/v2\/posts\/61728","targetHints":{"allow":["GET"]}}],"collection":[{"href":"https:\/\/goias.gov.br\/policiamilitar\/wp-json\/wp\/v2\/posts"}],"about":[{"href":"https:\/\/goias.gov.br\/policiamilitar\/wp-json\/wp\/v2\/types\/post"}],"author":[{"embeddable":true,"href":"https:\/\/goias.gov.br\/policiamilitar\/wp-json\/wp\/v2\/users\/79"}],"replies":[{"embeddable":true,"href":"https:\/\/goias.gov.br\/policiamilitar\/wp-json\/wp\/v2\/comments?post=61728"}],"version-history":[{"count":1,"href":"https:\/\/goias.gov.br\/policiamilitar\/wp-json\/wp\/v2\/posts\/61728\/revisions"}],"predecessor-version":[{"id":61730,"href":"https:\/\/goias.gov.br\/policiamilitar\/wp-json\/wp\/v2\/posts\/61728\/revisions\/61730"}],"wp:attachment":[{"href":"https:\/\/goias.gov.br\/policiamilitar\/wp-json\/wp\/v2\/media?parent=61728"}],"wp:term":[{"taxonomy":"category","embeddable":true,"href":"https:\/\/goias.gov.br\/policiamilitar\/wp-json\/wp\/v2\/categories?post=61728"},{"taxonomy":"post_tag","embeddable":true,"href":"https:\/\/goias.gov.br\/policiamilitar\/wp-json\/wp\/v2\/tags?post=61728"}],"curies":[{"name":"wp","href":"https:\/\/api.w.org\/{rel}","templated":true}]}}