

{"id":46649,"date":"2022-10-10T12:35:48","date_gmt":"2022-10-10T15:35:48","guid":{"rendered":"https:\/\/goias.gov.br\/policiamilitar\/?p=46649"},"modified":"2022-10-13T12:58:26","modified_gmt":"2022-10-13T15:58:26","slug":"dia-das-criancas-no-bpmdivisas","status":"publish","type":"post","link":"https:\/\/goias.gov.br\/policiamilitar\/dia-das-criancas-no-bpmdivisas\/","title":{"rendered":"Dia das crian\u00e7as no BPMDivisas"},"content":{"rendered":"<p style=\"text-align: justify;\">Na manh\u00e3 dessa segunda-feira (10) o Batalh\u00e3o de Divisas comemorou o dia das crian\u00e7as. O evento come\u00e7ou com um delicioso caf\u00e9 da manh\u00e3 aos convidados.<\/p>\n<p style=\"text-align: justify;\">Participaram da festa crian\u00e7as da\u00a0Escola Municipal Virg\u00ednia Gomes Pereira que fica pr\u00f3xima ao batalh\u00e3o, al\u00e9m dos filhos dos militares da unidade. Estiveram presentes tamb\u00e9m, o Comandante de Opera\u00e7\u00f5es do Cerrado, Coronel Marcelo Granja e o Comandante do BPMDivisas, Tenente Coronel Paulo Henrique Ribeiro.<\/p>\n<p><img fetchpriority=\"high\" decoding=\"async\" class=\" wp-image-46652 aligncenter\" src=\"https:\/\/goias.gov.br\/policiamilitar\/wp-content\/uploads\/sites\/67\/2022\/10\/dia-das-criancas-no-bpmdivisas-1-800x533.jpeg\" alt=\"\" width=\"392\" height=\"261\" srcset=\"https:\/\/goias.gov.br\/policiamilitar\/wp-content\/uploads\/sites\/67\/2022\/10\/dia-das-criancas-no-bpmdivisas-1-800x533.jpeg 800w, https:\/\/goias.gov.br\/policiamilitar\/wp-content\/uploads\/sites\/67\/2022\/10\/dia-das-criancas-no-bpmdivisas-1-1080x720.jpeg 1080w, https:\/\/goias.gov.br\/policiamilitar\/wp-content\/uploads\/sites\/67\/2022\/10\/dia-das-criancas-no-bpmdivisas-1-768x512.jpeg 768w, https:\/\/goias.gov.br\/policiamilitar\/wp-content\/uploads\/sites\/67\/2022\/10\/dia-das-criancas-no-bpmdivisas-1-150x100.jpeg 150w, https:\/\/goias.gov.br\/policiamilitar\/wp-content\/uploads\/sites\/67\/2022\/10\/dia-das-criancas-no-bpmdivisas-1-300x200.jpeg 300w, https:\/\/goias.gov.br\/policiamilitar\/wp-content\/uploads\/sites\/67\/2022\/10\/dia-das-criancas-no-bpmdivisas-1-696x464.jpeg 696w, https:\/\/goias.gov.br\/policiamilitar\/wp-content\/uploads\/sites\/67\/2022\/10\/dia-das-criancas-no-bpmdivisas-1-1068x712.jpeg 1068w, https:\/\/goias.gov.br\/policiamilitar\/wp-content\/uploads\/sites\/67\/2022\/10\/dia-das-criancas-no-bpmdivisas-1.jpeg 1280w\" sizes=\"(max-width: 392px) 100vw, 392px\" \/><\/p>\n<p style=\"text-align: justify;\">As crian\u00e7as aproveitaram bastante e ficaram muito felizes com as recrea\u00e7\u00f5es, dentre elas brinquedos infl\u00e1veis, pintura no rosto, passeio de viatura e entrega de camisetas aos ca\u00e7adores mirins.<\/p>\n<p><img decoding=\"async\" class=\" wp-image-46651 aligncenter\" src=\"https:\/\/goias.gov.br\/policiamilitar\/wp-content\/uploads\/sites\/67\/2022\/10\/dia-das-criancas-no-bpmdivisas-800x533.jpeg\" alt=\"\" width=\"402\" height=\"268\" srcset=\"https:\/\/goias.gov.br\/policiamilitar\/wp-content\/uploads\/sites\/67\/2022\/10\/dia-das-criancas-no-bpmdivisas-800x533.jpeg 800w, https:\/\/goias.gov.br\/policiamilitar\/wp-content\/uploads\/sites\/67\/2022\/10\/dia-das-criancas-no-bpmdivisas-1080x720.jpeg 1080w, https:\/\/goias.gov.br\/policiamilitar\/wp-content\/uploads\/sites\/67\/2022\/10\/dia-das-criancas-no-bpmdivisas-768x512.jpeg 768w, https:\/\/goias.gov.br\/policiamilitar\/wp-content\/uploads\/sites\/67\/2022\/10\/dia-das-criancas-no-bpmdivisas-150x100.jpeg 150w, https:\/\/goias.gov.br\/policiamilitar\/wp-content\/uploads\/sites\/67\/2022\/10\/dia-das-criancas-no-bpmdivisas-300x200.jpeg 300w, https:\/\/goias.gov.br\/policiamilitar\/wp-content\/uploads\/sites\/67\/2022\/10\/dia-das-criancas-no-bpmdivisas-696x464.jpeg 696w, https:\/\/goias.gov.br\/policiamilitar\/wp-content\/uploads\/sites\/67\/2022\/10\/dia-das-criancas-no-bpmdivisas-1068x712.jpeg 1068w, https:\/\/goias.gov.br\/policiamilitar\/wp-content\/uploads\/sites\/67\/2022\/10\/dia-das-criancas-no-bpmdivisas.jpeg 1280w\" sizes=\"(max-width: 402px) 100vw, 402px\" \/><\/p>\n<p style=\"text-align: justify;\">Pol\u00edcia Militar de Goi\u00e1s: Patrim\u00f4nio dos Goianos!<\/p>\n","protected":false},"excerpt":{"rendered":"<p>Na manh\u00e3 dessa segunda-feira (10) o Batalh\u00e3o de Divisas comemorou o dia das crian\u00e7as. O evento come\u00e7ou com um delicioso caf\u00e9 da manh\u00e3 aos convidados. Participaram da festa crian\u00e7as da\u00a0Escola Municipal Virg\u00ednia Gomes Pereira que fica pr\u00f3xima ao batalh\u00e3o, al\u00e9m dos filhos dos militares da unidade. Estiveram presentes tamb\u00e9m, o Comandante de Opera\u00e7\u00f5es do Cerrado, [&hellip;]<\/p>\n","protected":false},"author":6,"featured_media":46650,"comment_status":"closed","ping_status":"closed","sticky":false,"template":"","format":"standard","meta":{"footnotes":""},"categories":[1],"tags":[],"class_list":["post-46649","post","type-post","status-publish","format-standard","has-post-thumbnail","hentry","category-noticias"],"rttpg_featured_image_url":{"full":["https:\/\/goias.gov.br\/policiamilitar\/wp-content\/uploads\/sites\/67\/2022\/10\/dia-das-criancas-no-bpmdivisas.png",1200,642,false],"landscape":["https:\/\/goias.gov.br\/policiamilitar\/wp-content\/uploads\/sites\/67\/2022\/10\/dia-das-criancas-no-bpmdivisas.png",1200,642,false],"portraits":["https:\/\/goias.gov.br\/policiamilitar\/wp-content\/uploads\/sites\/67\/2022\/10\/dia-das-criancas-no-bpmdivisas.png",1200,642,false],"thumbnail":["https:\/\/goias.gov.br\/policiamilitar\/wp-content\/uploads\/sites\/67\/2022\/10\/dia-das-criancas-no-bpmdivisas-400x400.png",150,150,true],"medium":["https:\/\/goias.gov.br\/policiamilitar\/wp-content\/uploads\/sites\/67\/2022\/10\/dia-das-criancas-no-bpmdivisas-800x428.png",300,161,true],"large":["https:\/\/goias.gov.br\/policiamilitar\/wp-content\/uploads\/sites\/67\/2022\/10\/dia-das-criancas-no-bpmdivisas-1080x578.png",1024,548,true],"1536x1536":["https:\/\/goias.gov.br\/policiamilitar\/wp-content\/uploads\/sites\/67\/2022\/10\/dia-das-criancas-no-bpmdivisas.png",1200,642,false],"2048x2048":["https:\/\/goias.gov.br\/policiamilitar\/wp-content\/uploads\/sites\/67\/2022\/10\/dia-das-criancas-no-bpmdivisas.png",1200,642,false]},"rttpg_author":{"display_name":"fabriciocarlos","author_link":"https:\/\/goias.gov.br\/policiamilitar\/author\/fabriciocarlos\/"},"rttpg_comment":0,"rttpg_category":"<a href=\"https:\/\/goias.gov.br\/policiamilitar\/categoria\/noticias\/\" rel=\"category tag\">Not\u00edcias<\/a>","rttpg_excerpt":"Na manh\u00e3 dessa segunda-feira (10) o Batalh\u00e3o de Divisas comemorou o dia das crian\u00e7as. O evento come\u00e7ou com um delicioso caf\u00e9 da manh\u00e3 aos convidados. Participaram da festa crian\u00e7as da\u00a0Escola Municipal Virg\u00ednia Gomes Pereira que fica pr\u00f3xima ao batalh\u00e3o, al\u00e9m dos filhos dos militares da unidade. Estiveram presentes tamb\u00e9m, o Comandante de Opera\u00e7\u00f5es do Cerrado,&hellip;","_links":{"self":[{"href":"https:\/\/goias.gov.br\/policiamilitar\/wp-json\/wp\/v2\/posts\/46649","targetHints":{"allow":["GET"]}}],"collection":[{"href":"https:\/\/goias.gov.br\/policiamilitar\/wp-json\/wp\/v2\/posts"}],"about":[{"href":"https:\/\/goias.gov.br\/policiamilitar\/wp-json\/wp\/v2\/types\/post"}],"author":[{"embeddable":true,"href":"https:\/\/goias.gov.br\/policiamilitar\/wp-json\/wp\/v2\/users\/6"}],"replies":[{"embeddable":true,"href":"https:\/\/goias.gov.br\/policiamilitar\/wp-json\/wp\/v2\/comments?post=46649"}],"version-history":[{"count":0,"href":"https:\/\/goias.gov.br\/policiamilitar\/wp-json\/wp\/v2\/posts\/46649\/revisions"}],"wp:featuredmedia":[{"embeddable":true,"href":"https:\/\/goias.gov.br\/policiamilitar\/wp-json\/wp\/v2\/media\/46650"}],"wp:attachment":[{"href":"https:\/\/goias.gov.br\/policiamilitar\/wp-json\/wp\/v2\/media?parent=46649"}],"wp:term":[{"taxonomy":"category","embeddable":true,"href":"https:\/\/goias.gov.br\/policiamilitar\/wp-json\/wp\/v2\/categories?post=46649"},{"taxonomy":"post_tag","embeddable":true,"href":"https:\/\/goias.gov.br\/policiamilitar\/wp-json\/wp\/v2\/tags?post=46649"}],"curies":[{"name":"wp","href":"https:\/\/api.w.org\/{rel}","templated":true}]}}