

{"id":46623,"date":"2022-10-10T10:07:05","date_gmt":"2022-10-10T13:07:05","guid":{"rendered":"https:\/\/goias.gov.br\/policiamilitar\/?p=46623"},"modified":"2022-10-10T10:07:05","modified_gmt":"2022-10-10T13:07:05","slug":"graer-no-combate-ao-estupro-de-vulneravel","status":"publish","type":"post","link":"https:\/\/goias.gov.br\/policiamilitar\/graer-no-combate-ao-estupro-de-vulneravel\/","title":{"rendered":"GRAER no combate ao estupro de vulner\u00e1vel"},"content":{"rendered":"<p style=\"text-align: justify;\">Equipe do GRAER Comando, ap\u00f3s obter informa\u00e7\u00f5es compartilhadas pela Ag\u00eancia Local de Intelig\u00eancia do GRAER (G2), versando sobre um Mandado de Pris\u00e3o pendente de cumprimento em desfavor de autor de estupro de vulner\u00e1vel, fato registrado na cidade de Mara Rosa &#8211; GO, no \u00faltimo dia 04\/09, ap\u00f3s in\u00fameras dilig\u00eancias, localizou e prendeu o autor na cidade de Goianira &#8211; GO, quando ele se escondia na resid\u00eancia de familiares.<\/p>\n<p style=\"text-align: justify;\">O homem foi flagrado pela esposa praticando ato libidinoso com sua enteada de 32 anos, vulner\u00e1vel, portadora de necessidades especiais (n\u00e3o fala e n\u00e3o se locomove).<\/p>\n<p style=\"text-align: justify;\">Pol\u00edcia Militar de Goi\u00e1s: Patrim\u00f4nio dos Goianos!<\/p>\n","protected":false},"excerpt":{"rendered":"<p>Equipe do GRAER Comando, ap\u00f3s obter informa\u00e7\u00f5es compartilhadas pela Ag\u00eancia Local de Intelig\u00eancia do GRAER (G2), versando sobre um Mandado de Pris\u00e3o pendente de cumprimento em desfavor de autor de estupro de vulner\u00e1vel, fato registrado na cidade de Mara Rosa &#8211; GO, no \u00faltimo dia 04\/09, ap\u00f3s in\u00fameras dilig\u00eancias, localizou e prendeu o autor na [&hellip;]<\/p>\n","protected":false},"author":6,"featured_media":7852,"comment_status":"closed","ping_status":"closed","sticky":false,"template":"","format":"standard","meta":{"footnotes":""},"categories":[1],"tags":[],"class_list":["post-46623","post","type-post","status-publish","format-standard","has-post-thumbnail","hentry","category-noticias"],"rttpg_featured_image_url":{"full":["https:\/\/goias.gov.br\/policiamilitar\/wp-content\/uploads\/sites\/67\/2020\/08\/pm-prende-suspeito-de-estupro-na-cidade-de-goianesia.png",514,312,false],"landscape":["https:\/\/goias.gov.br\/policiamilitar\/wp-content\/uploads\/sites\/67\/2020\/08\/pm-prende-suspeito-de-estupro-na-cidade-de-goianesia.png",514,312,false],"portraits":["https:\/\/goias.gov.br\/policiamilitar\/wp-content\/uploads\/sites\/67\/2020\/08\/pm-prende-suspeito-de-estupro-na-cidade-de-goianesia.png",514,312,false],"thumbnail":["https:\/\/goias.gov.br\/policiamilitar\/wp-content\/uploads\/sites\/67\/2020\/08\/pm-prende-suspeito-de-estupro-na-cidade-de-goianesia-400x312.png",150,117,true],"medium":["https:\/\/goias.gov.br\/policiamilitar\/wp-content\/uploads\/sites\/67\/2020\/08\/pm-prende-suspeito-de-estupro-na-cidade-de-goianesia.png",300,182,false],"large":["https:\/\/goias.gov.br\/policiamilitar\/wp-content\/uploads\/sites\/67\/2020\/08\/pm-prende-suspeito-de-estupro-na-cidade-de-goianesia.png",514,312,false],"1536x1536":["https:\/\/goias.gov.br\/policiamilitar\/wp-content\/uploads\/sites\/67\/2020\/08\/pm-prende-suspeito-de-estupro-na-cidade-de-goianesia.png",514,312,false],"2048x2048":["https:\/\/goias.gov.br\/policiamilitar\/wp-content\/uploads\/sites\/67\/2020\/08\/pm-prende-suspeito-de-estupro-na-cidade-de-goianesia.png",514,312,false]},"rttpg_author":{"display_name":"fabriciocarlos","author_link":"https:\/\/goias.gov.br\/policiamilitar\/author\/fabriciocarlos\/"},"rttpg_comment":0,"rttpg_category":"<a href=\"https:\/\/goias.gov.br\/policiamilitar\/categoria\/noticias\/\" rel=\"category tag\">Not\u00edcias<\/a>","rttpg_excerpt":"Equipe do GRAER Comando, ap\u00f3s obter informa\u00e7\u00f5es compartilhadas pela Ag\u00eancia Local de Intelig\u00eancia do GRAER (G2), versando sobre um Mandado de Pris\u00e3o pendente de cumprimento em desfavor de autor de estupro de vulner\u00e1vel, fato registrado na cidade de Mara Rosa &#8211; GO, no \u00faltimo dia 04\/09, ap\u00f3s in\u00fameras dilig\u00eancias, localizou e prendeu o autor na&hellip;","_links":{"self":[{"href":"https:\/\/goias.gov.br\/policiamilitar\/wp-json\/wp\/v2\/posts\/46623","targetHints":{"allow":["GET"]}}],"collection":[{"href":"https:\/\/goias.gov.br\/policiamilitar\/wp-json\/wp\/v2\/posts"}],"about":[{"href":"https:\/\/goias.gov.br\/policiamilitar\/wp-json\/wp\/v2\/types\/post"}],"author":[{"embeddable":true,"href":"https:\/\/goias.gov.br\/policiamilitar\/wp-json\/wp\/v2\/users\/6"}],"replies":[{"embeddable":true,"href":"https:\/\/goias.gov.br\/policiamilitar\/wp-json\/wp\/v2\/comments?post=46623"}],"version-history":[{"count":0,"href":"https:\/\/goias.gov.br\/policiamilitar\/wp-json\/wp\/v2\/posts\/46623\/revisions"}],"wp:featuredmedia":[{"embeddable":true,"href":"https:\/\/goias.gov.br\/policiamilitar\/wp-json\/wp\/v2\/media\/7852"}],"wp:attachment":[{"href":"https:\/\/goias.gov.br\/policiamilitar\/wp-json\/wp\/v2\/media?parent=46623"}],"wp:term":[{"taxonomy":"category","embeddable":true,"href":"https:\/\/goias.gov.br\/policiamilitar\/wp-json\/wp\/v2\/categories?post=46623"},{"taxonomy":"post_tag","embeddable":true,"href":"https:\/\/goias.gov.br\/policiamilitar\/wp-json\/wp\/v2\/tags?post=46623"}],"curies":[{"name":"wp","href":"https:\/\/api.w.org\/{rel}","templated":true}]}}