

{"id":44692,"date":"2022-08-31T18:00:36","date_gmt":"2022-08-31T21:00:36","guid":{"rendered":"https:\/\/goias.gov.br\/policiamilitar\/?p=44692"},"modified":"2022-08-31T18:01:59","modified_gmt":"2022-08-31T21:01:59","slug":"42-bpm-no-combate-ao-crime-de-porte-ilegal-de-arma-de-fogo","status":"publish","type":"post","link":"https:\/\/goias.gov.br\/policiamilitar\/42-bpm-no-combate-ao-crime-de-porte-ilegal-de-arma-de-fogo\/","title":{"rendered":"42\u00b0 BPM no combate ao crime de porte ilegal de arma de fogo"},"content":{"rendered":"<p style=\"text-align: justify\">Na tarde de hoje, 31\/08\/2022, as equipes do T\u00e1tico do 42\u00ba e Batalh\u00e3o Rural, confrontaram com um indiv\u00edduo faccionado de alta periculosidade, autor de um furto de armas de fogo dias atr\u00e1s, na cidade de Acre\u00fana.<\/p>\n<p style=\"text-align: justify\">Foi apreendida uma pistola Taurus TX, calibre 22, produto de furto.<\/p>\n<p style=\"text-align: justify\">\n<p style=\"text-align: justify\">Pol\u00edcia Militar de Goi\u00e1s: Patrim\u00f4nio dos Goianos!<\/p>\n","protected":false},"excerpt":{"rendered":"<p>Na tarde de hoje, 31\/08\/2022, as equipes do T\u00e1tico do 42\u00ba e Batalh\u00e3o Rural, confrontaram com um indiv\u00edduo faccionado de alta periculosidade, autor de um furto de armas de fogo dias atr\u00e1s, na cidade de Acre\u00fana. Foi apreendida uma pistola Taurus TX, calibre 22, produto de furto. Pol\u00edcia Militar de Goi\u00e1s: Patrim\u00f4nio dos Goianos!<\/p>\n","protected":false},"author":6,"featured_media":34642,"comment_status":"closed","ping_status":"closed","sticky":false,"template":"","format":"standard","meta":{"footnotes":""},"categories":[1],"tags":[],"class_list":["post-44692","post","type-post","status-publish","format-standard","has-post-thumbnail","hentry","category-noticias"],"rttpg_featured_image_url":{"full":["https:\/\/goias.gov.br\/policiamilitar\/wp-content\/uploads\/sites\/67\/2022\/03\/homens-sao-presos-em-flagrante-por-tentativa-de-homicidio-por-equipe-do-41-bpm.png",1200,642,false],"landscape":["https:\/\/goias.gov.br\/policiamilitar\/wp-content\/uploads\/sites\/67\/2022\/03\/homens-sao-presos-em-flagrante-por-tentativa-de-homicidio-por-equipe-do-41-bpm.png",1200,642,false],"portraits":["https:\/\/goias.gov.br\/policiamilitar\/wp-content\/uploads\/sites\/67\/2022\/03\/homens-sao-presos-em-flagrante-por-tentativa-de-homicidio-por-equipe-do-41-bpm.png",1200,642,false],"thumbnail":["https:\/\/goias.gov.br\/policiamilitar\/wp-content\/uploads\/sites\/67\/2022\/03\/homens-sao-presos-em-flagrante-por-tentativa-de-homicidio-por-equipe-do-41-bpm-400x400.png",150,150,true],"medium":["https:\/\/goias.gov.br\/policiamilitar\/wp-content\/uploads\/sites\/67\/2022\/03\/homens-sao-presos-em-flagrante-por-tentativa-de-homicidio-por-equipe-do-41-bpm-800x428.png",300,161,true],"large":["https:\/\/goias.gov.br\/policiamilitar\/wp-content\/uploads\/sites\/67\/2022\/03\/homens-sao-presos-em-flagrante-por-tentativa-de-homicidio-por-equipe-do-41-bpm-1080x578.png",1024,548,true],"1536x1536":["https:\/\/goias.gov.br\/policiamilitar\/wp-content\/uploads\/sites\/67\/2022\/03\/homens-sao-presos-em-flagrante-por-tentativa-de-homicidio-por-equipe-do-41-bpm.png",1200,642,false],"2048x2048":["https:\/\/goias.gov.br\/policiamilitar\/wp-content\/uploads\/sites\/67\/2022\/03\/homens-sao-presos-em-flagrante-por-tentativa-de-homicidio-por-equipe-do-41-bpm.png",1200,642,false]},"rttpg_author":{"display_name":"fabriciocarlos","author_link":"https:\/\/goias.gov.br\/policiamilitar\/author\/fabriciocarlos\/"},"rttpg_comment":0,"rttpg_category":"<a href=\"https:\/\/goias.gov.br\/policiamilitar\/categoria\/noticias\/\" rel=\"category tag\">Not\u00edcias<\/a>","rttpg_excerpt":"Na tarde de hoje, 31\/08\/2022, as equipes do T\u00e1tico do 42\u00ba e Batalh\u00e3o Rural, confrontaram com um indiv\u00edduo faccionado de alta periculosidade, autor de um furto de armas de fogo dias atr\u00e1s, na cidade de Acre\u00fana. Foi apreendida uma pistola Taurus TX, calibre 22, produto de furto. Pol\u00edcia Militar de Goi\u00e1s: Patrim\u00f4nio dos Goianos!","_links":{"self":[{"href":"https:\/\/goias.gov.br\/policiamilitar\/wp-json\/wp\/v2\/posts\/44692","targetHints":{"allow":["GET"]}}],"collection":[{"href":"https:\/\/goias.gov.br\/policiamilitar\/wp-json\/wp\/v2\/posts"}],"about":[{"href":"https:\/\/goias.gov.br\/policiamilitar\/wp-json\/wp\/v2\/types\/post"}],"author":[{"embeddable":true,"href":"https:\/\/goias.gov.br\/policiamilitar\/wp-json\/wp\/v2\/users\/6"}],"replies":[{"embeddable":true,"href":"https:\/\/goias.gov.br\/policiamilitar\/wp-json\/wp\/v2\/comments?post=44692"}],"version-history":[{"count":0,"href":"https:\/\/goias.gov.br\/policiamilitar\/wp-json\/wp\/v2\/posts\/44692\/revisions"}],"wp:featuredmedia":[{"embeddable":true,"href":"https:\/\/goias.gov.br\/policiamilitar\/wp-json\/wp\/v2\/media\/34642"}],"wp:attachment":[{"href":"https:\/\/goias.gov.br\/policiamilitar\/wp-json\/wp\/v2\/media?parent=44692"}],"wp:term":[{"taxonomy":"category","embeddable":true,"href":"https:\/\/goias.gov.br\/policiamilitar\/wp-json\/wp\/v2\/categories?post=44692"},{"taxonomy":"post_tag","embeddable":true,"href":"https:\/\/goias.gov.br\/policiamilitar\/wp-json\/wp\/v2\/tags?post=44692"}],"curies":[{"name":"wp","href":"https:\/\/api.w.org\/{rel}","templated":true}]}}