

{"id":34517,"date":"2022-03-17T11:32:00","date_gmt":"2022-03-17T14:32:00","guid":{"rendered":"https:\/\/goias.gov.br\/policiamilitar\/?p=34517"},"modified":"2022-03-17T11:32:00","modified_gmt":"2022-03-17T14:32:00","slug":"rotam-realiza-evento-portoes-abertos","status":"publish","type":"post","link":"https:\/\/goias.gov.br\/policiamilitar\/rotam-realiza-evento-portoes-abertos\/","title":{"rendered":"ROTAM realiza evento Port\u00f5es Abertos"},"content":{"rendered":"<p style=\"text-align: justify\">No dia 18 de mar\u00e7o, \u00e0s 18:00h, ocorrer\u00e1 o primeiro evento &#8220;Port\u00f5es Abertos&#8221; do Batalh\u00e3o de Rondas Ostensivas T\u00e1ticas Metropolitana &#8211; ROTAM.<\/p>\n<p style=\"text-align: justify\">Nesta data a ROTAM estar\u00e1 aberta ao p\u00fablico, como forma de aproximar a popula\u00e7\u00e3o goiana da tropa dos raiados.<\/p>\n<p style=\"text-align: justify\">Essa grande festa contar\u00e1 com apresenta\u00e7\u00e3o de bandas, exposi\u00e7\u00e3o de viaturas e equipamentos utilizados pela unidade, food trucks, dentre outras atra\u00e7\u00f5es para os visitantes. Como ponto alto do evento, ocorrer\u00e1 o lan\u00e7amento do livro &#8220;Contagem Regressiva&#8221;, escrito pelo Ten Cel Edson Melo.<\/p>\n<p style=\"text-align: justify\">A obra aborda a \u00e1rdua jornada empreendida por nove policiais militares rotanzeiros durante a ca\u00e7ada ao serial killer L\u00e1zaro Barbosa. A atua\u00e7\u00e3o desses militares teve repercuss\u00e3o internacional e se traduz em um ponto de orgulho na hist\u00f3ria do Batalh\u00e3o de ROTAM.<\/p>\n<p style=\"text-align: justify\">Pol\u00edcia Militar de Goi\u00e1s: Patrim\u00f4nio dos Goianos!<\/p>\n","protected":false},"excerpt":{"rendered":"<p>No dia 18 de mar\u00e7o, \u00e0s 18:00h, ocorrer\u00e1 o primeiro evento &#8220;Port\u00f5es Abertos&#8221; do Batalh\u00e3o de Rondas Ostensivas T\u00e1ticas Metropolitana &#8211; ROTAM. Nesta data a ROTAM estar\u00e1 aberta ao p\u00fablico, como forma de aproximar a popula\u00e7\u00e3o goiana da tropa dos raiados. Essa grande festa contar\u00e1 com apresenta\u00e7\u00e3o de bandas, exposi\u00e7\u00e3o de viaturas e equipamentos utilizados [&hellip;]<\/p>\n","protected":false},"author":6,"featured_media":34518,"comment_status":"closed","ping_status":"closed","sticky":false,"template":"","format":"standard","meta":{"footnotes":""},"categories":[1,15],"tags":[],"class_list":["post-34517","post","type-post","status-publish","format-standard","has-post-thumbnail","hentry","category-noticias","category-destaques"],"rttpg_featured_image_url":{"full":["https:\/\/goias.gov.br\/policiamilitar\/wp-content\/uploads\/sites\/67\/2022\/03\/photo5015148228693306032-1.jpg",1200,642,false],"landscape":["https:\/\/goias.gov.br\/policiamilitar\/wp-content\/uploads\/sites\/67\/2022\/03\/photo5015148228693306032-1.jpg",1200,642,false],"portraits":["https:\/\/goias.gov.br\/policiamilitar\/wp-content\/uploads\/sites\/67\/2022\/03\/photo5015148228693306032-1.jpg",1200,642,false],"thumbnail":["https:\/\/goias.gov.br\/policiamilitar\/wp-content\/uploads\/sites\/67\/2022\/03\/photo5015148228693306032-1-400x400.jpg",150,150,true],"medium":["https:\/\/goias.gov.br\/policiamilitar\/wp-content\/uploads\/sites\/67\/2022\/03\/photo5015148228693306032-1-800x428.jpg",300,161,true],"large":["https:\/\/goias.gov.br\/policiamilitar\/wp-content\/uploads\/sites\/67\/2022\/03\/photo5015148228693306032-1-1080x578.jpg",1024,548,true],"1536x1536":["https:\/\/goias.gov.br\/policiamilitar\/wp-content\/uploads\/sites\/67\/2022\/03\/photo5015148228693306032-1.jpg",1200,642,false],"2048x2048":["https:\/\/goias.gov.br\/policiamilitar\/wp-content\/uploads\/sites\/67\/2022\/03\/photo5015148228693306032-1.jpg",1200,642,false]},"rttpg_author":{"display_name":"fabriciocarlos","author_link":"https:\/\/goias.gov.br\/policiamilitar\/author\/fabriciocarlos\/"},"rttpg_comment":0,"rttpg_category":"<a href=\"https:\/\/goias.gov.br\/policiamilitar\/categoria\/noticias\/\" rel=\"category tag\">Not\u00edcias<\/a> <a href=\"https:\/\/goias.gov.br\/policiamilitar\/categoria\/noticias\/destaques\/\" rel=\"category tag\">Not\u00edcias em Destaque<\/a>","rttpg_excerpt":"No dia 18 de mar\u00e7o, \u00e0s 18:00h, ocorrer\u00e1 o primeiro evento &#8220;Port\u00f5es Abertos&#8221; do Batalh\u00e3o de Rondas Ostensivas T\u00e1ticas Metropolitana &#8211; ROTAM. Nesta data a ROTAM estar\u00e1 aberta ao p\u00fablico, como forma de aproximar a popula\u00e7\u00e3o goiana da tropa dos raiados. Essa grande festa contar\u00e1 com apresenta\u00e7\u00e3o de bandas, exposi\u00e7\u00e3o de viaturas e equipamentos utilizados&hellip;","_links":{"self":[{"href":"https:\/\/goias.gov.br\/policiamilitar\/wp-json\/wp\/v2\/posts\/34517","targetHints":{"allow":["GET"]}}],"collection":[{"href":"https:\/\/goias.gov.br\/policiamilitar\/wp-json\/wp\/v2\/posts"}],"about":[{"href":"https:\/\/goias.gov.br\/policiamilitar\/wp-json\/wp\/v2\/types\/post"}],"author":[{"embeddable":true,"href":"https:\/\/goias.gov.br\/policiamilitar\/wp-json\/wp\/v2\/users\/6"}],"replies":[{"embeddable":true,"href":"https:\/\/goias.gov.br\/policiamilitar\/wp-json\/wp\/v2\/comments?post=34517"}],"version-history":[{"count":0,"href":"https:\/\/goias.gov.br\/policiamilitar\/wp-json\/wp\/v2\/posts\/34517\/revisions"}],"wp:featuredmedia":[{"embeddable":true,"href":"https:\/\/goias.gov.br\/policiamilitar\/wp-json\/wp\/v2\/media\/34518"}],"wp:attachment":[{"href":"https:\/\/goias.gov.br\/policiamilitar\/wp-json\/wp\/v2\/media?parent=34517"}],"wp:term":[{"taxonomy":"category","embeddable":true,"href":"https:\/\/goias.gov.br\/policiamilitar\/wp-json\/wp\/v2\/categories?post=34517"},{"taxonomy":"post_tag","embeddable":true,"href":"https:\/\/goias.gov.br\/policiamilitar\/wp-json\/wp\/v2\/tags?post=34517"}],"curies":[{"name":"wp","href":"https:\/\/api.w.org\/{rel}","templated":true}]}}