

{"id":34140,"date":"2022-03-12T15:59:40","date_gmt":"2022-03-12T18:59:40","guid":{"rendered":"https:\/\/goias.gov.br\/policiamilitar\/?p=34140"},"modified":"2022-03-12T15:59:40","modified_gmt":"2022-03-12T18:59:40","slug":"13o-bpm-e-bpmchoque-homem-e-preso-por-ameaca-e-porte-ilegal-de-arma-de-fogo","status":"publish","type":"post","link":"https:\/\/goias.gov.br\/policiamilitar\/13o-bpm-e-bpmchoque-homem-e-preso-por-ameaca-e-porte-ilegal-de-arma-de-fogo\/","title":{"rendered":"13\u00ba BPM e BPMChoque: homem \u00e9 preso por amea\u00e7a e porte ilegal de arma de fogo"},"content":{"rendered":"<p style=\"text-align: justify\">Na manh\u00e3 de hoje (12),\u00a0 equipes do 13\u00ba BPM e\u00a0 BPMChoque receberam den\u00fancia de um empres\u00e1rio em que um indiv\u00edduo portando arma de fogo esteve em sua academia, situada no setor Balne\u00e1rio Meia Ponte em Goi\u00e2nia, realizando amea\u00e7as a seus funcion\u00e1rios devido a um desentendimento passado.<\/p>\n<p style=\"text-align: justify\">De posse das imagens e da informa\u00e7\u00e3o que o suspeito evadiu do local em um ve\u00edculo HB20 Sedam, as equipes realizaram dilig\u00eancias que resultaram na localiza\u00e7\u00e3o do suspeito no setor Fonte Nova.<\/p>\n<p style=\"text-align: justify\">Durante abordagem foi localizada no ve\u00edculo do suspeito, HB20 S, uma arma de fogo tipo pistola municiada, utilizada para amea\u00e7ar \u00e0s v\u00edtimas.<\/p>\n<p style=\"text-align: justify\">Foi dada voz de pris\u00e3o para o suspeito que foi conduzido \u00e0 Central Geral de Flagrantes para os procedimentos cab\u00edveis.<\/p>\n<p style=\"text-align: justify\">Pol\u00edcia Militar de Goi\u00e1s: Patrim\u00f4nio dos Goianos!<\/p>\n","protected":false},"excerpt":{"rendered":"<p>Na manh\u00e3 de hoje (12),\u00a0 equipes do 13\u00ba BPM e\u00a0 BPMChoque receberam den\u00fancia de um empres\u00e1rio em que um indiv\u00edduo portando arma de fogo esteve em sua academia, situada no setor Balne\u00e1rio Meia Ponte em Goi\u00e2nia, realizando amea\u00e7as a seus funcion\u00e1rios devido a um desentendimento passado. De posse das imagens e da informa\u00e7\u00e3o que o [&hellip;]<\/p>\n","protected":false},"author":84,"featured_media":34142,"comment_status":"closed","ping_status":"closed","sticky":false,"template":"","format":"standard","meta":{"footnotes":""},"categories":[1],"tags":[],"class_list":["post-34140","post","type-post","status-publish","format-standard","has-post-thumbnail","hentry","category-noticias"],"rttpg_featured_image_url":{"full":["https:\/\/goias.gov.br\/policiamilitar\/wp-content\/uploads\/sites\/67\/2022\/03\/13o-bpm-e-bpmchoque-homem-e-preso-por-ameaca-e-porte-ilegal-de-arma-de-fogo.jpg",1200,642,false],"landscape":["https:\/\/goias.gov.br\/policiamilitar\/wp-content\/uploads\/sites\/67\/2022\/03\/13o-bpm-e-bpmchoque-homem-e-preso-por-ameaca-e-porte-ilegal-de-arma-de-fogo.jpg",1200,642,false],"portraits":["https:\/\/goias.gov.br\/policiamilitar\/wp-content\/uploads\/sites\/67\/2022\/03\/13o-bpm-e-bpmchoque-homem-e-preso-por-ameaca-e-porte-ilegal-de-arma-de-fogo.jpg",1200,642,false],"thumbnail":["https:\/\/goias.gov.br\/policiamilitar\/wp-content\/uploads\/sites\/67\/2022\/03\/13o-bpm-e-bpmchoque-homem-e-preso-por-ameaca-e-porte-ilegal-de-arma-de-fogo-400x400.jpg",150,150,true],"medium":["https:\/\/goias.gov.br\/policiamilitar\/wp-content\/uploads\/sites\/67\/2022\/03\/13o-bpm-e-bpmchoque-homem-e-preso-por-ameaca-e-porte-ilegal-de-arma-de-fogo-800x428.jpg",300,161,true],"large":["https:\/\/goias.gov.br\/policiamilitar\/wp-content\/uploads\/sites\/67\/2022\/03\/13o-bpm-e-bpmchoque-homem-e-preso-por-ameaca-e-porte-ilegal-de-arma-de-fogo-1080x578.jpg",1024,548,true],"1536x1536":["https:\/\/goias.gov.br\/policiamilitar\/wp-content\/uploads\/sites\/67\/2022\/03\/13o-bpm-e-bpmchoque-homem-e-preso-por-ameaca-e-porte-ilegal-de-arma-de-fogo.jpg",1200,642,false],"2048x2048":["https:\/\/goias.gov.br\/policiamilitar\/wp-content\/uploads\/sites\/67\/2022\/03\/13o-bpm-e-bpmchoque-homem-e-preso-por-ameaca-e-porte-ilegal-de-arma-de-fogo.jpg",1200,642,false]},"rttpg_author":{"display_name":"adriano.vieira@goias.gov.br","author_link":"https:\/\/goias.gov.br\/policiamilitar\/author\/adriano-vieiragoias-gov-br\/"},"rttpg_comment":0,"rttpg_category":"<a href=\"https:\/\/goias.gov.br\/policiamilitar\/categoria\/noticias\/\" rel=\"category tag\">Not\u00edcias<\/a>","rttpg_excerpt":"Na manh\u00e3 de hoje (12),\u00a0 equipes do 13\u00ba BPM e\u00a0 BPMChoque receberam den\u00fancia de um empres\u00e1rio em que um indiv\u00edduo portando arma de fogo esteve em sua academia, situada no setor Balne\u00e1rio Meia Ponte em Goi\u00e2nia, realizando amea\u00e7as a seus funcion\u00e1rios devido a um desentendimento passado. De posse das imagens e da informa\u00e7\u00e3o que o&hellip;","_links":{"self":[{"href":"https:\/\/goias.gov.br\/policiamilitar\/wp-json\/wp\/v2\/posts\/34140","targetHints":{"allow":["GET"]}}],"collection":[{"href":"https:\/\/goias.gov.br\/policiamilitar\/wp-json\/wp\/v2\/posts"}],"about":[{"href":"https:\/\/goias.gov.br\/policiamilitar\/wp-json\/wp\/v2\/types\/post"}],"author":[{"embeddable":true,"href":"https:\/\/goias.gov.br\/policiamilitar\/wp-json\/wp\/v2\/users\/84"}],"replies":[{"embeddable":true,"href":"https:\/\/goias.gov.br\/policiamilitar\/wp-json\/wp\/v2\/comments?post=34140"}],"version-history":[{"count":0,"href":"https:\/\/goias.gov.br\/policiamilitar\/wp-json\/wp\/v2\/posts\/34140\/revisions"}],"wp:featuredmedia":[{"embeddable":true,"href":"https:\/\/goias.gov.br\/policiamilitar\/wp-json\/wp\/v2\/media\/34142"}],"wp:attachment":[{"href":"https:\/\/goias.gov.br\/policiamilitar\/wp-json\/wp\/v2\/media?parent=34140"}],"wp:term":[{"taxonomy":"category","embeddable":true,"href":"https:\/\/goias.gov.br\/policiamilitar\/wp-json\/wp\/v2\/categories?post=34140"},{"taxonomy":"post_tag","embeddable":true,"href":"https:\/\/goias.gov.br\/policiamilitar\/wp-json\/wp\/v2\/tags?post=34140"}],"curies":[{"name":"wp","href":"https:\/\/api.w.org\/{rel}","templated":true}]}}