

{"id":34125,"date":"2022-03-12T14:48:32","date_gmt":"2022-03-12T17:48:32","guid":{"rendered":"https:\/\/goias.gov.br\/policiamilitar\/?p=34125"},"modified":"2022-03-12T18:05:52","modified_gmt":"2022-03-12T21:05:52","slug":"38o-bpm-prende-trio-apos-furtar-comercio","status":"publish","type":"post","link":"https:\/\/goias.gov.br\/policiamilitar\/38o-bpm-prende-trio-apos-furtar-comercio\/","title":{"rendered":"38\u00ba BPM prende trio ap\u00f3s furtar com\u00e9rcio"},"content":{"rendered":"<p style=\"text-align: justify\">Na data de ontem (11\/03), equipes do 38\u00ba Batalh\u00e3o, receberam informa\u00e7\u00f5es sobre um furto ocorrido a um estabelecimento comercial, no Setor Fonte Nova em Goi\u00e2nia.<\/p>\n<p style=\"text-align: justify\">De posse das caracter\u00edsticas dos autores, os policiais, ap\u00f3s dilig\u00eancias, constataram que um dos funcion\u00e1rios do estabelecimento estaria envolvido no furto.<\/p>\n<p style=\"text-align: justify\">Posteriormente, as equipes lograram \u00eaxito em localizar e deter os autores, al\u00e9m de recuperarem a quantia de R$ 7.115,00( sete mil e cento e quinze reais).<\/p>\n<p style=\"text-align: justify\">Os tr\u00eas indiv\u00edduos foram encaminhados para \u00e0 Delegacia de pol\u00edcia para os procedimentos cab\u00edveis.<\/p>\n<p style=\"text-align: justify\">Pol\u00edcia Militar de Goi\u00e1s: Patrim\u00f4nio dos Goianos!<\/p>\n<p style=\"text-align: justify\">Fonte: 38\u00ba BPM<\/p>\n","protected":false},"excerpt":{"rendered":"<p>Na data de ontem (11\/03), equipes do 38\u00ba Batalh\u00e3o, receberam informa\u00e7\u00f5es sobre um furto ocorrido a um estabelecimento comercial, no Setor Fonte Nova em Goi\u00e2nia. De posse das caracter\u00edsticas dos autores, os policiais, ap\u00f3s dilig\u00eancias, constataram que um dos funcion\u00e1rios do estabelecimento estaria envolvido no furto. Posteriormente, as equipes lograram \u00eaxito em localizar e deter [&hellip;]<\/p>\n","protected":false},"author":84,"featured_media":34130,"comment_status":"closed","ping_status":"closed","sticky":false,"template":"","format":"standard","meta":{"footnotes":""},"categories":[1,15],"tags":[],"class_list":["post-34125","post","type-post","status-publish","format-standard","has-post-thumbnail","hentry","category-noticias","category-destaques"],"rttpg_featured_image_url":{"full":["https:\/\/goias.gov.br\/policiamilitar\/wp-content\/uploads\/sites\/67\/2022\/03\/38o-bpm-prende-trio-apos-furtar-comercio-e-recupera-r-7-11500-1.jpg",1200,642,false],"landscape":["https:\/\/goias.gov.br\/policiamilitar\/wp-content\/uploads\/sites\/67\/2022\/03\/38o-bpm-prende-trio-apos-furtar-comercio-e-recupera-r-7-11500-1.jpg",1200,642,false],"portraits":["https:\/\/goias.gov.br\/policiamilitar\/wp-content\/uploads\/sites\/67\/2022\/03\/38o-bpm-prende-trio-apos-furtar-comercio-e-recupera-r-7-11500-1.jpg",1200,642,false],"thumbnail":["https:\/\/goias.gov.br\/policiamilitar\/wp-content\/uploads\/sites\/67\/2022\/03\/38o-bpm-prende-trio-apos-furtar-comercio-e-recupera-r-7-11500-1-400x400.jpg",150,150,true],"medium":["https:\/\/goias.gov.br\/policiamilitar\/wp-content\/uploads\/sites\/67\/2022\/03\/38o-bpm-prende-trio-apos-furtar-comercio-e-recupera-r-7-11500-1-800x428.jpg",300,161,true],"large":["https:\/\/goias.gov.br\/policiamilitar\/wp-content\/uploads\/sites\/67\/2022\/03\/38o-bpm-prende-trio-apos-furtar-comercio-e-recupera-r-7-11500-1-1080x578.jpg",1024,548,true],"1536x1536":["https:\/\/goias.gov.br\/policiamilitar\/wp-content\/uploads\/sites\/67\/2022\/03\/38o-bpm-prende-trio-apos-furtar-comercio-e-recupera-r-7-11500-1.jpg",1200,642,false],"2048x2048":["https:\/\/goias.gov.br\/policiamilitar\/wp-content\/uploads\/sites\/67\/2022\/03\/38o-bpm-prende-trio-apos-furtar-comercio-e-recupera-r-7-11500-1.jpg",1200,642,false]},"rttpg_author":{"display_name":"adriano.vieira@goias.gov.br","author_link":"https:\/\/goias.gov.br\/policiamilitar\/author\/adriano-vieiragoias-gov-br\/"},"rttpg_comment":0,"rttpg_category":"<a href=\"https:\/\/goias.gov.br\/policiamilitar\/categoria\/noticias\/\" rel=\"category tag\">Not\u00edcias<\/a> <a href=\"https:\/\/goias.gov.br\/policiamilitar\/categoria\/noticias\/destaques\/\" rel=\"category tag\">Not\u00edcias em Destaque<\/a>","rttpg_excerpt":"Na data de ontem (11\/03), equipes do 38\u00ba Batalh\u00e3o, receberam informa\u00e7\u00f5es sobre um furto ocorrido a um estabelecimento comercial, no Setor Fonte Nova em Goi\u00e2nia. De posse das caracter\u00edsticas dos autores, os policiais, ap\u00f3s dilig\u00eancias, constataram que um dos funcion\u00e1rios do estabelecimento estaria envolvido no furto. Posteriormente, as equipes lograram \u00eaxito em localizar e deter&hellip;","_links":{"self":[{"href":"https:\/\/goias.gov.br\/policiamilitar\/wp-json\/wp\/v2\/posts\/34125","targetHints":{"allow":["GET"]}}],"collection":[{"href":"https:\/\/goias.gov.br\/policiamilitar\/wp-json\/wp\/v2\/posts"}],"about":[{"href":"https:\/\/goias.gov.br\/policiamilitar\/wp-json\/wp\/v2\/types\/post"}],"author":[{"embeddable":true,"href":"https:\/\/goias.gov.br\/policiamilitar\/wp-json\/wp\/v2\/users\/84"}],"replies":[{"embeddable":true,"href":"https:\/\/goias.gov.br\/policiamilitar\/wp-json\/wp\/v2\/comments?post=34125"}],"version-history":[{"count":0,"href":"https:\/\/goias.gov.br\/policiamilitar\/wp-json\/wp\/v2\/posts\/34125\/revisions"}],"wp:featuredmedia":[{"embeddable":true,"href":"https:\/\/goias.gov.br\/policiamilitar\/wp-json\/wp\/v2\/media\/34130"}],"wp:attachment":[{"href":"https:\/\/goias.gov.br\/policiamilitar\/wp-json\/wp\/v2\/media?parent=34125"}],"wp:term":[{"taxonomy":"category","embeddable":true,"href":"https:\/\/goias.gov.br\/policiamilitar\/wp-json\/wp\/v2\/categories?post=34125"},{"taxonomy":"post_tag","embeddable":true,"href":"https:\/\/goias.gov.br\/policiamilitar\/wp-json\/wp\/v2\/tags?post=34125"}],"curies":[{"name":"wp","href":"https:\/\/api.w.org\/{rel}","templated":true}]}}