

{"id":33706,"date":"2022-03-08T08:54:47","date_gmt":"2022-03-08T11:54:47","guid":{"rendered":"https:\/\/goias.gov.br\/policiamilitar\/?p=33706"},"modified":"2022-03-08T08:55:43","modified_gmt":"2022-03-08T11:55:43","slug":"convite-solenidade-de-passagem-de-comando-do-capm","status":"publish","type":"post","link":"https:\/\/goias.gov.br\/policiamilitar\/convite-solenidade-de-passagem-de-comando-do-capm\/","title":{"rendered":"Convite: solenidade de Passagem de Comando do CAPM"},"content":{"rendered":"<p style=\"text-align: justify\">A Pol\u00edcia Militar do Estado de Goi\u00e1s tem a honra de convidar Vossa Senhoria para a Solenidade de Passagem de Comando da Academia da Pol\u00edcia Militar. Na ocasi\u00e3o, o coronel Marco Antonio de Castro Guimar\u00e3es entregar\u00e1 o comando ao coronel Clives Pereira Sanches.<\/p>\n<p style=\"text-align: justify\">Data: 09\/03\/2022<\/p>\n<p style=\"text-align: justify\">Hor\u00e1rio: 08h<\/p>\n<p style=\"text-align: justify\">Local: Comando da Academia de Pol\u00edcia Militar &#8211; Rua 252, 21 &#8211; Setor Leste Universit\u00e1rio, Goi\u00e2nia &#8211; GO<br \/>\n<img fetchpriority=\"high\" decoding=\"async\" class=\"wp-image-33707 aligncenter\" src=\"https:\/\/goias.gov.br\/policiamilitar\/wp-content\/uploads\/sites\/67\/2022\/03\/photo4988253688946600739-800x800.jpg\" alt=\"\" width=\"459\" height=\"459\" srcset=\"https:\/\/goias.gov.br\/policiamilitar\/wp-content\/uploads\/sites\/67\/2022\/03\/photo4988253688946600739-800x800.jpg 800w, https:\/\/goias.gov.br\/policiamilitar\/wp-content\/uploads\/sites\/67\/2022\/03\/photo4988253688946600739.jpg 1080w, https:\/\/goias.gov.br\/policiamilitar\/wp-content\/uploads\/sites\/67\/2022\/03\/photo4988253688946600739-400x400.jpg 400w, https:\/\/goias.gov.br\/policiamilitar\/wp-content\/uploads\/sites\/67\/2022\/03\/photo4988253688946600739-768x768.jpg 768w, https:\/\/goias.gov.br\/policiamilitar\/wp-content\/uploads\/sites\/67\/2022\/03\/photo4988253688946600739-150x150.jpg 150w, https:\/\/goias.gov.br\/policiamilitar\/wp-content\/uploads\/sites\/67\/2022\/03\/photo4988253688946600739-300x300.jpg 300w, https:\/\/goias.gov.br\/policiamilitar\/wp-content\/uploads\/sites\/67\/2022\/03\/photo4988253688946600739-696x696.jpg 696w, https:\/\/goias.gov.br\/policiamilitar\/wp-content\/uploads\/sites\/67\/2022\/03\/photo4988253688946600739-1068x1068.jpg 1068w, https:\/\/goias.gov.br\/policiamilitar\/wp-content\/uploads\/sites\/67\/2022\/03\/photo4988253688946600739-86x86.jpg 86w, https:\/\/goias.gov.br\/policiamilitar\/wp-content\/uploads\/sites\/67\/2022\/03\/photo4988253688946600739-96x96.jpg 96w\" sizes=\"(max-width: 459px) 100vw, 459px\" \/><\/p>\n","protected":false},"excerpt":{"rendered":"<p>A Pol\u00edcia Militar do Estado de Goi\u00e1s tem a honra de convidar Vossa Senhoria para a Solenidade de Passagem de Comando da Academia da Pol\u00edcia Militar. Na ocasi\u00e3o, o coronel Marco Antonio de Castro Guimar\u00e3es entregar\u00e1 o comando ao coronel Clives Pereira Sanches. Data: 09\/03\/2022 Hor\u00e1rio: 08h Local: Comando da Academia de Pol\u00edcia Militar &#8211; [&hellip;]<\/p>\n","protected":false},"author":84,"featured_media":32137,"comment_status":"closed","ping_status":"closed","sticky":false,"template":"","format":"standard","meta":{"footnotes":""},"categories":[1],"tags":[],"class_list":["post-33706","post","type-post","status-publish","format-standard","has-post-thumbnail","hentry","category-noticias"],"rttpg_featured_image_url":{"full":["https:\/\/goias.gov.br\/policiamilitar\/wp-content\/uploads\/sites\/67\/2022\/02\/edital-no-062022-processo-seletivo-de-convocacao-de-militares-da-reserva-remunerada.jpg",696,392,false],"landscape":["https:\/\/goias.gov.br\/policiamilitar\/wp-content\/uploads\/sites\/67\/2022\/02\/edital-no-062022-processo-seletivo-de-convocacao-de-militares-da-reserva-remunerada.jpg",696,392,false],"portraits":["https:\/\/goias.gov.br\/policiamilitar\/wp-content\/uploads\/sites\/67\/2022\/02\/edital-no-062022-processo-seletivo-de-convocacao-de-militares-da-reserva-remunerada.jpg",696,392,false],"thumbnail":["https:\/\/goias.gov.br\/policiamilitar\/wp-content\/uploads\/sites\/67\/2022\/02\/edital-no-062022-processo-seletivo-de-convocacao-de-militares-da-reserva-remunerada-400x392.jpg",150,147,true],"medium":["https:\/\/goias.gov.br\/policiamilitar\/wp-content\/uploads\/sites\/67\/2022\/02\/edital-no-062022-processo-seletivo-de-convocacao-de-militares-da-reserva-remunerada.jpg",300,169,false],"large":["https:\/\/goias.gov.br\/policiamilitar\/wp-content\/uploads\/sites\/67\/2022\/02\/edital-no-062022-processo-seletivo-de-convocacao-de-militares-da-reserva-remunerada.jpg",696,392,false],"1536x1536":["https:\/\/goias.gov.br\/policiamilitar\/wp-content\/uploads\/sites\/67\/2022\/02\/edital-no-062022-processo-seletivo-de-convocacao-de-militares-da-reserva-remunerada.jpg",696,392,false],"2048x2048":["https:\/\/goias.gov.br\/policiamilitar\/wp-content\/uploads\/sites\/67\/2022\/02\/edital-no-062022-processo-seletivo-de-convocacao-de-militares-da-reserva-remunerada.jpg",696,392,false]},"rttpg_author":{"display_name":"adriano.vieira@goias.gov.br","author_link":"https:\/\/goias.gov.br\/policiamilitar\/author\/adriano-vieiragoias-gov-br\/"},"rttpg_comment":0,"rttpg_category":"<a href=\"https:\/\/goias.gov.br\/policiamilitar\/categoria\/noticias\/\" rel=\"category tag\">Not\u00edcias<\/a>","rttpg_excerpt":"A Pol\u00edcia Militar do Estado de Goi\u00e1s tem a honra de convidar Vossa Senhoria para a Solenidade de Passagem de Comando da Academia da Pol\u00edcia Militar. Na ocasi\u00e3o, o coronel Marco Antonio de Castro Guimar\u00e3es entregar\u00e1 o comando ao coronel Clives Pereira Sanches. Data: 09\/03\/2022 Hor\u00e1rio: 08h Local: Comando da Academia de Pol\u00edcia Militar &#8211;&hellip;","_links":{"self":[{"href":"https:\/\/goias.gov.br\/policiamilitar\/wp-json\/wp\/v2\/posts\/33706","targetHints":{"allow":["GET"]}}],"collection":[{"href":"https:\/\/goias.gov.br\/policiamilitar\/wp-json\/wp\/v2\/posts"}],"about":[{"href":"https:\/\/goias.gov.br\/policiamilitar\/wp-json\/wp\/v2\/types\/post"}],"author":[{"embeddable":true,"href":"https:\/\/goias.gov.br\/policiamilitar\/wp-json\/wp\/v2\/users\/84"}],"replies":[{"embeddable":true,"href":"https:\/\/goias.gov.br\/policiamilitar\/wp-json\/wp\/v2\/comments?post=33706"}],"version-history":[{"count":0,"href":"https:\/\/goias.gov.br\/policiamilitar\/wp-json\/wp\/v2\/posts\/33706\/revisions"}],"wp:featuredmedia":[{"embeddable":true,"href":"https:\/\/goias.gov.br\/policiamilitar\/wp-json\/wp\/v2\/media\/32137"}],"wp:attachment":[{"href":"https:\/\/goias.gov.br\/policiamilitar\/wp-json\/wp\/v2\/media?parent=33706"}],"wp:term":[{"taxonomy":"category","embeddable":true,"href":"https:\/\/goias.gov.br\/policiamilitar\/wp-json\/wp\/v2\/categories?post=33706"},{"taxonomy":"post_tag","embeddable":true,"href":"https:\/\/goias.gov.br\/policiamilitar\/wp-json\/wp\/v2\/tags?post=33706"}],"curies":[{"name":"wp","href":"https:\/\/api.w.org\/{rel}","templated":true}]}}